{"id":94986,"date":"2019-10-25T04:57:53","date_gmt":"2019-10-25T07:57:53","guid":{"rendered":"http:\/\/www.eltrabajo.cl\/portal\/?p=94986"},"modified":"2019-10-25T04:57:53","modified_gmt":"2019-10-25T07:57:53","slug":"once-personas-detenidas-por-infringir-el-toque-de-queda-en-san-felipe","status":"publish","type":"post","link":"https:\/\/eltrabajo.cl\/portal\/once-personas-detenidas-por-infringir-el-toque-de-queda-en-san-felipe\/","title":{"rendered":"Once personas detenidas por infringir el toque de queda en San Felipe"},"content":{"rendered":"<p><span style=\"color: #ff0000;\"><strong>Disminuyen hechos de violencia en la provincia:<\/strong><\/span><\/p>\n<p>Carabineros adem\u00e1s detuvo a sujetos por delitos de da\u00f1os, robo frustrado y hurto ocurridos durante la jornada de este mi\u00e9rcoles. Siete imputados fueron formalizados en el Juzgado de Garant\u00eda de San Felipe.<br \/>\nUn total de 18 personas resultaron detenidas por Carabineros por des\u00f3rdenes, da\u00f1os, robo y hurto durante la jornada de este mi\u00e9rcoles en San Felipe, donde se desprende que once de ellos fueron arrestados por infringir el toque de queda impuesto en la regi\u00f3n a partir de las 18:00 horas de ese d\u00eda.<br \/>\nAs\u00ed lo dio a conocer el Gobernador Provincial de San Felipe, Claudio Rodr\u00edguez Cataldo, destacando que dentro de la jornada, las manifestaciones han sido bastante m\u00e1s tranquilas en comparaci\u00f3n a d\u00edas atr\u00e1s, disminuyendo los actos de violencia y saqueos a locales comerciales del centro de la ciudad.<br \/>\n\u00abFue una jornada bastante m\u00e1s tranquila en comparaci\u00f3n a los d\u00edas anteriores, han venido disminuyendo en los distintos actos de violencia y saqueo, lo que esperamos que sea una tendencia para tranquilidad de todos. En este sentido indicar que el d\u00eda de ayer (mi\u00e9rcoles) en comparaci\u00f3n al d\u00eda anterior hubo 28 detenidos, el d\u00eda de ayer (mi\u00e9rcoles) hubo 18, once por toque de queda, uno por des\u00f3rdenes, tres por da\u00f1os, dos por robo frustrado, uno por hurto y de esos dieciocho, siete pasaron a control de detenci\u00f3n\u00bb.<br \/>\nLos actos m\u00e1s relevantes, m\u00e1s masivos y m\u00e1s tranquilos y ordenados fueron los realizados en dicha jornada en la comuna de San Felipe, lo que fue resaltado por la autoridad provincial indicando que la marcha realizada a las 11:00 horas por las calles c\u00e9ntricas de la ciudad, convocada por los funcionarios y gremios de servicios p\u00fablicos, fue \u00abuna actividad que se desarroll\u00f3 en completo orden. Posteriormente a las 15:00 horas se inicia una nueva marcha por el centro, destacar que es una actividad que se desarroll\u00f3 en completo orden y de forma pac\u00edfica\u00bb.<br \/>\nNo obstante el gobernador inform\u00f3 que a eso de las 18:00 horas, grupos encapuchados efectuaron algunos intentos de saqueos provocando da\u00f1os a algunos locales comerciales del centro de la comuna de San Felipe.<br \/>\n\u00abIntentaron saquear la farmacia Ahumada, lo que fue impedido por j\u00f3venes que se encontraban en el lugar (\u2026) en ese momento Carabineros procedi\u00f3 a la detenci\u00f3n de una persona. A las 18:40 horas sujetos encapuchados forzaron la cortina met\u00e1lica de Carnicer\u00edas Venezia, no alcanz\u00e1ndola a saquear; paralelo un grupo de sujeto intenta saquear Carnicer\u00edas Kar, procedi\u00e9ndose a la detenci\u00f3n de una persona, y a una distribuidora de gas licuado Gasco, tambi\u00e9n fue detenida una persona por esa acci\u00f3n\u00bb.<br \/>\nEn otras comunas como Putaendo, Catemu y Llay Llay se registraron diversas manifestaciones pac\u00edficas de los vecinos circulando por las calles, no obstante en Panquehue hubo cortes en la ruta en el sector de La Pirca, con barricadas y fogatas.<br \/>\nCacerolazos y algunas fogatas en villas y poblaciones de la comuna de San Felipe, han sido la t\u00f3nica durante el toque de queda, las que fueron calificadas como incidentes menores.<br \/>\n<strong>Pablo Salinas Sald\u00edas<\/strong><\/p>\n<figure id=\"attachment_94987\" aria-describedby=\"caption-attachment-94987\" style=\"width: 580px\" class=\"wp-caption alignnone\"><img data-recalc-dims=\"1\" loading=\"lazy\" decoding=\"async\" class=\"size-full wp-image-94987\" src=\"https:\/\/i0.wp.com\/www.eltrabajo.cl\/portal\/wp-content\/uploads\/2019\/10\/toque-de-queda-carniceria.jpg?resize=580%2C360\" alt=\"Un intento de saqueo se produjo este mi\u00e9rcoles en la Carnicer\u00eda Venezia ubicada en la esquina de calle Portus con Prat en San Felipe.\" width=\"580\" height=\"360\" srcset=\"https:\/\/i0.wp.com\/eltrabajo.cl\/portal\/wp-content\/uploads\/2019\/10\/toque-de-queda-carniceria.jpg?w=580&amp;ssl=1 580w, https:\/\/i0.wp.com\/eltrabajo.cl\/portal\/wp-content\/uploads\/2019\/10\/toque-de-queda-carniceria.jpg?resize=200%2C124&amp;ssl=1 200w, https:\/\/i0.wp.com\/eltrabajo.cl\/portal\/wp-content\/uploads\/2019\/10\/toque-de-queda-carniceria.jpg?resize=300%2C186&amp;ssl=1 300w, https:\/\/i0.wp.com\/eltrabajo.cl\/portal\/wp-content\/uploads\/2019\/10\/toque-de-queda-carniceria.jpg?resize=242%2C150&amp;ssl=1 242w, https:\/\/i0.wp.com\/eltrabajo.cl\/portal\/wp-content\/uploads\/2019\/10\/toque-de-queda-carniceria.jpg?resize=400%2C248&amp;ssl=1 400w\" sizes=\"auto, (max-width: 580px) 100vw, 580px\" \/><figcaption id=\"caption-attachment-94987\" class=\"wp-caption-text\">Un intento de saqueo se produjo este mi\u00e9rcoles en la Carnicer\u00eda Venezia ubicada en la esquina de calle Portus con Prat en San Felipe.<\/figcaption><\/figure>\n<figure id=\"attachment_94988\" aria-describedby=\"caption-attachment-94988\" style=\"width: 580px\" class=\"wp-caption alignnone\"><img data-recalc-dims=\"1\" loading=\"lazy\" decoding=\"async\" class=\"size-full wp-image-94988\" src=\"https:\/\/i0.wp.com\/www.eltrabajo.cl\/portal\/wp-content\/uploads\/2019\/10\/toque-de-queda-militares.jpg?resize=580%2C360\" alt=\"Durante esta semana la ciudad de San Felipe ha sido custodiada por efectivos militares.\" width=\"580\" height=\"360\" srcset=\"https:\/\/i0.wp.com\/eltrabajo.cl\/portal\/wp-content\/uploads\/2019\/10\/toque-de-queda-militares.jpg?w=580&amp;ssl=1 580w, https:\/\/i0.wp.com\/eltrabajo.cl\/portal\/wp-content\/uploads\/2019\/10\/toque-de-queda-militares.jpg?resize=200%2C124&amp;ssl=1 200w, https:\/\/i0.wp.com\/eltrabajo.cl\/portal\/wp-content\/uploads\/2019\/10\/toque-de-queda-militares.jpg?resize=300%2C186&amp;ssl=1 300w, https:\/\/i0.wp.com\/eltrabajo.cl\/portal\/wp-content\/uploads\/2019\/10\/toque-de-queda-militares.jpg?resize=242%2C150&amp;ssl=1 242w, https:\/\/i0.wp.com\/eltrabajo.cl\/portal\/wp-content\/uploads\/2019\/10\/toque-de-queda-militares.jpg?resize=400%2C248&amp;ssl=1 400w\" sizes=\"auto, (max-width: 580px) 100vw, 580px\" \/><figcaption id=\"caption-attachment-94988\" class=\"wp-caption-text\">Durante esta semana la ciudad de San Felipe ha sido custodiada por efectivos militares.<\/figcaption><\/figure>\n","protected":false},"excerpt":{"rendered":"<p>Disminuyen hechos de violencia en la provincia: Carabineros adem\u00e1s detuvo a sujetos por delitos de da\u00f1os, robo frustrado y hurto ocurridos durante la jornada de este mi\u00e9rcoles. Siete imputados fueron formalizados en&#8230;<\/p>\n","protected":false},"author":482,"featured_media":94988,"comment_status":"open","ping_status":"open","sticky":false,"template":"","format":"standard","meta":{"advanced_seo_description":"","jetpack_seo_html_title":"","jetpack_seo_noindex":false,"_jetpack_memberships_contains_paid_content":false,"footnotes":""},"categories":[21],"tags":[],"class_list":["post-94986","post","type-post","status-publish","format-standard","has-post-thumbnail","hentry","category-policial"],"jetpack_featured_media_url":"https:\/\/i0.wp.com\/eltrabajo.cl\/portal\/wp-content\/uploads\/2019\/10\/toque-de-queda-militares.jpg?fit=580%2C360&ssl=1","jetpack_sharing_enabled":true,"jetpack_likes_enabled":true,"jetpack-related-posts":[],"_links":{"self":[{"href":"https:\/\/eltrabajo.cl\/portal\/wp-json\/wp\/v2\/posts\/94986","targetHints":{"allow":["GET"]}}],"collection":[{"href":"https:\/\/eltrabajo.cl\/portal\/wp-json\/wp\/v2\/posts"}],"about":[{"href":"https:\/\/eltrabajo.cl\/portal\/wp-json\/wp\/v2\/types\/post"}],"author":[{"embeddable":true,"href":"https:\/\/eltrabajo.cl\/portal\/wp-json\/wp\/v2\/users\/482"}],"replies":[{"embeddable":true,"href":"https:\/\/eltrabajo.cl\/portal\/wp-json\/wp\/v2\/comments?post=94986"}],"version-history":[{"count":0,"href":"https:\/\/eltrabajo.cl\/portal\/wp-json\/wp\/v2\/posts\/94986\/revisions"}],"wp:featuredmedia":[{"embeddable":true,"href":"https:\/\/eltrabajo.cl\/portal\/wp-json\/wp\/v2\/media\/94988"}],"wp:attachment":[{"href":"https:\/\/eltrabajo.cl\/portal\/wp-json\/wp\/v2\/media?parent=94986"}],"wp:term":[{"taxonomy":"category","embeddable":true,"href":"https:\/\/eltrabajo.cl\/portal\/wp-json\/wp\/v2\/categories?post=94986"},{"taxonomy":"post_tag","embeddable":true,"href":"https:\/\/eltrabajo.cl\/portal\/wp-json\/wp\/v2\/tags?post=94986"}],"curies":[{"name":"wp","href":"https:\/\/api.w.org\/{rel}","templated":true}]}}