{"id":94990,"date":"2019-10-25T04:59:19","date_gmt":"2019-10-25T07:59:19","guid":{"rendered":"http:\/\/www.eltrabajo.cl\/portal\/?p=94990"},"modified":"2019-10-25T04:59:19","modified_gmt":"2019-10-25T07:59:19","slug":"fallecio-reynard-montejo-lemus-destacado-comentarista-deportivo-y-profesor-normalista-de-la-vieja-escuela","status":"publish","type":"post","link":"https:\/\/eltrabajo.cl\/portal\/fallecio-reynard-montejo-lemus-destacado-comentarista-deportivo-y-profesor-normalista-de-la-vieja-escuela\/","title":{"rendered":"Falleci\u00f3 Reynard Montejo Lemus, destacado comentarista deportivo y Profesor Normalista de la vieja escuela"},"content":{"rendered":"<p>A la edad de 81 a\u00f1os falleci\u00f3 ayer el conocido hombre del deporte, profesor normalista Reynard Montejo Lemus, producto de una fibrosis pulmonar que lo tuvo postrado en cama durante sus \u00faltimos d\u00edas. Sus restos est\u00e1n siendo velados en la Catedral de San Felipe.<br \/>\nSu hijo Reynard Montejo Pineda convers\u00f3 con nuestro medio, destacando su calidad humana, especialmente la vocaci\u00f3n de ense\u00f1ar, aconsejar.<br \/>\n\u00abYo siempre dije que mi pap\u00e1 era un \u2018viejo Jedi\u2019 de la vieja escuela normalista, profesor, una persona de vocaci\u00f3n. Hizo hartas cosas por la Escuela Agr\u00edcola, por San Felipe, por el Un\u00ed Un\u00ed, su famosa Radio Aconcagua; \u00e9l todo los fines de semana, cuando estaba operativo, era puro f\u00fatbol\u2026 puro f\u00fatbol, as\u00ed es que estamos tranquilos como familia. En lo personal muy tranquilo, se hizo todo lo que se ten\u00eda que hacer, lamentablemente la fibrosis pulmonar m\u00e1s el tema del coraz\u00f3n le jug\u00f3 una \u2018malita\u2019 pasada. Mira, se fue tranquilo, pr\u00e1cticamente en el sue\u00f1o, as\u00ed es que eso nos deja una enorme tranquilidad, no sufri\u00f3 lo que nosotros pensamos que iba a sufrir. Ma\u00f1ana (hoy) a las diez de la ma\u00f1ana es la misa ac\u00e1 en la Catedral y despu\u00e9s Auco, all\u00e1 va a quedar enterrado\u00bb, dijo su hijo Reynard.<br \/>\n<strong>&#8211; \u00bfLos \u00faltimos d\u00edas c\u00f3mo fueron, en cama? <\/strong><br \/>\n&#8211; Desde el s\u00e1bado ya se postr\u00f3, el s\u00e1bado ya no pod\u00eda caminar, lo llevamos a mi casa, fue complicada la ida para mi casa, y de ah\u00ed domingo m\u00e1s deteriorado, el lunes igual y el martes ya se complic\u00f3, le costaba respirar, los ex\u00e1menes que le hicieron arroj\u00f3 de todo lo que ten\u00eda una neumon\u00eda, y ya con eso el doctor nos dijo que hab\u00eda que esperar.<br \/>\n<strong>&#8211; \u00bfPero cu\u00e1ndo comienza a decaer?<\/strong><br \/>\n&#8211; Mira mi pap\u00e1 del a\u00f1o pasado, desde que se cay\u00f3 y se fractur\u00f3 la cadera, ah\u00ed se empez\u00f3 a deteriorar. La fibrosis qu\u00edstica la tra\u00eda de hace muchos a\u00f1os, estaba controlada, pero desde el momento que se cay\u00f3 el a\u00f1o pasado, m\u00e1s o menos en esta misma fecha fue, y de ah\u00ed fue mal diagnosticado, fue una fractura, le dijeron que era una micro fractura, pero en realidad despu\u00e9s de un mes que estuvo en cama, otro doctor particular que lo vio dijo: \u00abNo, esto era para una operaci\u00f3n\u00bb, que era m\u00e1s complicado, pero ya no se pod\u00eda hacer nada porque el hueso ya hab\u00eda soldado, entonces de ah\u00ed para adelante se fue deteriorando de a poco, ten\u00eda otros problemas que no quiero hacerlos p\u00fablicos, por un tema de familia, de omitir algunas cosas, pero eso es.<br \/>\n<strong>&#8211; \u00bfQu\u00e9 edad ten\u00eda?<\/strong><br \/>\n&#8211; Ochenta y un a\u00f1os, le faltaron seis d\u00edas para los ochenta y dos, el 29 de octubre los cumpl\u00eda.<br \/>\n<strong>&#8211; \u00bfTen\u00edan un taller G\u00e9nesis?<\/strong><br \/>\n&#8211; Con mi mam\u00e1 ten\u00edan a cargo un taller G\u00e9nesis de ni\u00f1os con capacidades diferentes, que est\u00e1 ah\u00ed en Joaqu\u00edn Oliva 52, y bueno mi mam\u00e1 va a seguir funcionando con eso, no la puedo sacar de ah\u00ed, esa es su vocaci\u00f3n, su vida, su todo, y si la saco de ah\u00ed lo m\u00e1s probable es que vaya ligerito a acompa\u00f1ar a mi pap\u00e1.<br \/>\n<strong>&#8211; \u00bfCu\u00e1l cree usted que debiera ser el recuerdo que debe tener la ciudad de su padre?<\/strong><br \/>\n&#8211; Mira es un hombre especial, ten\u00eda su car\u00e1cter, era muy solidario, especialmente en la Escuela Agr\u00edcola; m\u00e1s que un profesor, era un consejero, sic\u00f3logo, un pa\u00f1o de l\u00e1grimas, en ese sentido yo creo que la ciudad va a tener un bonito recuerdo de mi pap\u00e1. Lo otro que el a\u00f1o pasado tambi\u00e9n, con don Rolando Stevenson hicimos un reconocimiento de su trayectoria en el Hotel Reinares, donde le entregaron la medalla Bicentenaria, entonces eso tambi\u00e9n nos deja tranquilos porque se le pudo rendir un homenaje en vida, \u00e9l qued\u00f3 muy emocionado, estaba muy contento con Rolando por haber gestionado el tema y nosotros haberlo podido desarrollar.<br \/>\n<strong>&#8211; Casado, con hijos, nietos.<\/strong><br \/>\n&#8211; Casado, mi mam\u00e1 Nancy Pineda Garrido, mi hermana Nancy Montejo que es profesora en la Escuela 21 de Mayo, yo Reynard Montejo y mi hermano que falleci\u00f3 hace quince a\u00f1os, y de ah\u00ed vienen mi hijos, nietos, la Catalina que es hija de Cristian, que nos est\u00e1 acompa\u00f1ando tambi\u00e9n, est\u00e1 muy dolida tambi\u00e9n.<br \/>\nReiteramos que hoy a las diez de la ma\u00f1ana la misa ser\u00e1 en la Catedral de San Felipe ubicada en la intersecci\u00f3n de las calles Prat y Coimas.<\/p>\n<figure id=\"attachment_94991\" aria-describedby=\"caption-attachment-94991\" style=\"width: 580px\" class=\"wp-caption alignnone\"><img data-recalc-dims=\"1\" loading=\"lazy\" decoding=\"async\" class=\"size-full wp-image-94991\" src=\"https:\/\/i0.wp.com\/www.eltrabajo.cl\/portal\/wp-content\/uploads\/2019\/10\/Reynard-Montejo-copia.jpg?resize=580%2C522\" alt=\"A los 81 a\u00f1os de edad falleci\u00f3 Reynard Montejo Lemus, destacado hombre de las comunicaciones y Profesor Normalista de San Felipe.\" width=\"580\" height=\"522\" srcset=\"https:\/\/i0.wp.com\/eltrabajo.cl\/portal\/wp-content\/uploads\/2019\/10\/Reynard-Montejo-copia.jpg?w=580&amp;ssl=1 580w, https:\/\/i0.wp.com\/eltrabajo.cl\/portal\/wp-content\/uploads\/2019\/10\/Reynard-Montejo-copia.jpg?resize=167%2C150&amp;ssl=1 167w, https:\/\/i0.wp.com\/eltrabajo.cl\/portal\/wp-content\/uploads\/2019\/10\/Reynard-Montejo-copia.jpg?resize=300%2C270&amp;ssl=1 300w, https:\/\/i0.wp.com\/eltrabajo.cl\/portal\/wp-content\/uploads\/2019\/10\/Reynard-Montejo-copia.jpg?resize=400%2C360&amp;ssl=1 400w\" sizes=\"auto, (max-width: 580px) 100vw, 580px\" \/><figcaption id=\"caption-attachment-94991\" class=\"wp-caption-text\">A los 81 a\u00f1os de edad falleci\u00f3 Reynard Montejo Lemus, destacado hombre de las comunicaciones y Profesor Normalista de San Felipe.<\/figcaption><\/figure>\n","protected":false},"excerpt":{"rendered":"<p>A la edad de 81 a\u00f1os falleci\u00f3 ayer el conocido hombre del deporte, profesor normalista Reynard Montejo Lemus, producto de una fibrosis pulmonar que lo tuvo postrado en cama durante sus \u00faltimos&#8230;<\/p>\n","protected":false},"author":482,"featured_media":94992,"comment_status":"open","ping_status":"open","sticky":false,"template":"","format":"standard","meta":{"advanced_seo_description":"","jetpack_seo_html_title":"","jetpack_seo_noindex":false,"_jetpack_memberships_contains_paid_content":false,"footnotes":""},"categories":[15],"tags":[],"class_list":["post-94990","post","type-post","status-publish","format-standard","has-post-thumbnail","hentry","category-comunidad"],"jetpack_featured_media_url":"https:\/\/i0.wp.com\/eltrabajo.cl\/portal\/wp-content\/uploads\/2019\/10\/Reynard-Montejo.jpg?fit=580%2C359&ssl=1","jetpack_sharing_enabled":true,"jetpack_likes_enabled":true,"jetpack-related-posts":[],"_links":{"self":[{"href":"https:\/\/eltrabajo.cl\/portal\/wp-json\/wp\/v2\/posts\/94990","targetHints":{"allow":["GET"]}}],"collection":[{"href":"https:\/\/eltrabajo.cl\/portal\/wp-json\/wp\/v2\/posts"}],"about":[{"href":"https:\/\/eltrabajo.cl\/portal\/wp-json\/wp\/v2\/types\/post"}],"author":[{"embeddable":true,"href":"https:\/\/eltrabajo.cl\/portal\/wp-json\/wp\/v2\/users\/482"}],"replies":[{"embeddable":true,"href":"https:\/\/eltrabajo.cl\/portal\/wp-json\/wp\/v2\/comments?post=94990"}],"version-history":[{"count":0,"href":"https:\/\/eltrabajo.cl\/portal\/wp-json\/wp\/v2\/posts\/94990\/revisions"}],"wp:featuredmedia":[{"embeddable":true,"href":"https:\/\/eltrabajo.cl\/portal\/wp-json\/wp\/v2\/media\/94992"}],"wp:attachment":[{"href":"https:\/\/eltrabajo.cl\/portal\/wp-json\/wp\/v2\/media?parent=94990"}],"wp:term":[{"taxonomy":"category","embeddable":true,"href":"https:\/\/eltrabajo.cl\/portal\/wp-json\/wp\/v2\/categories?post=94990"},{"taxonomy":"post_tag","embeddable":true,"href":"https:\/\/eltrabajo.cl\/portal\/wp-json\/wp\/v2\/tags?post=94990"}],"curies":[{"name":"wp","href":"https:\/\/api.w.org\/{rel}","templated":true}]}}