{"id":94994,"date":"2019-10-25T05:01:52","date_gmt":"2019-10-25T08:01:52","guid":{"rendered":"http:\/\/www.eltrabajo.cl\/portal\/?p=94994"},"modified":"2019-10-25T05:01:52","modified_gmt":"2019-10-25T08:01:52","slug":"comerciantes-de-calle-prat-esperan-lo-mas-pronto-normalizar-su-horario-de-atencion","status":"publish","type":"post","link":"https:\/\/eltrabajo.cl\/portal\/comerciantes-de-calle-prat-esperan-lo-mas-pronto-normalizar-su-horario-de-atencion\/","title":{"rendered":"Comerciantes de calle Prat esperan lo m\u00e1s pronto normalizar su horario de atenci\u00f3n"},"content":{"rendered":"<p><span style=\"color: #ff0000;\"><strong>P\u00e9rdidas llegan a un 40%:<\/strong><\/span><\/p>\n<p>Un grupo de comerciantes que tiene sus locales en calle Prat, entre Navarro y Traslavi\u00f1a, esperan pronto volver a normalizar sus horarios porque las ventas han llegado a un 40% de lo que vend\u00edan antes que comenzaran las manifestaciones y por ende el toque de queda. Dicen que no est\u00e1n contra las marchas porque son pac\u00edficas, sino que llaman a tener cuidado con las personas que se meten entre medio para delinquir.<br \/>\nHablamos con Tatiana Navarro Villagra, quien es due\u00f1a de una tienda de mascotas, y esto es lo que nos dijo: \u00abLo que pasa es que nosotros tenemos una tienda de mascoter\u00eda y junto a los dem\u00e1s locatarios de la cuadra nos estamos poniendo de acuerdo para poder abrir en horario continuado hasta las tres de la tarde. Durante esta semana han mermado demasiado las ventas y todo eso, entonces estamos tratando de normalizar un poco lo que es el funcionamiento del comercio\u00bb, dijo Tatiana.<br \/>\n<strong>&#8211; \u00bfC\u00f3mo est\u00e1n funcionando hoy en d\u00eda?<\/strong><br \/>\n&#8211; Ayer (mi\u00e9rcoles) estuvimos funcionando hasta las dos de la tarde, hoy d\u00eda (ayer) pretendemos cerrar a las tres y as\u00ed tratar de alargar un poco el horario de cierre.<br \/>\n<strong>&#8211; \u00bfPor qu\u00e9 no lo alargan de inmediato hasta las cinco?<\/strong><br \/>\n&#8211; No porque a las tres generalmente es la citaci\u00f3n de la marcha, bueno a uno le da miedo, o sea nosotros somos un negocio peque\u00f1o que se est\u00e1 iniciando, hay mucha inversi\u00f3n y te da miedo que venga la gente, aquellos que se meten entremedio, intentan robar y que nos saqueen el negocio.<br \/>\n<strong>&#8211; \u00bfUstedes est\u00e1n en la calle por donde bajan manifestantes?<\/strong><br \/>\n&#8211; S\u00ed, nosotros estamos frente de la panader\u00eda Moderna.<br \/>\n<strong>&#8211; Ahora en n\u00fameros, \u00bfc\u00f3mo les ha ido?<\/strong><br \/>\n&#8211; Mal, mal pues, menos un 40% de las ventas, entonces ha bajado mucho, entonces al final uno tiene arriendos, cr\u00e9ditos, acreedores y eso no cambia, lo \u00fanico que cambian son las ventas.<br \/>\n<strong>&#8211; \u00bfC\u00f3mo pretenden realizar esta campa\u00f1a, va ir de a poco normalizando?<\/strong><br \/>\n&#8211; De a poco normalizando, nos estamos organizando con los vecinos, estamos conversando con otras cuadras tambi\u00e9n, para que poco a poco podamos ir sumando horas.<br \/>\n<strong>&#8211; \u00bfQu\u00e9 pasa con el cliente?<\/strong><br \/>\n&#8211; Mira el cliente est\u00e1 desesperado buscando lo que necesita comprar, pero tambi\u00e9n tiene susto, entonces ya hay filas de compras en los negocios mayoristas, pero saben tambi\u00e9n que en la tarde no pueden salir porque corren riesgo, entonces el llamado es a normalizar el horario de comercio, que la gente venga, nos visite y pedir a la gente que hace las marchas que siga haci\u00e9ndolas en forma pac\u00edfica, que no deje que los ladrones se metan entremedio porque siempre van a ser menos y al final los lugares donde roban hay sanfelipe\u00f1os trabajando.<br \/>\n<strong>&#8211; \u00bfEsta campa\u00f1a hasta cu\u00e1ndo es?<\/strong><br \/>\n&#8211; Mira hasta que se normalice, el horario de cierre va a depender del horario de toque de queda, porque tampoco nos vamos a pasar del horario de toque de queda porque es algo que respetar.<br \/>\nCabe recordar que ayer el toque de queda se aplaz\u00f3 en cuatro horas, comenzando a las 22:00 horas.<\/p>\n<figure id=\"attachment_94995\" aria-describedby=\"caption-attachment-94995\" style=\"width: 580px\" class=\"wp-caption alignnone\"><img data-recalc-dims=\"1\" loading=\"lazy\" decoding=\"async\" class=\"size-full wp-image-94995\" src=\"https:\/\/i0.wp.com\/www.eltrabajo.cl\/portal\/wp-content\/uploads\/2019\/10\/Comerciantes.jpg?resize=580%2C359\" alt=\"De izquierda a derecha Jorge Ortiz Lobos de Cendae, Tatiana Navarro Villagra de tienda de mascotas junto Rony Vergara Valenzuela.\" width=\"580\" height=\"359\" srcset=\"https:\/\/i0.wp.com\/eltrabajo.cl\/portal\/wp-content\/uploads\/2019\/10\/Comerciantes.jpg?w=580&amp;ssl=1 580w, https:\/\/i0.wp.com\/eltrabajo.cl\/portal\/wp-content\/uploads\/2019\/10\/Comerciantes.jpg?resize=200%2C124&amp;ssl=1 200w, https:\/\/i0.wp.com\/eltrabajo.cl\/portal\/wp-content\/uploads\/2019\/10\/Comerciantes.jpg?resize=300%2C186&amp;ssl=1 300w, https:\/\/i0.wp.com\/eltrabajo.cl\/portal\/wp-content\/uploads\/2019\/10\/Comerciantes.jpg?resize=242%2C150&amp;ssl=1 242w, https:\/\/i0.wp.com\/eltrabajo.cl\/portal\/wp-content\/uploads\/2019\/10\/Comerciantes.jpg?resize=400%2C248&amp;ssl=1 400w\" sizes=\"auto, (max-width: 580px) 100vw, 580px\" \/><figcaption id=\"caption-attachment-94995\" class=\"wp-caption-text\">De izquierda a derecha Jorge Ortiz Lobos de Cendae, Tatiana Navarro Villagra de tienda de mascotas junto Rony Vergara Valenzuela.<\/figcaption><\/figure>\n<figure id=\"attachment_94996\" aria-describedby=\"caption-attachment-94996\" style=\"width: 580px\" class=\"wp-caption alignnone\"><img data-recalc-dims=\"1\" loading=\"lazy\" decoding=\"async\" class=\"size-full wp-image-94996\" src=\"https:\/\/i0.wp.com\/www.eltrabajo.cl\/portal\/wp-content\/uploads\/2019\/10\/comerciantes-Prat.jpg?resize=580%2C360\" alt=\"Este es el sector de calle Prat donde se ubican los locales de comerciantes que esperan lo antes posible normalizar su horario de atenci\u00f3n.\" width=\"580\" height=\"360\" srcset=\"https:\/\/i0.wp.com\/eltrabajo.cl\/portal\/wp-content\/uploads\/2019\/10\/comerciantes-Prat.jpg?w=580&amp;ssl=1 580w, https:\/\/i0.wp.com\/eltrabajo.cl\/portal\/wp-content\/uploads\/2019\/10\/comerciantes-Prat.jpg?resize=200%2C124&amp;ssl=1 200w, https:\/\/i0.wp.com\/eltrabajo.cl\/portal\/wp-content\/uploads\/2019\/10\/comerciantes-Prat.jpg?resize=300%2C186&amp;ssl=1 300w, https:\/\/i0.wp.com\/eltrabajo.cl\/portal\/wp-content\/uploads\/2019\/10\/comerciantes-Prat.jpg?resize=242%2C150&amp;ssl=1 242w, https:\/\/i0.wp.com\/eltrabajo.cl\/portal\/wp-content\/uploads\/2019\/10\/comerciantes-Prat.jpg?resize=400%2C248&amp;ssl=1 400w\" sizes=\"auto, (max-width: 580px) 100vw, 580px\" \/><figcaption id=\"caption-attachment-94996\" class=\"wp-caption-text\">Este es el sector de calle Prat donde se ubican los locales de comerciantes que esperan lo antes posible normalizar su horario de atenci\u00f3n.<\/figcaption><\/figure>\n","protected":false},"excerpt":{"rendered":"<p>P\u00e9rdidas llegan a un 40%: Un grupo de comerciantes que tiene sus locales en calle Prat, entre Navarro y Traslavi\u00f1a, esperan pronto volver a normalizar sus horarios porque las ventas han llegado&#8230;<\/p>\n","protected":false},"author":482,"featured_media":94995,"comment_status":"open","ping_status":"open","sticky":false,"template":"","format":"standard","meta":{"advanced_seo_description":"","jetpack_seo_html_title":"","jetpack_seo_noindex":false,"_jetpack_memberships_contains_paid_content":false,"footnotes":""},"categories":[15],"tags":[],"class_list":["post-94994","post","type-post","status-publish","format-standard","has-post-thumbnail","hentry","category-comunidad"],"jetpack_featured_media_url":"https:\/\/i0.wp.com\/eltrabajo.cl\/portal\/wp-content\/uploads\/2019\/10\/Comerciantes.jpg?fit=580%2C359&ssl=1","jetpack_sharing_enabled":true,"jetpack_likes_enabled":true,"jetpack-related-posts":[],"_links":{"self":[{"href":"https:\/\/eltrabajo.cl\/portal\/wp-json\/wp\/v2\/posts\/94994","targetHints":{"allow":["GET"]}}],"collection":[{"href":"https:\/\/eltrabajo.cl\/portal\/wp-json\/wp\/v2\/posts"}],"about":[{"href":"https:\/\/eltrabajo.cl\/portal\/wp-json\/wp\/v2\/types\/post"}],"author":[{"embeddable":true,"href":"https:\/\/eltrabajo.cl\/portal\/wp-json\/wp\/v2\/users\/482"}],"replies":[{"embeddable":true,"href":"https:\/\/eltrabajo.cl\/portal\/wp-json\/wp\/v2\/comments?post=94994"}],"version-history":[{"count":0,"href":"https:\/\/eltrabajo.cl\/portal\/wp-json\/wp\/v2\/posts\/94994\/revisions"}],"wp:featuredmedia":[{"embeddable":true,"href":"https:\/\/eltrabajo.cl\/portal\/wp-json\/wp\/v2\/media\/94995"}],"wp:attachment":[{"href":"https:\/\/eltrabajo.cl\/portal\/wp-json\/wp\/v2\/media?parent=94994"}],"wp:term":[{"taxonomy":"category","embeddable":true,"href":"https:\/\/eltrabajo.cl\/portal\/wp-json\/wp\/v2\/categories?post=94994"},{"taxonomy":"post_tag","embeddable":true,"href":"https:\/\/eltrabajo.cl\/portal\/wp-json\/wp\/v2\/tags?post=94994"}],"curies":[{"name":"wp","href":"https:\/\/api.w.org\/{rel}","templated":true}]}}