{"id":94998,"date":"2019-10-25T05:03:37","date_gmt":"2019-10-25T08:03:37","guid":{"rendered":"http:\/\/www.eltrabajo.cl\/portal\/?p=94998"},"modified":"2019-10-25T05:03:37","modified_gmt":"2019-10-25T08:03:37","slug":"madre-denuncia-brutal-paliza-a-su-hijo-por-parte-de-personal-de-carabineros","status":"publish","type":"post","link":"https:\/\/eltrabajo.cl\/portal\/madre-denuncia-brutal-paliza-a-su-hijo-por-parte-de-personal-de-carabineros\/","title":{"rendered":"Madre denuncia brutal paliza a su hijo por parte de personal de Carabineros"},"content":{"rendered":"<p><span style=\"color: #ff0000;\"><strong>A estudiante de la Escuela Industrial por irrespetar toque de queda:<\/strong><\/span><\/p>\n<p>Un grav\u00edsimo incidente en el que un joven estudiante menor de edad (17) de la Escuela Industrial Guillermo Richards Cuevas de San Felipe, habr\u00eda sido agredido por varios carabineros de Los Andes, es el que denunci\u00f3 la madre del menor, do\u00f1a Helga Fuentes a Diario El Trabajo. Nuestro medio logr\u00f3 hablar con la madre del joven, y \u00e9sta relat\u00f3 la versi\u00f3n que ya es viral en algunas redes sociales por Internet.<br \/>\n\u00abMi hijo Joaqu\u00edn andaba en la marcha el d\u00eda lunes en la ma\u00f1ana con uniforme a limpiar la Plaza de Armas, porque \u00e9l hab\u00eda quedado en ayudarle a los caballeros del aseo a ordenar y limpiar la plaza. Despu\u00e9s \u00e9l se fue a la casa de su polola y de ah\u00ed se fue a la marcha. Como a las cinco y media lo llamamos y \u00e9l me dijo que ya se iba para la casa, que estuvi\u00e9ramos tranquilos, y cuando vio que empezaron los desmanes, \u00e9l se vino para la casa. Ven\u00eda caminando, ya eran pasadas las seis, despu\u00e9s del toque de queda, esto pas\u00f3 como a las siete y diez, y \u00e9l iba caminando para la casa por Avenida Santa Teresa donde est\u00e1 el Restaurante Lomo House, en eso \u00e9l siente que viene una patrulla detr\u00e1s; \u00e9l escuch\u00f3: \u2018\u00e9ste viene solo y no hay nadie as\u00ed que aprovechemos de pegarle\u2019, mi hijo escuch\u00f3 eso y quiso correr pero no pudo porque tiene una bubalgia, cuando intent\u00f3 correr se cay\u00f3 y ah\u00ed ellos (los carabineros) le tiraron el furg\u00f3n encima y lo chocaron, lo arrastraron por la tierra, le pegaron, lo tiraron al suelo, lo patearon, lo golpearon con esos palos, la luma policial, mi hijo lo \u00fanico que pudo hacer fue taparse la cara porque llevaba lentes, de sus lentes no tengo idea, \u00e9l no supo donde quedaron sus lentes nada, porque lo \u00fanico que pudo hacer fue taparse su carita\u00bb, dijo la angustiada madre.<br \/>\n<strong>&#8211; \u00bfQu\u00e9 pas\u00f3 despu\u00e9s de este crudo incidente?<\/strong><br \/>\n&#8211; Despu\u00e9s de la paliza creo que se lo llevaron a la comisar\u00eda, all\u00e1 le quitaron todo, no nos avisaron a sus padres, a m\u00ed no me avisaron que el ni\u00f1o estaba detenido, ni siquiera le dijeron \u2018oye detente, \u00bfpor qu\u00e9 andas aqu\u00ed a esta hora siendo que hay toque de queda?\u2019. Estos carabineros llegaron y actuaron como unos animales, en el calabozo se burlaban y se re\u00edan de mi hijo, luego cuando una amiga m\u00eda logr\u00f3 llamarle a su celular, alguien respondi\u00f3 que a mi hijo lo hab\u00edan asaltado y le hab\u00edan sacado la chucha y dejado tirado en la calle, colgaron y apagaron el celular. Hubo un carabinero, de los que los cuidan a ellos en los calabozos, al parecer uno que s\u00ed estaba m\u00e1s consciente de la situaci\u00f3n de los detenidos, me llam\u00f3 y me avis\u00f3 que estaba en la comisar\u00eda, prest\u00f3 su tel\u00e9fono, seg\u00fan me dijo mi hijo.<\/p>\n<p><span style=\"color: #ff0000;\"><strong>HECHO PEBRE<\/strong><\/span><br \/>\nNuestro medio habl\u00f3 tambi\u00e9n con el afectado, \u2018Joaqu\u00edn\u2019, quien nos coment\u00f3 desde su cama, pues sigue reponi\u00e9ndose de la paliza, que \u00abme siento, psicol\u00f3gicamente abatido y con mucha rabia, pero al momento de recordar me pongo a llorar, ya que vuelve en m\u00ed el sentimiento de desesperaci\u00f3n que sent\u00ed, y todo lo que supliqu\u00e9 para que no me pegaran m\u00e1s. F\u00edsicamente me duele todo. Tanto que me llegan a dar espasmos del dolor, y para poder dormir tengo que tomar varios remedios. Lo que pienso es que, lo que me pas\u00f3 a m\u00ed, no ser\u00e1 el final. A varia gente le pas\u00f3 esto, m\u00e1s leve o peor. Y con todos mis pensamientos, sigo pensando en lo de antes, que pese a todo, no hay que rendirse. \u00c9stos son s\u00f3lo otros motivos para seguir en contra de este estado opresor\u00bb, dijo el joven estudiante.<\/p>\n<p><span style=\"color: #ff0000;\"><strong>CARABINEROS RESPONDE<\/strong><\/span><br \/>\nDiario El Trabajo habl\u00f3 este mi\u00e9rcoles con el capit\u00e1n de Carabineros de Los Andes, V\u00edctor Torres, y le pedimos la versi\u00f3n que Carabineros maneja sobre este incidente denunciado, tambi\u00e9n por los dichos de la madre del menor, Helga Fuentes.<br \/>\n\u00abEfectivamente el menor se vio involucrado en un procedimiento policial que adopt\u00f3 personal de la Tercera Comisar\u00eda de Los Andes en subsidio a la labor militar que efect\u00faa personal del Regimiento Yungay de Los Andes. Respecto a la situaci\u00f3n que ustedes como medio de comunicaci\u00f3n me mencionan, dentro del procedimiento policial al menor en comento se le traslad\u00f3 al Servicio de Urgencias del hospital base de la comuna de Los Andes y, conforme a dichas lesiones se confeccion\u00f3 el parte policial, el que fue remitido a la Fiscal\u00eda local de Los Andes conforme las instrucciones que existen respecto de poner hechos que revisten car\u00e1cter de delito al conocimiento del tribunal respectivo, como se hizo en este caso (\u2026) Respecto a la situaci\u00f3n que la madre del menor menciona, este es un hecho que la Fiscal\u00eda est\u00e1 investigando y es la misma que debiera pronunciarse respecto a esa situaci\u00f3n. Carabineros no tiene m\u00e1s antecedentes de lo ocurrido m\u00e1s que lo ocurrido en los insertos en el parte policial, el tema est\u00e1 en proceso investigativo\u00bb, dijo Torres.<\/p>\n<p><span style=\"color: #ff0000;\"><strong>EN INVESTIGACI\u00d3N<\/strong><\/span><br \/>\nAl cierre de nuestra edici\u00f3n, los padres del menor nos confirmaron v\u00eda telef\u00f3nica que en horas de la tarde de ayer jueves, ellos interpusieron formalmente la denuncia de esta supuesta agresi\u00f3n en Fiscal\u00eda de Los Andes, la que ya est\u00e1 investigando los hechos.<\/p>\n<figure id=\"attachment_94999\" aria-describedby=\"caption-attachment-94999\" style=\"width: 580px\" class=\"wp-caption alignnone\"><img data-recalc-dims=\"1\" loading=\"lazy\" decoding=\"async\" class=\"size-full wp-image-94999\" src=\"https:\/\/i0.wp.com\/www.eltrabajo.cl\/portal\/wp-content\/uploads\/2019\/10\/Paliza_Joaquin.jpg?resize=580%2C360\" alt=\"Este joven industrialino pertenece a la Banda Sinf\u00f3nica de Los Andes (Fosila).\" width=\"580\" height=\"360\" srcset=\"https:\/\/i0.wp.com\/eltrabajo.cl\/portal\/wp-content\/uploads\/2019\/10\/Paliza_Joaquin.jpg?w=580&amp;ssl=1 580w, https:\/\/i0.wp.com\/eltrabajo.cl\/portal\/wp-content\/uploads\/2019\/10\/Paliza_Joaquin.jpg?resize=200%2C124&amp;ssl=1 200w, https:\/\/i0.wp.com\/eltrabajo.cl\/portal\/wp-content\/uploads\/2019\/10\/Paliza_Joaquin.jpg?resize=300%2C186&amp;ssl=1 300w, https:\/\/i0.wp.com\/eltrabajo.cl\/portal\/wp-content\/uploads\/2019\/10\/Paliza_Joaquin.jpg?resize=242%2C150&amp;ssl=1 242w, https:\/\/i0.wp.com\/eltrabajo.cl\/portal\/wp-content\/uploads\/2019\/10\/Paliza_Joaquin.jpg?resize=400%2C248&amp;ssl=1 400w\" sizes=\"auto, (max-width: 580px) 100vw, 580px\" \/><figcaption id=\"caption-attachment-94999\" class=\"wp-caption-text\">Este joven industrialino pertenece a la Banda Sinf\u00f3nica de Los Andes (Fosila).<\/figcaption><\/figure>\n<figure id=\"attachment_95000\" aria-describedby=\"caption-attachment-95000\" style=\"width: 579px\" class=\"wp-caption alignnone\"><img data-recalc-dims=\"1\" loading=\"lazy\" decoding=\"async\" class=\"size-full wp-image-95000\" src=\"https:\/\/i0.wp.com\/www.eltrabajo.cl\/portal\/wp-content\/uploads\/2019\/10\/Paliza1.jpg?resize=579%2C343\" alt=\"INVESTIGAN PALIZA.- Estas gr\u00e1ficas fueron tomadas horas despu\u00e9s de ser detenido el joven por los carabineros, la Fiscal\u00eda de Los Andes ya est\u00e1 investigando esta situaci\u00f3n.\" width=\"579\" height=\"343\" srcset=\"https:\/\/i0.wp.com\/eltrabajo.cl\/portal\/wp-content\/uploads\/2019\/10\/Paliza1.jpg?w=579&amp;ssl=1 579w, https:\/\/i0.wp.com\/eltrabajo.cl\/portal\/wp-content\/uploads\/2019\/10\/Paliza1.jpg?resize=200%2C118&amp;ssl=1 200w, https:\/\/i0.wp.com\/eltrabajo.cl\/portal\/wp-content\/uploads\/2019\/10\/Paliza1.jpg?resize=300%2C178&amp;ssl=1 300w, https:\/\/i0.wp.com\/eltrabajo.cl\/portal\/wp-content\/uploads\/2019\/10\/Paliza1.jpg?resize=253%2C150&amp;ssl=1 253w, https:\/\/i0.wp.com\/eltrabajo.cl\/portal\/wp-content\/uploads\/2019\/10\/Paliza1.jpg?resize=400%2C237&amp;ssl=1 400w\" sizes=\"auto, (max-width: 579px) 100vw, 579px\" \/><figcaption id=\"caption-attachment-95000\" class=\"wp-caption-text\">INVESTIGAN PALIZA.- Estas gr\u00e1ficas fueron tomadas horas despu\u00e9s de ser detenido el joven por los carabineros, la Fiscal\u00eda de Los Andes ya est\u00e1 investigando esta situaci\u00f3n.<\/figcaption><\/figure>\n","protected":false},"excerpt":{"rendered":"<p>A estudiante de la Escuela Industrial por irrespetar toque de queda: Un grav\u00edsimo incidente en el que un joven estudiante menor de edad (17) de la Escuela Industrial Guillermo Richards Cuevas de&#8230;<\/p>\n","protected":false},"author":482,"featured_media":94999,"comment_status":"open","ping_status":"open","sticky":false,"template":"","format":"standard","meta":{"advanced_seo_description":"","jetpack_seo_html_title":"","jetpack_seo_noindex":false,"_jetpack_memberships_contains_paid_content":false,"footnotes":""},"categories":[15],"tags":[],"class_list":["post-94998","post","type-post","status-publish","format-standard","has-post-thumbnail","hentry","category-comunidad"],"jetpack_featured_media_url":"https:\/\/i0.wp.com\/eltrabajo.cl\/portal\/wp-content\/uploads\/2019\/10\/Paliza_Joaquin.jpg?fit=580%2C360&ssl=1","jetpack_sharing_enabled":true,"jetpack_likes_enabled":true,"jetpack-related-posts":[],"_links":{"self":[{"href":"https:\/\/eltrabajo.cl\/portal\/wp-json\/wp\/v2\/posts\/94998","targetHints":{"allow":["GET"]}}],"collection":[{"href":"https:\/\/eltrabajo.cl\/portal\/wp-json\/wp\/v2\/posts"}],"about":[{"href":"https:\/\/eltrabajo.cl\/portal\/wp-json\/wp\/v2\/types\/post"}],"author":[{"embeddable":true,"href":"https:\/\/eltrabajo.cl\/portal\/wp-json\/wp\/v2\/users\/482"}],"replies":[{"embeddable":true,"href":"https:\/\/eltrabajo.cl\/portal\/wp-json\/wp\/v2\/comments?post=94998"}],"version-history":[{"count":0,"href":"https:\/\/eltrabajo.cl\/portal\/wp-json\/wp\/v2\/posts\/94998\/revisions"}],"wp:featuredmedia":[{"embeddable":true,"href":"https:\/\/eltrabajo.cl\/portal\/wp-json\/wp\/v2\/media\/94999"}],"wp:attachment":[{"href":"https:\/\/eltrabajo.cl\/portal\/wp-json\/wp\/v2\/media?parent=94998"}],"wp:term":[{"taxonomy":"category","embeddable":true,"href":"https:\/\/eltrabajo.cl\/portal\/wp-json\/wp\/v2\/categories?post=94998"},{"taxonomy":"post_tag","embeddable":true,"href":"https:\/\/eltrabajo.cl\/portal\/wp-json\/wp\/v2\/tags?post=94998"}],"curies":[{"name":"wp","href":"https:\/\/api.w.org\/{rel}","templated":true}]}}