{"id":95008,"date":"2019-10-28T04:03:40","date_gmt":"2019-10-28T07:03:40","guid":{"rendered":"http:\/\/www.eltrabajo.cl\/portal\/?p=95008"},"modified":"2019-10-27T20:22:34","modified_gmt":"2019-10-27T23:22:34","slug":"masivos-cacerolazos-y-marchas-marcaron-pacificamente-el-fin-de-semana","status":"publish","type":"post","link":"https:\/\/eltrabajo.cl\/portal\/masivos-cacerolazos-y-marchas-marcaron-pacificamente-el-fin-de-semana\/","title":{"rendered":"Masivos cacerolazos y marchas marcaron pac\u00edficamente el fin de semana"},"content":{"rendered":"<p>Este fin de semana las protestas en el Valle de Aconcagua se desarrollaron ordenada y pac\u00edficamente en varios puntos de nuestra comuna, ya en esta etapa de plano fueron familias completas las que salieron sin el temor del toque de queda, a participar de las masivas convocatorias tanto al centro de la Plaza de Armas de San Felipe, as\u00ed como a las poblaciones aleda\u00f1as a la ciudad.<br \/>\nLas c\u00e1maras de Diario El Trabajo monitorearon en lo posible cada una de las marchas y cacerolazos, una de ellas inici\u00f3 a las 18:00 horas en la esquina de la cancha de tenis y subi\u00f3 por Miraflores, pasando y uni\u00e9ndose a ella m\u00e1s y m\u00e1s vecinos, conforme pasaban por las poblaciones en su trayecto, doblaron hasta pasar por Tocornal, subieron a Avenida Julio Montero, cientos m\u00e1s se incorporaron y as\u00ed atravesaron todo El Se\u00f1orial, bajando luego por Michimalongo y de ah\u00ed al centro de la ciudad.<\/p>\n<p><span style=\"color: #ff0000;\"><strong>INTERPROVINCIAL<\/strong><\/span><br \/>\nTambi\u00e9n nuestras c\u00e1maras dieron acompa\u00f1amiento a otra marcha, \u00e9sta a\u00fan m\u00e1s grande, pues inici\u00f3 desde el centro de Los Andes y baj\u00f3 por una de las alamedas, bajando por San Rafael y con la mismas din\u00e1mica que otras, en cada boca de pasaje, en cada poblaci\u00f3n decenas de vecinos esperando la marcha para unirse con sus cacerolas, pancartas, silbatos y ruidosos instrumentos.<br \/>\nLa noche cay\u00f3 y las protestas no cesaron, pues la noche del s\u00e1bado ya no hubo toque de queda, lo que signific\u00f3 m\u00e1s espacio horario para manifestarse.<br \/>\nSeg\u00fan la informaci\u00f3n confirmada por la Gobernaci\u00f3n de San Felipe, para tarde-noche de ayer domingo se descart\u00f3 la posibilidad de un nuevo toque de queda, noticia que alegr\u00f3 a muchos, ya que as\u00ed el orden acostumbrado en nuestras vidas quiz\u00e1s pueda ser recobrado.<br \/>\n<strong>Roberto Gonz\u00e1lez Short<\/strong><\/p>\n<figure id=\"attachment_95012\" aria-describedby=\"caption-attachment-95012\" style=\"width: 580px\" class=\"wp-caption alignnone\"><img data-recalc-dims=\"1\" loading=\"lazy\" decoding=\"async\" class=\"size-full wp-image-95012\" src=\"https:\/\/i0.wp.com\/www.eltrabajo.cl\/portal\/wp-content\/uploads\/2019\/10\/marchas4.jpg?resize=580%2C359\" alt=\"SIN TOQUE DE QUEDA.- Aqu\u00ed vemos a m\u00e1s vecinos marchando, esta vez en Villa El Se\u00f1orial y ya en horas de la noche.\" width=\"580\" height=\"359\" srcset=\"https:\/\/i0.wp.com\/eltrabajo.cl\/portal\/wp-content\/uploads\/2019\/10\/marchas4.jpg?w=580&amp;ssl=1 580w, https:\/\/i0.wp.com\/eltrabajo.cl\/portal\/wp-content\/uploads\/2019\/10\/marchas4.jpg?resize=200%2C124&amp;ssl=1 200w, https:\/\/i0.wp.com\/eltrabajo.cl\/portal\/wp-content\/uploads\/2019\/10\/marchas4.jpg?resize=300%2C186&amp;ssl=1 300w, https:\/\/i0.wp.com\/eltrabajo.cl\/portal\/wp-content\/uploads\/2019\/10\/marchas4.jpg?resize=242%2C150&amp;ssl=1 242w, https:\/\/i0.wp.com\/eltrabajo.cl\/portal\/wp-content\/uploads\/2019\/10\/marchas4.jpg?resize=400%2C248&amp;ssl=1 400w\" sizes=\"auto, (max-width: 580px) 100vw, 580px\" \/><figcaption id=\"caption-attachment-95012\" class=\"wp-caption-text\">SIN TOQUE DE QUEDA.- Aqu\u00ed vemos a m\u00e1s vecinos marchando, esta vez en Villa El Se\u00f1orial y ya en horas de la noche.<\/figcaption><\/figure>\n<figure id=\"attachment_95013\" aria-describedby=\"caption-attachment-95013\" style=\"width: 580px\" class=\"wp-caption alignnone\"><img data-recalc-dims=\"1\" loading=\"lazy\" decoding=\"async\" class=\"size-full wp-image-95013\" src=\"https:\/\/i0.wp.com\/www.eltrabajo.cl\/portal\/wp-content\/uploads\/2019\/10\/marchas5.jpg?resize=580%2C360\" alt=\"MARCHA NOCTURNA.- No hubo cansancio, cada uno de estos vecinos se sinti\u00f3 comprometido a marchar pac\u00edficamente por las calles de nuestra comuna.\" width=\"580\" height=\"360\" srcset=\"https:\/\/i0.wp.com\/eltrabajo.cl\/portal\/wp-content\/uploads\/2019\/10\/marchas5.jpg?w=580&amp;ssl=1 580w, https:\/\/i0.wp.com\/eltrabajo.cl\/portal\/wp-content\/uploads\/2019\/10\/marchas5.jpg?resize=200%2C124&amp;ssl=1 200w, https:\/\/i0.wp.com\/eltrabajo.cl\/portal\/wp-content\/uploads\/2019\/10\/marchas5.jpg?resize=300%2C186&amp;ssl=1 300w, https:\/\/i0.wp.com\/eltrabajo.cl\/portal\/wp-content\/uploads\/2019\/10\/marchas5.jpg?resize=242%2C150&amp;ssl=1 242w, https:\/\/i0.wp.com\/eltrabajo.cl\/portal\/wp-content\/uploads\/2019\/10\/marchas5.jpg?resize=400%2C248&amp;ssl=1 400w\" sizes=\"auto, (max-width: 580px) 100vw, 580px\" \/><figcaption id=\"caption-attachment-95013\" class=\"wp-caption-text\">MARCHA NOCTURNA.- No hubo cansancio, cada uno de estos vecinos se sinti\u00f3 comprometido a marchar pac\u00edficamente por las calles de nuestra comuna.<\/figcaption><\/figure>\n<figure id=\"attachment_95011\" aria-describedby=\"caption-attachment-95011\" style=\"width: 580px\" class=\"wp-caption alignnone\"><img data-recalc-dims=\"1\" loading=\"lazy\" decoding=\"async\" class=\"size-full wp-image-95011\" src=\"https:\/\/i0.wp.com\/www.eltrabajo.cl\/portal\/wp-content\/uploads\/2019\/10\/marchas3.jpg?resize=580%2C359\" alt=\"ESPERANDO A LOS MARCHANTES.- En Curim\u00f3n estos vecinos esperaron a que llegaran los dem\u00e1s marchantes para unirse a la jornada de protestas.\" width=\"580\" height=\"359\" srcset=\"https:\/\/i0.wp.com\/eltrabajo.cl\/portal\/wp-content\/uploads\/2019\/10\/marchas3.jpg?w=580&amp;ssl=1 580w, https:\/\/i0.wp.com\/eltrabajo.cl\/portal\/wp-content\/uploads\/2019\/10\/marchas3.jpg?resize=200%2C124&amp;ssl=1 200w, https:\/\/i0.wp.com\/eltrabajo.cl\/portal\/wp-content\/uploads\/2019\/10\/marchas3.jpg?resize=300%2C186&amp;ssl=1 300w, https:\/\/i0.wp.com\/eltrabajo.cl\/portal\/wp-content\/uploads\/2019\/10\/marchas3.jpg?resize=242%2C150&amp;ssl=1 242w, https:\/\/i0.wp.com\/eltrabajo.cl\/portal\/wp-content\/uploads\/2019\/10\/marchas3.jpg?resize=400%2C248&amp;ssl=1 400w\" sizes=\"auto, (max-width: 580px) 100vw, 580px\" \/><figcaption id=\"caption-attachment-95011\" class=\"wp-caption-text\">ESPERANDO A LOS MARCHANTES.- En Curim\u00f3n estos vecinos esperaron a que llegaran los dem\u00e1s marchantes para unirse a la jornada de protestas.<\/figcaption><\/figure>\n<figure id=\"attachment_95009\" aria-describedby=\"caption-attachment-95009\" style=\"width: 580px\" class=\"wp-caption alignnone\"><img data-recalc-dims=\"1\" loading=\"lazy\" decoding=\"async\" class=\"size-full wp-image-95009\" src=\"https:\/\/i0.wp.com\/www.eltrabajo.cl\/portal\/wp-content\/uploads\/2019\/10\/marchas1.jpg?resize=580%2C360\" alt=\"\u2018MES\u00cdAS\u2019 EN PROTESTAS.- Este personaje universal tambi\u00e9n decidi\u00f3 unirse a los masivos actos de descontento, aqu\u00ed lo vemos bajando de Los Andes a Curim\u00f3n.\" width=\"580\" height=\"360\" srcset=\"https:\/\/i0.wp.com\/eltrabajo.cl\/portal\/wp-content\/uploads\/2019\/10\/marchas1.jpg?w=580&amp;ssl=1 580w, https:\/\/i0.wp.com\/eltrabajo.cl\/portal\/wp-content\/uploads\/2019\/10\/marchas1.jpg?resize=200%2C124&amp;ssl=1 200w, https:\/\/i0.wp.com\/eltrabajo.cl\/portal\/wp-content\/uploads\/2019\/10\/marchas1.jpg?resize=300%2C186&amp;ssl=1 300w, https:\/\/i0.wp.com\/eltrabajo.cl\/portal\/wp-content\/uploads\/2019\/10\/marchas1.jpg?resize=242%2C150&amp;ssl=1 242w, https:\/\/i0.wp.com\/eltrabajo.cl\/portal\/wp-content\/uploads\/2019\/10\/marchas1.jpg?resize=400%2C248&amp;ssl=1 400w\" sizes=\"auto, (max-width: 580px) 100vw, 580px\" \/><figcaption id=\"caption-attachment-95009\" class=\"wp-caption-text\">\u2018MES\u00cdAS\u2019 EN PROTESTAS.- Este personaje universal tambi\u00e9n decidi\u00f3 unirse a los masivos actos de descontento, aqu\u00ed lo vemos bajando de Los Andes a Curim\u00f3n.<\/figcaption><\/figure>\n<figure id=\"attachment_95010\" aria-describedby=\"caption-attachment-95010\" style=\"width: 579px\" class=\"wp-caption alignnone\"><img data-recalc-dims=\"1\" loading=\"lazy\" decoding=\"async\" class=\"size-full wp-image-95010\" src=\"https:\/\/i0.wp.com\/www.eltrabajo.cl\/portal\/wp-content\/uploads\/2019\/10\/marchas2.jpg?resize=579%2C810\" alt=\"SIN L\u00cdMITES.- Esta joven en San Felipe y desde su silla de ruedas tom\u00f3 valor para expresar tambi\u00e9n lo que siente.\" width=\"579\" height=\"810\" srcset=\"https:\/\/i0.wp.com\/eltrabajo.cl\/portal\/wp-content\/uploads\/2019\/10\/marchas2.jpg?w=579&amp;ssl=1 579w, https:\/\/i0.wp.com\/eltrabajo.cl\/portal\/wp-content\/uploads\/2019\/10\/marchas2.jpg?resize=107%2C150&amp;ssl=1 107w, https:\/\/i0.wp.com\/eltrabajo.cl\/portal\/wp-content\/uploads\/2019\/10\/marchas2.jpg?resize=214%2C300&amp;ssl=1 214w, https:\/\/i0.wp.com\/eltrabajo.cl\/portal\/wp-content\/uploads\/2019\/10\/marchas2.jpg?resize=400%2C560&amp;ssl=1 400w\" sizes=\"auto, (max-width: 579px) 100vw, 579px\" \/><figcaption id=\"caption-attachment-95010\" class=\"wp-caption-text\">SIN L\u00cdMITES.- Esta joven en San Felipe y desde su silla de ruedas tom\u00f3 valor para expresar tambi\u00e9n lo que siente.<\/figcaption><\/figure>\n","protected":false},"excerpt":{"rendered":"<p>Este fin de semana las protestas en el Valle de Aconcagua se desarrollaron ordenada y pac\u00edficamente en varios puntos de nuestra comuna, ya en esta etapa de plano fueron familias completas las&#8230;<\/p>\n","protected":false},"author":482,"featured_media":95013,"comment_status":"open","ping_status":"open","sticky":false,"template":"","format":"standard","meta":{"advanced_seo_description":"","jetpack_seo_html_title":"","jetpack_seo_noindex":false,"_jetpack_memberships_contains_paid_content":false,"footnotes":""},"categories":[15],"tags":[],"class_list":["post-95008","post","type-post","status-publish","format-standard","has-post-thumbnail","hentry","category-comunidad"],"jetpack_featured_media_url":"https:\/\/i0.wp.com\/eltrabajo.cl\/portal\/wp-content\/uploads\/2019\/10\/marchas5.jpg?fit=580%2C360&ssl=1","jetpack_sharing_enabled":true,"jetpack_likes_enabled":true,"jetpack-related-posts":[],"_links":{"self":[{"href":"https:\/\/eltrabajo.cl\/portal\/wp-json\/wp\/v2\/posts\/95008","targetHints":{"allow":["GET"]}}],"collection":[{"href":"https:\/\/eltrabajo.cl\/portal\/wp-json\/wp\/v2\/posts"}],"about":[{"href":"https:\/\/eltrabajo.cl\/portal\/wp-json\/wp\/v2\/types\/post"}],"author":[{"embeddable":true,"href":"https:\/\/eltrabajo.cl\/portal\/wp-json\/wp\/v2\/users\/482"}],"replies":[{"embeddable":true,"href":"https:\/\/eltrabajo.cl\/portal\/wp-json\/wp\/v2\/comments?post=95008"}],"version-history":[{"count":0,"href":"https:\/\/eltrabajo.cl\/portal\/wp-json\/wp\/v2\/posts\/95008\/revisions"}],"wp:featuredmedia":[{"embeddable":true,"href":"https:\/\/eltrabajo.cl\/portal\/wp-json\/wp\/v2\/media\/95013"}],"wp:attachment":[{"href":"https:\/\/eltrabajo.cl\/portal\/wp-json\/wp\/v2\/media?parent=95008"}],"wp:term":[{"taxonomy":"category","embeddable":true,"href":"https:\/\/eltrabajo.cl\/portal\/wp-json\/wp\/v2\/categories?post=95008"},{"taxonomy":"post_tag","embeddable":true,"href":"https:\/\/eltrabajo.cl\/portal\/wp-json\/wp\/v2\/tags?post=95008"}],"curies":[{"name":"wp","href":"https:\/\/api.w.org\/{rel}","templated":true}]}}