{"id":95015,"date":"2019-10-28T04:04:39","date_gmt":"2019-10-28T07:04:39","guid":{"rendered":"http:\/\/www.eltrabajo.cl\/portal\/?p=95015"},"modified":"2019-10-27T20:25:39","modified_gmt":"2019-10-27T23:25:39","slug":"victima-del-cancer-muere-apreciado-hijo-ilustre-de-san-felipe-patricio-castro","status":"publish","type":"post","link":"https:\/\/eltrabajo.cl\/portal\/victima-del-cancer-muere-apreciado-hijo-ilustre-de-san-felipe-patricio-castro\/","title":{"rendered":"V\u00edctima del c\u00e1ncer muere apreciado Hijo Ilustre de San Felipe, Patricio Castro"},"content":{"rendered":"<p><span style=\"color: #ff0000;\"><strong>Misa hoy a las 10:30 horas en Iglesia Buen Pastor:<\/strong><\/span><\/p>\n<p>A las cuatro de la madrugada de ayer domingo dej\u00f3 de existir tras enfrentar un agresivo c\u00e1ncer, el connotado constructor civil e Hijo Ilustre de San Felipe, Patricio Iv\u00e1n Castro Castro, a la edad de 68 a\u00f1os. Si bien su fallecimiento era uno de los escenarios posibles en virtud de las caracter\u00edsticas de la enfermedad que enfrentaba, el impacto social y emocional entre sus seres queridos fue igual de doloroso, pues hay mucha diferencia entre suponer la muerte de alguien cercano, a la de ver cara a cara su partida.<br \/>\nEn Diario El Trabajo hace pocos meses publicamos una amplia e \u00edntima entrevista con Castro, misma que nos concedi\u00f3 en el marco del nombramiento de \u2018Hijo Ilustre\u2019 que el Municipio de San Felipe le otorg\u00f3 este a\u00f1o como parte de las distinciones del 279\u00ba aniversario de nuestra ciudad.<\/p>\n<p><span style=\"color: #ff0000;\"><strong>LA \u00daLTIMA ENTREVISTA<\/strong><\/span><br \/>\nHoy lunes compartimos con nuestros lectores un extracto de esa entrevista concedida a nuestro medio, misma realizada en su casa de habitaci\u00f3n, pese a estar lidiando en esos d\u00edas la mortal enfermedad, este profesional y rotario de 68 a\u00f1os de edad nos recibi\u00f3 en su oficina, y comparti\u00f3 sus recuerdos personales, agradeciendo a la vez el honor recibido tras el anuncio p\u00fablico que las autoridades municipales hicieron en relaci\u00f3n a su designaci\u00f3n de nuevo Hijo Ilustre.<br \/>\n<strong>&#8211; \u00bfCu\u00e1l fue su primera reacci\u00f3n tras enterarse que fuiste designado Hijo Ilustre de San Felipe?<\/strong><br \/>\n&#8211; Mi primera reacci\u00f3n fue de incredulidad. Me cost\u00f3 creer esto, en principio cre\u00ed que era una broma, pero conforme pasaron las horas recib\u00ed muchos llamados telef\u00f3nicos y en redes sociales tambi\u00e9n la cosa se confirmaba, por lo que agradezco p\u00fablicamente al alcalde Patricio Freire Canto y a todo el Concejo Municipal en Pleno, por hacerme este reconocimiento precisamente en vida.<br \/>\n<strong>&#8211; \u00bfDesde hace cu\u00e1ntos a\u00f1os es usted rotario?<\/strong><br \/>\n&#8211; Soy rotario desde 1999, me siento muy orgulloso y contento de ser parte de esa instituci\u00f3n, a m\u00ed tambi\u00e9n me ayuda ayudando al pr\u00f3jimo, en Rotary Club encontr\u00e9 un nicho desde donde puedo hacer algo por otras personas.<br \/>\n<strong>&#8211; \u00bfQu\u00e9 pasatiempos tiene usted?<\/strong><br \/>\n&#8211; Mi pasatiempo y lo que siempre me ha gustado ha sido el f\u00fatbol, hace algunos a\u00f1os atr\u00e1s fui director del Uni\u00f3n San Felipe, en aquellos a\u00f1os era muy dif\u00edcil pertenecer a este tipo de instituciones, porque los mismos directores ten\u00edamos que financiar la instituci\u00f3n, no como en la actualidad, ahora s\u00f3lo se necesita administrar bien el dinero.<br \/>\n<strong>&#8211; \u00bfEs muy grave la enfermedad que est\u00e1 enfrentando?<\/strong><br \/>\n&#8211; Esta enfermedad me pill\u00f3 totalmente desprotegido, fue de la noche a la ma\u00f1ana que me vi inserto en esto, pero esa es mi realidad.<br \/>\n<span style=\"color: #000000;\"><strong>&#8211; \u00bfC\u00f3mo fue su infancia y formaci\u00f3n acad\u00e9mica?<\/strong><\/span><br \/>\n&#8211; Nac\u00ed el 15 de marzo de 1951. Mis ense\u00f1anza b\u00e1sica la realic\u00e9 en la cuidad de Lautaro (Novena Regi\u00f3n) hasta 1958, cuando mi padre fue trasladado a la cuidad de San Fernando (Sexta Regi\u00f3n), a proseguir los estudios en el Liceo de Hombres de dicha ciudad. Posteriormente en 1962 volvimos a nuestra tierra natal hasta el d\u00eda de hoy, para terminar mis estudios de ense\u00f1anza b\u00e1sica y secundaria en el Liceo Roberto Humeres Oyanedel de nuestra Tres veces Heroica Cuidad, en la que egres\u00e9 el a\u00f1o 1969.<br \/>\n<strong>&#8211; \u00bfC\u00f3mo optas por la carrera de Constructor Civil?<\/strong><br \/>\n&#8211; Luego de dar la prueba de aptitud acad\u00e9mica, opt\u00e9 por postular a la carrera de Construcci\u00f3n Civil en la ciudad de Antofagasta, donde fui aceptado en la Universidad Cat\u00f3lica del Norte. Me desempe\u00f1\u00e9 durante dos a\u00f1os en una empresa constructora que le prestaba servicios a la minera Codelco Chuquicamata. Luego regres\u00e9 a mi ciudad natal para desempe\u00f1arme profesionalmente en forma independiente. Empec\u00e9 a recibir propuestas de trabajos relacionados con mi profesi\u00f3n, realizando diferentes obras en la zona como viviendas unipersonales, frigor\u00edficos, escuelas, pavimentaciones, zonas deportivas. Tambi\u00e9n me desempe\u00f1\u00e9 como Tasador de instituci\u00f3n bancaria y perito Judicial en \u00e1rea de la Construcci\u00f3n.<br \/>\nJunto con desempe\u00f1arme en la parte profesional, me involucr\u00e9 en la parte deportiva, siendo varios a\u00f1os director del Club Uni\u00f3n San Felipe, ocupando el cargo de presidente de la comisi\u00f3n f\u00fatbol de dicha instituci\u00f3n, donde en aquellos a\u00f1os ser director de un club profesional era muy dif\u00edcil por su complejidad tanto en la parte deportiva como econ\u00f3mica. Tambi\u00e9n me involucr\u00e9 en la parte profesional, constituyendo el primer C\u00edrculo de Constructores Civiles de la zona, junto a mi colega Benjam\u00edn Olivares (Q.E.P.D.), para que algunos a\u00f1os m\u00e1s tarde formara parte de la constituci\u00f3n del C\u00edrculo profesional de la Construcci\u00f3n, a la cual pertenecen los Constructores Civiles, Ingenieros y Arquitectos. Finalmente me invitaron a participar del Rotary Club San Felipe, luego de participar en reuniones y evaluaci\u00f3n del club soy aceptado como socio activo de dicha instituci\u00f3n, en la que he ocupado los cargos de Tesorero y Macero, esta es la instituci\u00f3n que me ha dado la posibilidad de ayudar al pr\u00f3jimo por lo que me he sentido muy c\u00f3modo en esta.<br \/>\n<strong>&#8211; \u00bfPalabras para nuestros lectores y a sus amigos?<\/strong><br \/>\n&#8211; Aprovecho esta oportunidad para darle un saludo muy grande a todos los socios de Uni\u00f3n San Felipe, amigos del C\u00edrculo Profesional de la Construcci\u00f3n, como tambi\u00e9n un abrazo fraterno a todos los del Club Rotario de San Felipe.<\/p>\n<p><span style=\"color: #ff0000;\"><strong>HOY SER\u00c1 SEPULTADO<\/strong><\/span><br \/>\nEl velatorio de Patricio Castro se realiza en la Iglesia Buen Pastor, y sus funerales se desarrollar\u00e1n hoy lunes despu\u00e9s de una misa que tendr\u00e1 lugar a las 10:30 horas, para ser trasladados sus restos mortales al Cementerio Municipal de San Felipe, en El Almendral.<br \/>\n<strong>Roberto Gonz\u00e1lez Short<\/strong><\/p>\n<figure id=\"attachment_95016\" aria-describedby=\"caption-attachment-95016\" style=\"width: 580px\" class=\"wp-caption alignnone\"><img data-recalc-dims=\"1\" loading=\"lazy\" decoding=\"async\" class=\"size-full wp-image-95016\" src=\"https:\/\/i0.wp.com\/www.eltrabajo.cl\/portal\/wp-content\/uploads\/2019\/10\/patricio-castro-fallecio-3.jpg?resize=580%2C358\" alt=\"CON SU ESPOSA.- Aqu\u00ed en una cena del Rotary Club de San Felipe, al lado de su esposa Carolina Espinoza N\u00fa\u00f1ez.\" width=\"580\" height=\"358\" srcset=\"https:\/\/i0.wp.com\/eltrabajo.cl\/portal\/wp-content\/uploads\/2019\/10\/patricio-castro-fallecio-3.jpg?w=580&amp;ssl=1 580w, https:\/\/i0.wp.com\/eltrabajo.cl\/portal\/wp-content\/uploads\/2019\/10\/patricio-castro-fallecio-3.jpg?resize=200%2C123&amp;ssl=1 200w, https:\/\/i0.wp.com\/eltrabajo.cl\/portal\/wp-content\/uploads\/2019\/10\/patricio-castro-fallecio-3.jpg?resize=300%2C185&amp;ssl=1 300w, https:\/\/i0.wp.com\/eltrabajo.cl\/portal\/wp-content\/uploads\/2019\/10\/patricio-castro-fallecio-3.jpg?resize=243%2C150&amp;ssl=1 243w, https:\/\/i0.wp.com\/eltrabajo.cl\/portal\/wp-content\/uploads\/2019\/10\/patricio-castro-fallecio-3.jpg?resize=400%2C247&amp;ssl=1 400w\" sizes=\"auto, (max-width: 580px) 100vw, 580px\" \/><figcaption id=\"caption-attachment-95016\" class=\"wp-caption-text\">CON SU ESPOSA.- Aqu\u00ed en una cena del Rotary Club de San Felipe, al lado de su esposa Carolina Espinoza N\u00fa\u00f1ez.<\/figcaption><\/figure>\n<figure id=\"attachment_95017\" aria-describedby=\"caption-attachment-95017\" style=\"width: 580px\" class=\"wp-caption alignnone\"><img data-recalc-dims=\"1\" loading=\"lazy\" decoding=\"async\" class=\"size-full wp-image-95017\" src=\"https:\/\/i0.wp.com\/www.eltrabajo.cl\/portal\/wp-content\/uploads\/2019\/10\/patricio-castro-fallecio-4.jpg?resize=580%2C360\" alt=\"En la Iglesia Buen Pastor est\u00e1 siendo velado el conocido y apreciado constructor civil Patricio Castro, lugar donde a las 10,30 horas de hoy se realizar\u00e1 una misa por el eterno descanso de su alma, para luego ser sepultado en el Cementerio Municipal en El Almendral.\" width=\"580\" height=\"360\" srcset=\"https:\/\/i0.wp.com\/eltrabajo.cl\/portal\/wp-content\/uploads\/2019\/10\/patricio-castro-fallecio-4.jpg?w=580&amp;ssl=1 580w, https:\/\/i0.wp.com\/eltrabajo.cl\/portal\/wp-content\/uploads\/2019\/10\/patricio-castro-fallecio-4.jpg?resize=200%2C124&amp;ssl=1 200w, https:\/\/i0.wp.com\/eltrabajo.cl\/portal\/wp-content\/uploads\/2019\/10\/patricio-castro-fallecio-4.jpg?resize=300%2C186&amp;ssl=1 300w, https:\/\/i0.wp.com\/eltrabajo.cl\/portal\/wp-content\/uploads\/2019\/10\/patricio-castro-fallecio-4.jpg?resize=242%2C150&amp;ssl=1 242w, https:\/\/i0.wp.com\/eltrabajo.cl\/portal\/wp-content\/uploads\/2019\/10\/patricio-castro-fallecio-4.jpg?resize=400%2C248&amp;ssl=1 400w\" sizes=\"auto, (max-width: 580px) 100vw, 580px\" \/><figcaption id=\"caption-attachment-95017\" class=\"wp-caption-text\">En la Iglesia Buen Pastor est\u00e1 siendo velado el conocido y apreciado constructor civil Patricio Castro, lugar donde a las 10,30 horas de hoy se realizar\u00e1 una misa por el eterno descanso de su alma, para luego ser sepultado en el Cementerio Municipal en El Almendral.<\/figcaption><\/figure>\n<figure id=\"attachment_95019\" aria-describedby=\"caption-attachment-95019\" style=\"width: 580px\" class=\"wp-caption alignnone\"><img data-recalc-dims=\"1\" loading=\"lazy\" decoding=\"async\" class=\"size-full wp-image-95019\" src=\"https:\/\/i0.wp.com\/www.eltrabajo.cl\/portal\/wp-content\/uploads\/2019\/10\/patricio-castro-fallecio-2.jpg?resize=580%2C360\" alt=\"CON SUS HERMANOS.- Aqu\u00ed vemos a los tres hermanos Castro: Patricio (Hijo Ilustre), Mary Luz y Guillermo, quienes en su momento estuvieron muy contentos por este honor a su familia.\" width=\"580\" height=\"360\" srcset=\"https:\/\/i0.wp.com\/eltrabajo.cl\/portal\/wp-content\/uploads\/2019\/10\/patricio-castro-fallecio-2.jpg?w=580&amp;ssl=1 580w, https:\/\/i0.wp.com\/eltrabajo.cl\/portal\/wp-content\/uploads\/2019\/10\/patricio-castro-fallecio-2.jpg?resize=200%2C124&amp;ssl=1 200w, https:\/\/i0.wp.com\/eltrabajo.cl\/portal\/wp-content\/uploads\/2019\/10\/patricio-castro-fallecio-2.jpg?resize=300%2C186&amp;ssl=1 300w, https:\/\/i0.wp.com\/eltrabajo.cl\/portal\/wp-content\/uploads\/2019\/10\/patricio-castro-fallecio-2.jpg?resize=242%2C150&amp;ssl=1 242w, https:\/\/i0.wp.com\/eltrabajo.cl\/portal\/wp-content\/uploads\/2019\/10\/patricio-castro-fallecio-2.jpg?resize=400%2C248&amp;ssl=1 400w\" sizes=\"auto, (max-width: 580px) 100vw, 580px\" \/><figcaption id=\"caption-attachment-95019\" class=\"wp-caption-text\">CON SUS HERMANOS.- Aqu\u00ed vemos a los tres hermanos Castro: Patricio (Hijo Ilustre), Mary Luz y Guillermo, quienes en su momento estuvieron muy contentos por este honor a su familia.<\/figcaption><\/figure>\n<figure id=\"attachment_95018\" aria-describedby=\"caption-attachment-95018\" style=\"width: 579px\" class=\"wp-caption alignnone\"><img data-recalc-dims=\"1\" loading=\"lazy\" decoding=\"async\" class=\"size-full wp-image-95018\" src=\"https:\/\/i0.wp.com\/www.eltrabajo.cl\/portal\/wp-content\/uploads\/2019\/10\/patricio-castro-fallecio-1.jpg?resize=579%2C409\" alt=\"EL PUMA CHILENO.- As\u00ed luc\u00eda este sanfelipe\u00f1o cuando era un veintea\u00f1ero, algunos en broma lo llamaban \u2018El Puma chileno\u2019 por su parecido al cantante venezolano.\" width=\"579\" height=\"409\" srcset=\"https:\/\/i0.wp.com\/eltrabajo.cl\/portal\/wp-content\/uploads\/2019\/10\/patricio-castro-fallecio-1.jpg?w=579&amp;ssl=1 579w, https:\/\/i0.wp.com\/eltrabajo.cl\/portal\/wp-content\/uploads\/2019\/10\/patricio-castro-fallecio-1.jpg?resize=200%2C141&amp;ssl=1 200w, https:\/\/i0.wp.com\/eltrabajo.cl\/portal\/wp-content\/uploads\/2019\/10\/patricio-castro-fallecio-1.jpg?resize=300%2C212&amp;ssl=1 300w, https:\/\/i0.wp.com\/eltrabajo.cl\/portal\/wp-content\/uploads\/2019\/10\/patricio-castro-fallecio-1.jpg?resize=212%2C150&amp;ssl=1 212w, https:\/\/i0.wp.com\/eltrabajo.cl\/portal\/wp-content\/uploads\/2019\/10\/patricio-castro-fallecio-1.jpg?resize=400%2C283&amp;ssl=1 400w\" sizes=\"auto, (max-width: 579px) 100vw, 579px\" \/><figcaption id=\"caption-attachment-95018\" class=\"wp-caption-text\">EL PUMA CHILENO.- As\u00ed luc\u00eda este sanfelipe\u00f1o cuando era un veintea\u00f1ero, algunos en broma lo llamaban \u2018El Puma chileno\u2019 por su parecido al cantante venezolano.<\/figcaption><\/figure>\n","protected":false},"excerpt":{"rendered":"<p>Misa hoy a las 10:30 horas en Iglesia Buen Pastor: A las cuatro de la madrugada de ayer domingo dej\u00f3 de existir tras enfrentar un agresivo c\u00e1ncer, el connotado constructor civil e&#8230;<\/p>\n","protected":false},"author":482,"featured_media":95016,"comment_status":"open","ping_status":"open","sticky":false,"template":"","format":"standard","meta":{"advanced_seo_description":"","jetpack_seo_html_title":"","jetpack_seo_noindex":false,"_jetpack_memberships_contains_paid_content":false,"footnotes":""},"categories":[15],"tags":[],"class_list":["post-95015","post","type-post","status-publish","format-standard","has-post-thumbnail","hentry","category-comunidad"],"jetpack_featured_media_url":"https:\/\/i0.wp.com\/eltrabajo.cl\/portal\/wp-content\/uploads\/2019\/10\/patricio-castro-fallecio-3.jpg?fit=580%2C358&ssl=1","jetpack_sharing_enabled":true,"jetpack_likes_enabled":true,"jetpack-related-posts":[],"_links":{"self":[{"href":"https:\/\/eltrabajo.cl\/portal\/wp-json\/wp\/v2\/posts\/95015","targetHints":{"allow":["GET"]}}],"collection":[{"href":"https:\/\/eltrabajo.cl\/portal\/wp-json\/wp\/v2\/posts"}],"about":[{"href":"https:\/\/eltrabajo.cl\/portal\/wp-json\/wp\/v2\/types\/post"}],"author":[{"embeddable":true,"href":"https:\/\/eltrabajo.cl\/portal\/wp-json\/wp\/v2\/users\/482"}],"replies":[{"embeddable":true,"href":"https:\/\/eltrabajo.cl\/portal\/wp-json\/wp\/v2\/comments?post=95015"}],"version-history":[{"count":0,"href":"https:\/\/eltrabajo.cl\/portal\/wp-json\/wp\/v2\/posts\/95015\/revisions"}],"wp:featuredmedia":[{"embeddable":true,"href":"https:\/\/eltrabajo.cl\/portal\/wp-json\/wp\/v2\/media\/95016"}],"wp:attachment":[{"href":"https:\/\/eltrabajo.cl\/portal\/wp-json\/wp\/v2\/media?parent=95015"}],"wp:term":[{"taxonomy":"category","embeddable":true,"href":"https:\/\/eltrabajo.cl\/portal\/wp-json\/wp\/v2\/categories?post=95015"},{"taxonomy":"post_tag","embeddable":true,"href":"https:\/\/eltrabajo.cl\/portal\/wp-json\/wp\/v2\/tags?post=95015"}],"curies":[{"name":"wp","href":"https:\/\/api.w.org\/{rel}","templated":true}]}}