{"id":95021,"date":"2019-10-28T04:05:06","date_gmt":"2019-10-28T07:05:06","guid":{"rendered":"http:\/\/www.eltrabajo.cl\/portal\/?p=95021"},"modified":"2019-10-27T20:27:55","modified_gmt":"2019-10-27T23:27:55","slug":"carabineros-desmiente-robo-de-patrulla-policial-durante-disturbios-en-llay-llay","status":"publish","type":"post","link":"https:\/\/eltrabajo.cl\/portal\/carabineros-desmiente-robo-de-patrulla-policial-durante-disturbios-en-llay-llay\/","title":{"rendered":"Carabineros desmiente robo de patrulla policial durante disturbios en Llay Llay"},"content":{"rendered":"<p><span style=\"color: #ff0000;\"><strong>Once personas detenidas la noche de este s\u00e1bado:<\/strong><\/span><\/p>\n<ul>\n<li><strong>En el transcurso de las manifestaciones, un grupo de encapuchados habr\u00eda arrojado piedras contra la subcomisar\u00eda de Carabineros de esa localidad.<\/strong><\/li>\n<\/ul>\n<p>Tras la contingencia nacional durante la noche de este s\u00e1bado y luego que las autoridades levantaran el Estado de Emergencia y suspensi\u00f3n del toque de queda, se registraron diversos incidentes en Los Andes, San Felipe y Llay Llay, siendo esta \u00faltima comuna la que arroj\u00f3 un total de once personas detenidas por Carabineros.<br \/>\nAsimismo durante esa jornada, r\u00e1pidamente se viraliz\u00f3 por redes sociales el presunto robo de una patrulla de Carabineros, donde se aprecia un alto contingente de uniformados corriendo tras el m\u00f3vil de la instituci\u00f3n, tras la supuesta sustracci\u00f3n por manifestantes, situaci\u00f3n que fue descartada tajantemente por el capit\u00e1n Rafael Ram\u00edrez a Diario El Trabajo.<br \/>\nEl oficial respondi\u00f3 se\u00f1alando que en medio de los disturbios ocurridos en la comuna de Llay Llay, \u00ablos funcionarios policiales aplicaron una de las t\u00e1cticas que utilizamos anoche (s\u00e1bado) para dispersar a los manifestantes. El veh\u00edculo policial va adelante y nosotros atr\u00e1s corriendo, para que los manifestantes se dispersen\u00bb.<br \/>\nRam\u00edrez detall\u00f3 adem\u00e1s que alrededor de las 21:30 horas en la Ruta 5 Norte un grupo de 300 personas aproximadamente, procedieron a interrumpir el flujo vehicular a la altura del kil\u00f3metro 86 en ambas direcciones, donde Carabineros al concurrir al lugar habr\u00edan sido agredidos con piedras y elementos contundentes por los manifestantes, debi\u00e9ndose actuar por parte de la Polic\u00eda en restablecer el orden y la seguridad.<br \/>\nPosteriormente a eso de las 22:00 horas en el centro de esta misma comuna, manifestantes encendieron barridas en distintas arterias. Diario El Trabajo obtuvo en forma exclusiva un registro audiovisual donde se aprecia que una turba de encapuchados habr\u00eda arrojado piedras u otros elementos contundentes hacia el frontis de la subcomisar\u00eda de Carabineros.<br \/>\nAl respecto, el Capit\u00e1n Ram\u00edrez afirm\u00f3 que a ra\u00edz de este ataque sufrido el cuartel policial, un sujeto fue detenido como uno de los responsables de los da\u00f1os ocasionados contra esta subcomisar\u00eda, sin registrarse personal policial lesionado, siendo derivado hasta el Juzgado de Garant\u00eda de San Felipe ayer domingo para ser formalizado por la Fiscal\u00eda.<br \/>\nAsimismo, durante estos disturbios ocurridos en Llay Llay, Carabineros inform\u00f3 que se detuvo a un total de once personas de sexo masculino, quienes por medidas de seguridad fueron trasladados hasta San Felipe, quedando posteriormente en libertad en horas de la madrugada.<br \/>\n<strong>Pablo Salinas Sald\u00edas<\/strong><\/p>\n<figure id=\"attachment_95022\" aria-describedby=\"caption-attachment-95022\" style=\"width: 580px\" class=\"wp-caption alignnone\"><img data-recalc-dims=\"1\" loading=\"lazy\" decoding=\"async\" class=\"size-full wp-image-95022\" src=\"https:\/\/i0.wp.com\/www.eltrabajo.cl\/portal\/wp-content\/uploads\/2019\/10\/llay-llay-turba.jpg?resize=580%2C359\" alt=\"Video circul\u00f3 por redes sociales titul\u00e1ndose como el robo de una patrulla policial, siendo desmentido por Carabineros.\" width=\"580\" height=\"359\" srcset=\"https:\/\/i0.wp.com\/eltrabajo.cl\/portal\/wp-content\/uploads\/2019\/10\/llay-llay-turba.jpg?w=580&amp;ssl=1 580w, https:\/\/i0.wp.com\/eltrabajo.cl\/portal\/wp-content\/uploads\/2019\/10\/llay-llay-turba.jpg?resize=200%2C124&amp;ssl=1 200w, https:\/\/i0.wp.com\/eltrabajo.cl\/portal\/wp-content\/uploads\/2019\/10\/llay-llay-turba.jpg?resize=300%2C186&amp;ssl=1 300w, https:\/\/i0.wp.com\/eltrabajo.cl\/portal\/wp-content\/uploads\/2019\/10\/llay-llay-turba.jpg?resize=242%2C150&amp;ssl=1 242w, https:\/\/i0.wp.com\/eltrabajo.cl\/portal\/wp-content\/uploads\/2019\/10\/llay-llay-turba.jpg?resize=400%2C248&amp;ssl=1 400w\" sizes=\"auto, (max-width: 580px) 100vw, 580px\" \/><figcaption id=\"caption-attachment-95022\" class=\"wp-caption-text\">Video circul\u00f3 por redes sociales titul\u00e1ndose como el robo de una patrulla policial, siendo desmentido por Carabineros.<\/figcaption><\/figure>\n<figure id=\"attachment_95023\" aria-describedby=\"caption-attachment-95023\" style=\"width: 580px\" class=\"wp-caption alignnone\"><img data-recalc-dims=\"1\" loading=\"lazy\" decoding=\"async\" class=\"size-full wp-image-95023\" src=\"https:\/\/i0.wp.com\/www.eltrabajo.cl\/portal\/wp-content\/uploads\/2019\/10\/llay-llay-turba-1.jpg?resize=580%2C359\" alt=\"Im\u00e1genes de la turba que habr\u00eda atacado a pedradas la Subcomisar\u00eda de Llay Llay la noche de este s\u00e1bado.\" width=\"580\" height=\"359\" srcset=\"https:\/\/i0.wp.com\/eltrabajo.cl\/portal\/wp-content\/uploads\/2019\/10\/llay-llay-turba-1.jpg?w=580&amp;ssl=1 580w, https:\/\/i0.wp.com\/eltrabajo.cl\/portal\/wp-content\/uploads\/2019\/10\/llay-llay-turba-1.jpg?resize=200%2C124&amp;ssl=1 200w, https:\/\/i0.wp.com\/eltrabajo.cl\/portal\/wp-content\/uploads\/2019\/10\/llay-llay-turba-1.jpg?resize=300%2C186&amp;ssl=1 300w, https:\/\/i0.wp.com\/eltrabajo.cl\/portal\/wp-content\/uploads\/2019\/10\/llay-llay-turba-1.jpg?resize=242%2C150&amp;ssl=1 242w, https:\/\/i0.wp.com\/eltrabajo.cl\/portal\/wp-content\/uploads\/2019\/10\/llay-llay-turba-1.jpg?resize=400%2C248&amp;ssl=1 400w\" sizes=\"auto, (max-width: 580px) 100vw, 580px\" \/><figcaption id=\"caption-attachment-95023\" class=\"wp-caption-text\">Im\u00e1genes de la turba que habr\u00eda atacado a pedradas la Subcomisar\u00eda de Llay Llay la noche de este s\u00e1bado.<\/figcaption><\/figure>\n<figure id=\"attachment_95024\" aria-describedby=\"caption-attachment-95024\" style=\"width: 580px\" class=\"wp-caption alignnone\"><img data-recalc-dims=\"1\" loading=\"lazy\" decoding=\"async\" class=\"size-full wp-image-95024\" src=\"https:\/\/i0.wp.com\/www.eltrabajo.cl\/portal\/wp-content\/uploads\/2019\/10\/llay-llay-turba-2.jpg?resize=580%2C360\" alt=\"Uno de los atacantes fue capturado por Carabineros, siendo derivado hasta Tribunales la ma\u00f1ana de ayer domingo.\" width=\"580\" height=\"360\" srcset=\"https:\/\/i0.wp.com\/eltrabajo.cl\/portal\/wp-content\/uploads\/2019\/10\/llay-llay-turba-2.jpg?w=580&amp;ssl=1 580w, https:\/\/i0.wp.com\/eltrabajo.cl\/portal\/wp-content\/uploads\/2019\/10\/llay-llay-turba-2.jpg?resize=200%2C124&amp;ssl=1 200w, https:\/\/i0.wp.com\/eltrabajo.cl\/portal\/wp-content\/uploads\/2019\/10\/llay-llay-turba-2.jpg?resize=300%2C186&amp;ssl=1 300w, https:\/\/i0.wp.com\/eltrabajo.cl\/portal\/wp-content\/uploads\/2019\/10\/llay-llay-turba-2.jpg?resize=242%2C150&amp;ssl=1 242w, https:\/\/i0.wp.com\/eltrabajo.cl\/portal\/wp-content\/uploads\/2019\/10\/llay-llay-turba-2.jpg?resize=400%2C248&amp;ssl=1 400w\" sizes=\"auto, (max-width: 580px) 100vw, 580px\" \/><figcaption id=\"caption-attachment-95024\" class=\"wp-caption-text\">Uno de los atacantes fue capturado por Carabineros, siendo derivado hasta Tribunales la ma\u00f1ana de ayer domingo.<\/figcaption><\/figure>\n","protected":false},"excerpt":{"rendered":"<p>Once personas detenidas la noche de este s\u00e1bado: En el transcurso de las manifestaciones, un grupo de encapuchados habr\u00eda arrojado piedras contra la subcomisar\u00eda de Carabineros de esa localidad. Tras la contingencia&#8230;<\/p>\n","protected":false},"author":482,"featured_media":95022,"comment_status":"open","ping_status":"open","sticky":false,"template":"","format":"standard","meta":{"advanced_seo_description":"","jetpack_seo_html_title":"","jetpack_seo_noindex":false,"_jetpack_memberships_contains_paid_content":false,"footnotes":""},"categories":[21],"tags":[],"class_list":["post-95021","post","type-post","status-publish","format-standard","has-post-thumbnail","hentry","category-policial"],"jetpack_featured_media_url":"https:\/\/i0.wp.com\/eltrabajo.cl\/portal\/wp-content\/uploads\/2019\/10\/llay-llay-turba.jpg?fit=580%2C359&ssl=1","jetpack_sharing_enabled":true,"jetpack_likes_enabled":true,"jetpack-related-posts":[],"_links":{"self":[{"href":"https:\/\/eltrabajo.cl\/portal\/wp-json\/wp\/v2\/posts\/95021","targetHints":{"allow":["GET"]}}],"collection":[{"href":"https:\/\/eltrabajo.cl\/portal\/wp-json\/wp\/v2\/posts"}],"about":[{"href":"https:\/\/eltrabajo.cl\/portal\/wp-json\/wp\/v2\/types\/post"}],"author":[{"embeddable":true,"href":"https:\/\/eltrabajo.cl\/portal\/wp-json\/wp\/v2\/users\/482"}],"replies":[{"embeddable":true,"href":"https:\/\/eltrabajo.cl\/portal\/wp-json\/wp\/v2\/comments?post=95021"}],"version-history":[{"count":0,"href":"https:\/\/eltrabajo.cl\/portal\/wp-json\/wp\/v2\/posts\/95021\/revisions"}],"wp:featuredmedia":[{"embeddable":true,"href":"https:\/\/eltrabajo.cl\/portal\/wp-json\/wp\/v2\/media\/95022"}],"wp:attachment":[{"href":"https:\/\/eltrabajo.cl\/portal\/wp-json\/wp\/v2\/media?parent=95021"}],"wp:term":[{"taxonomy":"category","embeddable":true,"href":"https:\/\/eltrabajo.cl\/portal\/wp-json\/wp\/v2\/categories?post=95021"},{"taxonomy":"post_tag","embeddable":true,"href":"https:\/\/eltrabajo.cl\/portal\/wp-json\/wp\/v2\/tags?post=95021"}],"curies":[{"name":"wp","href":"https:\/\/api.w.org\/{rel}","templated":true}]}}