{"id":95031,"date":"2019-10-29T05:11:32","date_gmt":"2019-10-29T08:11:32","guid":{"rendered":"http:\/\/www.eltrabajo.cl\/portal\/?p=95031"},"modified":"2019-10-29T05:11:32","modified_gmt":"2019-10-29T08:11:32","slug":"asistentes-de-la-educacion-y-alumnos-marcharon-en-apoyo-a-demandas-nacionales","status":"publish","type":"post","link":"https:\/\/eltrabajo.cl\/portal\/asistentes-de-la-educacion-y-alumnos-marcharon-en-apoyo-a-demandas-nacionales\/","title":{"rendered":"Asistentes de la Educaci\u00f3n y alumnos marcharon en apoyo a demandas nacionales"},"content":{"rendered":"<p>Ayer pasado el medio d\u00eda se realiz\u00f3 una nueva marcha por la ciudad de San Felipe. En esta ocasi\u00f3n fueron los asistentes de la Educaci\u00f3n y alumnos de establecimientos particulares subvencionados quienes salieron a la calle, uni\u00e9ndose as\u00ed a las distintas demandas. En el caso de los paradocentes, pidiendo un mejor clima laboral y aumento de sueldos.<br \/>\nUna de las alumnas que participaba de la marcha, Catalina, dijo a nuestro medio lo siguiente: \u00abBueno, ha sido c\u00f3mo una suma de muchas cosas, como estudiante principalmente por los derechos de educaci\u00f3n y tambi\u00e9n para apoyar, porque ayer nos juntamos con otra marcha a apoyar a los otros derechos, m\u00e1s bien como las pensiones, por ejemplo el tema de la salud, en los hospitales no hay insumos y eso nos afecta a todos nosotros; entonces m\u00e1s que nada apoyar la marcha que se est\u00e1 provocando, porque el Estado quiere normalizar que todo est\u00e1 bien, que no se ha hecho ning\u00fan cambio y adem\u00e1s el d\u00eda de hoy vamos a hacer cabildos abiertos como para poder comentar tambi\u00e9n nuestras inquietudes para Chile, y eso es lo que estamos con esta marcha\u00bb.<br \/>\n<strong>&#8211; \u00bfSon colegios particulares subvencionados en el fondo?<\/strong><br \/>\n&#8211; S\u00ed, o sea ac\u00e1 hay del Mixto, hay gente del Polit\u00e9cnico, Pumanque, Agr\u00edcola muchos colegios.<br \/>\nEn tanto la presidenta de los Asistentes de la Educaci\u00f3n, Mignol Mu\u00f1oz, se\u00f1al\u00f3: \u00abAs\u00ed es, hoy d\u00eda y ma\u00f1ana (hoy), los asistentes de la educaci\u00f3n se botan a paro por un Chile mejor, por un Chile unido, por condiciones laborales m\u00e1s dignas para nosotros\u00bb, se\u00f1al\u00f3.<br \/>\n<strong>&#8211; \u00bfCu\u00e1les son esas condiciones m\u00e1s dignas que debieran mejorar?<\/strong><br \/>\n&#8211; Sueldos, un buen clima laboral en los colegios, que los directores a veces no nos tratan muy bien, se creen patrones de fundos.<br \/>\nReiter\u00f3 la presidenta de los Asistentes de la Educaci\u00f3n que van a paralizar los dos d\u00edas 28 y 29 de octubre.<br \/>\nEn San Felipe actualmente hay alrededor de seiscientos. Sin embargo no marchan todos por temor a que le descuenten.<br \/>\nLos participantes de la marcha realizaron el cl\u00e1sico recorrido por el contorno de la plaza de armas.<\/p>\n<figure id=\"attachment_95032\" aria-describedby=\"caption-attachment-95032\" style=\"width: 580px\" class=\"wp-caption alignnone\"><img data-recalc-dims=\"1\" loading=\"lazy\" decoding=\"async\" class=\"size-full wp-image-95032\" src=\"https:\/\/i0.wp.com\/www.eltrabajo.cl\/portal\/wp-content\/uploads\/2019\/10\/Marcha-asistentes-educacion-2.jpg?resize=580%2C360\" alt=\"Estudiantes de distintos establecimientos educacionales particulares subvencionados.\" width=\"580\" height=\"360\" srcset=\"https:\/\/i0.wp.com\/eltrabajo.cl\/portal\/wp-content\/uploads\/2019\/10\/Marcha-asistentes-educacion-2.jpg?w=580&amp;ssl=1 580w, https:\/\/i0.wp.com\/eltrabajo.cl\/portal\/wp-content\/uploads\/2019\/10\/Marcha-asistentes-educacion-2.jpg?resize=200%2C124&amp;ssl=1 200w, https:\/\/i0.wp.com\/eltrabajo.cl\/portal\/wp-content\/uploads\/2019\/10\/Marcha-asistentes-educacion-2.jpg?resize=300%2C186&amp;ssl=1 300w, https:\/\/i0.wp.com\/eltrabajo.cl\/portal\/wp-content\/uploads\/2019\/10\/Marcha-asistentes-educacion-2.jpg?resize=242%2C150&amp;ssl=1 242w, https:\/\/i0.wp.com\/eltrabajo.cl\/portal\/wp-content\/uploads\/2019\/10\/Marcha-asistentes-educacion-2.jpg?resize=400%2C248&amp;ssl=1 400w\" sizes=\"auto, (max-width: 580px) 100vw, 580px\" \/><figcaption id=\"caption-attachment-95032\" class=\"wp-caption-text\">Estudiantes de distintos establecimientos educacionales particulares subvencionados.<\/figcaption><\/figure>\n<figure id=\"attachment_95033\" aria-describedby=\"caption-attachment-95033\" style=\"width: 580px\" class=\"wp-caption alignnone\"><img data-recalc-dims=\"1\" loading=\"lazy\" decoding=\"async\" class=\"size-full wp-image-95033\" src=\"https:\/\/i0.wp.com\/www.eltrabajo.cl\/portal\/wp-content\/uploads\/2019\/10\/Marcha-asistentes-educacion-3.jpg?resize=580%2C360\" alt=\"Exhibiendo una bandera chilena marchan por el centro de la ciudad de San Felipe.\" width=\"580\" height=\"360\" srcset=\"https:\/\/i0.wp.com\/eltrabajo.cl\/portal\/wp-content\/uploads\/2019\/10\/Marcha-asistentes-educacion-3.jpg?w=580&amp;ssl=1 580w, https:\/\/i0.wp.com\/eltrabajo.cl\/portal\/wp-content\/uploads\/2019\/10\/Marcha-asistentes-educacion-3.jpg?resize=200%2C124&amp;ssl=1 200w, https:\/\/i0.wp.com\/eltrabajo.cl\/portal\/wp-content\/uploads\/2019\/10\/Marcha-asistentes-educacion-3.jpg?resize=300%2C186&amp;ssl=1 300w, https:\/\/i0.wp.com\/eltrabajo.cl\/portal\/wp-content\/uploads\/2019\/10\/Marcha-asistentes-educacion-3.jpg?resize=242%2C150&amp;ssl=1 242w, https:\/\/i0.wp.com\/eltrabajo.cl\/portal\/wp-content\/uploads\/2019\/10\/Marcha-asistentes-educacion-3.jpg?resize=400%2C248&amp;ssl=1 400w\" sizes=\"auto, (max-width: 580px) 100vw, 580px\" \/><figcaption id=\"caption-attachment-95033\" class=\"wp-caption-text\">Exhibiendo una bandera chilena marchan por el centro de la ciudad de San Felipe.<\/figcaption><\/figure>\n<figure id=\"attachment_95034\" aria-describedby=\"caption-attachment-95034\" style=\"width: 580px\" class=\"wp-caption alignnone\"><img data-recalc-dims=\"1\" loading=\"lazy\" decoding=\"async\" class=\"size-full wp-image-95034\" src=\"https:\/\/i0.wp.com\/www.eltrabajo.cl\/portal\/wp-content\/uploads\/2019\/10\/Marcha-asistentes-educacion-4.jpg?resize=580%2C358\" alt=\"Los asistentes de la educaci\u00f3n marchando por calle Salinas.\" width=\"580\" height=\"358\" srcset=\"https:\/\/i0.wp.com\/eltrabajo.cl\/portal\/wp-content\/uploads\/2019\/10\/Marcha-asistentes-educacion-4.jpg?w=580&amp;ssl=1 580w, https:\/\/i0.wp.com\/eltrabajo.cl\/portal\/wp-content\/uploads\/2019\/10\/Marcha-asistentes-educacion-4.jpg?resize=200%2C123&amp;ssl=1 200w, https:\/\/i0.wp.com\/eltrabajo.cl\/portal\/wp-content\/uploads\/2019\/10\/Marcha-asistentes-educacion-4.jpg?resize=300%2C185&amp;ssl=1 300w, https:\/\/i0.wp.com\/eltrabajo.cl\/portal\/wp-content\/uploads\/2019\/10\/Marcha-asistentes-educacion-4.jpg?resize=243%2C150&amp;ssl=1 243w, https:\/\/i0.wp.com\/eltrabajo.cl\/portal\/wp-content\/uploads\/2019\/10\/Marcha-asistentes-educacion-4.jpg?resize=400%2C247&amp;ssl=1 400w\" sizes=\"auto, (max-width: 580px) 100vw, 580px\" \/><figcaption id=\"caption-attachment-95034\" class=\"wp-caption-text\">Los asistentes de la educaci\u00f3n marchando por calle Salinas.<\/figcaption><\/figure>\n","protected":false},"excerpt":{"rendered":"<p>Ayer pasado el medio d\u00eda se realiz\u00f3 una nueva marcha por la ciudad de San Felipe. En esta ocasi\u00f3n fueron los asistentes de la Educaci\u00f3n y alumnos de establecimientos particulares subvencionados quienes&#8230;<\/p>\n","protected":false},"author":482,"featured_media":95033,"comment_status":"open","ping_status":"open","sticky":false,"template":"","format":"standard","meta":{"advanced_seo_description":"","jetpack_seo_html_title":"","jetpack_seo_noindex":false,"_jetpack_memberships_contains_paid_content":false,"footnotes":""},"categories":[15],"tags":[],"class_list":["post-95031","post","type-post","status-publish","format-standard","has-post-thumbnail","hentry","category-comunidad"],"jetpack_featured_media_url":"https:\/\/i0.wp.com\/eltrabajo.cl\/portal\/wp-content\/uploads\/2019\/10\/Marcha-asistentes-educacion-3.jpg?fit=580%2C360&ssl=1","jetpack_sharing_enabled":true,"jetpack_likes_enabled":true,"jetpack-related-posts":[],"_links":{"self":[{"href":"https:\/\/eltrabajo.cl\/portal\/wp-json\/wp\/v2\/posts\/95031","targetHints":{"allow":["GET"]}}],"collection":[{"href":"https:\/\/eltrabajo.cl\/portal\/wp-json\/wp\/v2\/posts"}],"about":[{"href":"https:\/\/eltrabajo.cl\/portal\/wp-json\/wp\/v2\/types\/post"}],"author":[{"embeddable":true,"href":"https:\/\/eltrabajo.cl\/portal\/wp-json\/wp\/v2\/users\/482"}],"replies":[{"embeddable":true,"href":"https:\/\/eltrabajo.cl\/portal\/wp-json\/wp\/v2\/comments?post=95031"}],"version-history":[{"count":0,"href":"https:\/\/eltrabajo.cl\/portal\/wp-json\/wp\/v2\/posts\/95031\/revisions"}],"wp:featuredmedia":[{"embeddable":true,"href":"https:\/\/eltrabajo.cl\/portal\/wp-json\/wp\/v2\/media\/95033"}],"wp:attachment":[{"href":"https:\/\/eltrabajo.cl\/portal\/wp-json\/wp\/v2\/media?parent=95031"}],"wp:term":[{"taxonomy":"category","embeddable":true,"href":"https:\/\/eltrabajo.cl\/portal\/wp-json\/wp\/v2\/categories?post=95031"},{"taxonomy":"post_tag","embeddable":true,"href":"https:\/\/eltrabajo.cl\/portal\/wp-json\/wp\/v2\/tags?post=95031"}],"curies":[{"name":"wp","href":"https:\/\/api.w.org\/{rel}","templated":true}]}}