{"id":95046,"date":"2019-10-29T05:21:32","date_gmt":"2019-10-29T08:21:32","guid":{"rendered":"http:\/\/www.eltrabajo.cl\/portal\/?p=95046"},"modified":"2019-10-29T05:21:32","modified_gmt":"2019-10-29T08:21:32","slug":"incendio-presuntamente-intencional-afecto-a-una-vivienda-en-el-escorial","status":"publish","type":"post","link":"https:\/\/eltrabajo.cl\/portal\/incendio-presuntamente-intencional-afecto-a-una-vivienda-en-el-escorial\/","title":{"rendered":"Incendio presuntamente intencional afect\u00f3 a una vivienda en El Escorial"},"content":{"rendered":"<p><span style=\"color: #ff0000;\"><strong>Hecho ocurri\u00f3 la ma\u00f1ana de ayer lunes:<\/strong><\/span><\/p>\n<ul>\n<li><strong>Bomberos precis\u00f3 que el inmueble se encontraba sin moradores y que el Departamento T\u00e9cnico de la instituci\u00f3n investiga si el fuego fue provocado intencionalmente.<\/strong><\/li>\n<\/ul>\n<p>En un 90 por ciento fueron considerados los da\u00f1os ocasionados en la techumbre de un inmueble, producto de un incendio aparentemente intencional que afect\u00f3 a una vivienda sin moradores en el sector El Escorial de Panquehue, hecho ocurrido a eso de las 10:30 de la ma\u00f1ana de ayer lunes.<br \/>\nAs\u00ed lo inform\u00f3 a Diario El Trabajo el comandante de Bomberos Juan Carlos Herrera Lillo, indicando que el fuego debi\u00f3 ser combatido por tres unidades, logrando reducir las llamas dentro de 20 minutos.<br \/>\n\u00abUna casa se quem\u00f3, que estaba abandonada, probablemente la hayan quemado intencional, es parte de la investigaci\u00f3n. Afect\u00f3 pr\u00e1cticamente a toda la techumbre, estimo un 90%, es una casa que estaba deshabitada porque se hab\u00edan ido sus moradores semanas atr\u00e1s; no s\u00e9 cu\u00e1les ser\u00e1n los motivos, pero dicen que van a edificar. Tres unidades de San Felipe trabajaron en el incendio, no hubo Bomberos lesionados y en 20 minutos estuvo controlado el incendio\u00bb.<br \/>\nHerrera a\u00f1adi\u00f3 que se inici\u00f3 una investigaci\u00f3n por parte del Departamento T\u00e9cnico de Bomberos para establecer y determinar si el siniestro fue de car\u00e1cter intencional, y que los antecedentes ser\u00e1n remitidos a la Fiscal\u00eda Local de San Felipe.<br \/>\n<strong>Pablo Salinas Sald\u00edas<\/strong><\/p>\n<figure id=\"attachment_95047\" aria-describedby=\"caption-attachment-95047\" style=\"width: 580px\" class=\"wp-caption alignnone\"><img data-recalc-dims=\"1\" loading=\"lazy\" decoding=\"async\" class=\"size-full wp-image-95047\" src=\"https:\/\/i0.wp.com\/www.eltrabajo.cl\/portal\/wp-content\/uploads\/2019\/10\/incendio-escorial.jpg?resize=580%2C360\" alt=\"El fuego afect\u00f3 a una vivienda ubicada en el sector El Escorial de Panquehue, la ma\u00f1ana de ayer lunes.\" width=\"580\" height=\"360\" srcset=\"https:\/\/i0.wp.com\/eltrabajo.cl\/portal\/wp-content\/uploads\/2019\/10\/incendio-escorial.jpg?w=580&amp;ssl=1 580w, https:\/\/i0.wp.com\/eltrabajo.cl\/portal\/wp-content\/uploads\/2019\/10\/incendio-escorial.jpg?resize=200%2C124&amp;ssl=1 200w, https:\/\/i0.wp.com\/eltrabajo.cl\/portal\/wp-content\/uploads\/2019\/10\/incendio-escorial.jpg?resize=300%2C186&amp;ssl=1 300w, https:\/\/i0.wp.com\/eltrabajo.cl\/portal\/wp-content\/uploads\/2019\/10\/incendio-escorial.jpg?resize=242%2C150&amp;ssl=1 242w, https:\/\/i0.wp.com\/eltrabajo.cl\/portal\/wp-content\/uploads\/2019\/10\/incendio-escorial.jpg?resize=400%2C248&amp;ssl=1 400w\" sizes=\"auto, (max-width: 580px) 100vw, 580px\" \/><figcaption id=\"caption-attachment-95047\" class=\"wp-caption-text\">El fuego afect\u00f3 a una vivienda ubicada en el sector El Escorial de Panquehue, la ma\u00f1ana de ayer lunes.<\/figcaption><\/figure>\n","protected":false},"excerpt":{"rendered":"<p>Hecho ocurri\u00f3 la ma\u00f1ana de ayer lunes: Bomberos precis\u00f3 que el inmueble se encontraba sin moradores y que el Departamento T\u00e9cnico de la instituci\u00f3n investiga si el fuego fue provocado intencionalmente. En&#8230;<\/p>\n","protected":false},"author":482,"featured_media":95047,"comment_status":"open","ping_status":"open","sticky":false,"template":"","format":"standard","meta":{"advanced_seo_description":"","jetpack_seo_html_title":"","jetpack_seo_noindex":false,"_jetpack_memberships_contains_paid_content":false,"footnotes":""},"categories":[21],"tags":[],"class_list":["post-95046","post","type-post","status-publish","format-standard","has-post-thumbnail","hentry","category-policial"],"jetpack_featured_media_url":"https:\/\/i0.wp.com\/eltrabajo.cl\/portal\/wp-content\/uploads\/2019\/10\/incendio-escorial.jpg?fit=580%2C360&ssl=1","jetpack_sharing_enabled":true,"jetpack_likes_enabled":true,"jetpack-related-posts":[],"_links":{"self":[{"href":"https:\/\/eltrabajo.cl\/portal\/wp-json\/wp\/v2\/posts\/95046","targetHints":{"allow":["GET"]}}],"collection":[{"href":"https:\/\/eltrabajo.cl\/portal\/wp-json\/wp\/v2\/posts"}],"about":[{"href":"https:\/\/eltrabajo.cl\/portal\/wp-json\/wp\/v2\/types\/post"}],"author":[{"embeddable":true,"href":"https:\/\/eltrabajo.cl\/portal\/wp-json\/wp\/v2\/users\/482"}],"replies":[{"embeddable":true,"href":"https:\/\/eltrabajo.cl\/portal\/wp-json\/wp\/v2\/comments?post=95046"}],"version-history":[{"count":0,"href":"https:\/\/eltrabajo.cl\/portal\/wp-json\/wp\/v2\/posts\/95046\/revisions"}],"wp:featuredmedia":[{"embeddable":true,"href":"https:\/\/eltrabajo.cl\/portal\/wp-json\/wp\/v2\/media\/95047"}],"wp:attachment":[{"href":"https:\/\/eltrabajo.cl\/portal\/wp-json\/wp\/v2\/media?parent=95046"}],"wp:term":[{"taxonomy":"category","embeddable":true,"href":"https:\/\/eltrabajo.cl\/portal\/wp-json\/wp\/v2\/categories?post=95046"},{"taxonomy":"post_tag","embeddable":true,"href":"https:\/\/eltrabajo.cl\/portal\/wp-json\/wp\/v2\/tags?post=95046"}],"curies":[{"name":"wp","href":"https:\/\/api.w.org\/{rel}","templated":true}]}}