{"id":95049,"date":"2019-10-29T05:24:30","date_gmt":"2019-10-29T08:24:30","guid":{"rendered":"http:\/\/www.eltrabajo.cl\/portal\/?p=95049"},"modified":"2019-10-29T05:24:30","modified_gmt":"2019-10-29T08:24:30","slug":"danos-y-barricadas-ocasionan-encapuchados-en-el-centro-de-san-felipe","status":"publish","type":"post","link":"https:\/\/eltrabajo.cl\/portal\/danos-y-barricadas-ocasionan-encapuchados-en-el-centro-de-san-felipe\/","title":{"rendered":"Da\u00f1os y barricadas ocasionan encapuchados en el centro de San Felipe"},"content":{"rendered":"<p><span style=\"color: #ff0000;\"><strong>Incidentes la noche de este domingo:<\/strong><\/span><\/p>\n<ul>\n<li><strong>Entidades bancarias, AFP, Farmacia Cruz Verde y la Municipalidad de San Felipe fueron afectadas por grupo de v\u00e1ndalos que efectuaron disturbios y da\u00f1os de consideraci\u00f3n.<\/strong><\/li>\n<\/ul>\n<p>Tras las masivas marchas y posterior velat\u00f3n desarrolladas en forma totalmente pac\u00edficas en la Plaza de Armas de San Felipe, un grupo significativo de sujetos ocasion\u00f3 diversos da\u00f1os de consideraci\u00f3n a tres entidades bancarias, una AFP, una farmacia y la municipalidad, los que se asociaron con el encendido de barricadas durante la noche de este domingo.<br \/>\nEl gobernador provincial de San Felipe, Claudio Rodr\u00edguez Cataldo, junto con destacar las convocatorias a las marchas y eventos culturales desarrollados este fin de semana, lament\u00f3 los hechos ocurridos por la acci\u00f3n de v\u00e1ndalos que ocasionan da\u00f1os al comercio local e instituciones.<br \/>\n\u00abDesgraciadamente pasadas las 22:00 horas, personas encapuchadas efectuaron barricadas y fogatas en calle Salinas provocando algunos da\u00f1os, como tambi\u00e9n a las sucursales de la AFP Habitat, Banco Condell, BCI e Ita\u00fa, Farmacia Cruz Verde, dicha emergencia fue controlada por Carabineros y Bomberos. Tambi\u00e9n hubo barricadas en la esquina de Avenida Yungay con Chacabuco\u00bb.<br \/>\nRodr\u00edguez agreg\u00f3 que en la comuna de Llay Llay durante el d\u00eda domingo se efectuaron manifestaciones pac\u00edficas, sin embargo durante la noche hubo incendio de pastizales en el sector calle Manuel Rodr\u00edguez. En tanto en la comuna de Panquehue, hubo cortes en el tr\u00e1nsito de la ruta 60 CH.<br \/>\nHasta el cierre de esta nota, se registraron diversas manifestaciones en la Ruta 5 Norte en la comuna de Llay Llay, con el encendido de barricadas, misma situaci\u00f3n que ocurri\u00f3 en la comuna de Panquehue.<br \/>\n<strong>Pablo Salinas Sald\u00edas<\/strong><\/p>\n<figure id=\"attachment_95052\" aria-describedby=\"caption-attachment-95052\" style=\"width: 580px\" class=\"wp-caption alignnone\"><img data-recalc-dims=\"1\" loading=\"lazy\" decoding=\"async\" class=\"size-full wp-image-95052\" src=\"https:\/\/i0.wp.com\/www.eltrabajo.cl\/portal\/wp-content\/uploads\/2019\/10\/incidentes-3.jpg?resize=580%2C360\" alt=\"La Municipalidad repar\u00f3 los da\u00f1os ocasionados por encapuchados en el acceso principal al edificio.\" width=\"580\" height=\"360\" srcset=\"https:\/\/i0.wp.com\/eltrabajo.cl\/portal\/wp-content\/uploads\/2019\/10\/incidentes-3.jpg?w=580&amp;ssl=1 580w, https:\/\/i0.wp.com\/eltrabajo.cl\/portal\/wp-content\/uploads\/2019\/10\/incidentes-3.jpg?resize=200%2C124&amp;ssl=1 200w, https:\/\/i0.wp.com\/eltrabajo.cl\/portal\/wp-content\/uploads\/2019\/10\/incidentes-3.jpg?resize=300%2C186&amp;ssl=1 300w, https:\/\/i0.wp.com\/eltrabajo.cl\/portal\/wp-content\/uploads\/2019\/10\/incidentes-3.jpg?resize=242%2C150&amp;ssl=1 242w, https:\/\/i0.wp.com\/eltrabajo.cl\/portal\/wp-content\/uploads\/2019\/10\/incidentes-3.jpg?resize=400%2C248&amp;ssl=1 400w\" sizes=\"auto, (max-width: 580px) 100vw, 580px\" \/><figcaption id=\"caption-attachment-95052\" class=\"wp-caption-text\">La Municipalidad repar\u00f3 los da\u00f1os ocasionados por encapuchados en el acceso principal al edificio.<\/figcaption><\/figure>\n<figure id=\"attachment_95054\" aria-describedby=\"caption-attachment-95054\" style=\"width: 580px\" class=\"wp-caption alignnone\"><img data-recalc-dims=\"1\" loading=\"lazy\" decoding=\"async\" class=\"size-full wp-image-95054\" src=\"https:\/\/i0.wp.com\/www.eltrabajo.cl\/portal\/wp-content\/uploads\/2019\/10\/incidentes-5.jpg?resize=580%2C358\" alt=\"Manifestantes protestando en la ruta 5 Norte en la comuna de Llay Llay. (Fotograf\u00eda: Llay Llay Manifiesta).\" width=\"580\" height=\"358\" srcset=\"https:\/\/i0.wp.com\/eltrabajo.cl\/portal\/wp-content\/uploads\/2019\/10\/incidentes-5.jpg?w=580&amp;ssl=1 580w, https:\/\/i0.wp.com\/eltrabajo.cl\/portal\/wp-content\/uploads\/2019\/10\/incidentes-5.jpg?resize=200%2C123&amp;ssl=1 200w, https:\/\/i0.wp.com\/eltrabajo.cl\/portal\/wp-content\/uploads\/2019\/10\/incidentes-5.jpg?resize=300%2C185&amp;ssl=1 300w, https:\/\/i0.wp.com\/eltrabajo.cl\/portal\/wp-content\/uploads\/2019\/10\/incidentes-5.jpg?resize=243%2C150&amp;ssl=1 243w, https:\/\/i0.wp.com\/eltrabajo.cl\/portal\/wp-content\/uploads\/2019\/10\/incidentes-5.jpg?resize=400%2C247&amp;ssl=1 400w\" sizes=\"auto, (max-width: 580px) 100vw, 580px\" \/><figcaption id=\"caption-attachment-95054\" class=\"wp-caption-text\">Manifestantes protestando en la ruta 5 Norte en la comuna de Llay Llay. (Fotograf\u00eda: Llay Llay Manifiesta).<\/figcaption><\/figure>\n<figure id=\"attachment_95053\" aria-describedby=\"caption-attachment-95053\" style=\"width: 580px\" class=\"wp-caption alignnone\"><img data-recalc-dims=\"1\" loading=\"lazy\" decoding=\"async\" class=\"size-full wp-image-95053\" src=\"https:\/\/i0.wp.com\/www.eltrabajo.cl\/portal\/wp-content\/uploads\/2019\/10\/incidentes-4.jpg?resize=580%2C359\" alt=\"Diversos bloqueos con barricadas ocurrieron durante este lunes en la ruta 60 CH y Troncal de la comuna de Panquehue.\" width=\"580\" height=\"359\" srcset=\"https:\/\/i0.wp.com\/eltrabajo.cl\/portal\/wp-content\/uploads\/2019\/10\/incidentes-4.jpg?w=580&amp;ssl=1 580w, https:\/\/i0.wp.com\/eltrabajo.cl\/portal\/wp-content\/uploads\/2019\/10\/incidentes-4.jpg?resize=200%2C124&amp;ssl=1 200w, https:\/\/i0.wp.com\/eltrabajo.cl\/portal\/wp-content\/uploads\/2019\/10\/incidentes-4.jpg?resize=300%2C186&amp;ssl=1 300w, https:\/\/i0.wp.com\/eltrabajo.cl\/portal\/wp-content\/uploads\/2019\/10\/incidentes-4.jpg?resize=242%2C150&amp;ssl=1 242w, https:\/\/i0.wp.com\/eltrabajo.cl\/portal\/wp-content\/uploads\/2019\/10\/incidentes-4.jpg?resize=400%2C248&amp;ssl=1 400w\" sizes=\"auto, (max-width: 580px) 100vw, 580px\" \/><figcaption id=\"caption-attachment-95053\" class=\"wp-caption-text\">Diversos bloqueos con barricadas ocurrieron durante este lunes en la ruta 60 CH y Troncal de la comuna de Panquehue.<\/figcaption><\/figure>\n<figure id=\"attachment_95051\" aria-describedby=\"caption-attachment-95051\" style=\"width: 580px\" class=\"wp-caption alignnone\"><img data-recalc-dims=\"1\" loading=\"lazy\" decoding=\"async\" class=\"size-full wp-image-95051\" src=\"https:\/\/i0.wp.com\/www.eltrabajo.cl\/portal\/wp-content\/uploads\/2019\/10\/incidentes-2.jpg?resize=580%2C359\" alt=\"Los incidentes se registraron la noche de este domingo en el centro de la comuna de San Felipe.\" width=\"580\" height=\"359\" srcset=\"https:\/\/i0.wp.com\/eltrabajo.cl\/portal\/wp-content\/uploads\/2019\/10\/incidentes-2.jpg?w=580&amp;ssl=1 580w, https:\/\/i0.wp.com\/eltrabajo.cl\/portal\/wp-content\/uploads\/2019\/10\/incidentes-2.jpg?resize=200%2C124&amp;ssl=1 200w, https:\/\/i0.wp.com\/eltrabajo.cl\/portal\/wp-content\/uploads\/2019\/10\/incidentes-2.jpg?resize=300%2C186&amp;ssl=1 300w, https:\/\/i0.wp.com\/eltrabajo.cl\/portal\/wp-content\/uploads\/2019\/10\/incidentes-2.jpg?resize=242%2C150&amp;ssl=1 242w, https:\/\/i0.wp.com\/eltrabajo.cl\/portal\/wp-content\/uploads\/2019\/10\/incidentes-2.jpg?resize=400%2C248&amp;ssl=1 400w\" sizes=\"auto, (max-width: 580px) 100vw, 580px\" \/><figcaption id=\"caption-attachment-95051\" class=\"wp-caption-text\">Los incidentes se registraron la noche de este domingo en el centro de la comuna de San Felipe.<\/figcaption><\/figure>\n<figure id=\"attachment_95050\" aria-describedby=\"caption-attachment-95050\" style=\"width: 580px\" class=\"wp-caption alignnone\"><img data-recalc-dims=\"1\" loading=\"lazy\" decoding=\"async\" class=\"size-full wp-image-95050\" src=\"https:\/\/i0.wp.com\/www.eltrabajo.cl\/portal\/wp-content\/uploads\/2019\/10\/incidentes-1.jpg?resize=580%2C359\" alt=\"Grupo de encapuchados encendieron barricadas en calle Prat frente a la Plaza de Armas de San Felipe.\" width=\"580\" height=\"359\" srcset=\"https:\/\/i0.wp.com\/eltrabajo.cl\/portal\/wp-content\/uploads\/2019\/10\/incidentes-1.jpg?w=580&amp;ssl=1 580w, https:\/\/i0.wp.com\/eltrabajo.cl\/portal\/wp-content\/uploads\/2019\/10\/incidentes-1.jpg?resize=200%2C124&amp;ssl=1 200w, https:\/\/i0.wp.com\/eltrabajo.cl\/portal\/wp-content\/uploads\/2019\/10\/incidentes-1.jpg?resize=300%2C186&amp;ssl=1 300w, https:\/\/i0.wp.com\/eltrabajo.cl\/portal\/wp-content\/uploads\/2019\/10\/incidentes-1.jpg?resize=242%2C150&amp;ssl=1 242w, https:\/\/i0.wp.com\/eltrabajo.cl\/portal\/wp-content\/uploads\/2019\/10\/incidentes-1.jpg?resize=400%2C248&amp;ssl=1 400w\" sizes=\"auto, (max-width: 580px) 100vw, 580px\" \/><figcaption id=\"caption-attachment-95050\" class=\"wp-caption-text\">Grupo de encapuchados encendieron barricadas en calle Prat frente a la Plaza de Armas de San Felipe.<\/figcaption><\/figure>\n","protected":false},"excerpt":{"rendered":"<p>Incidentes la noche de este domingo: Entidades bancarias, AFP, Farmacia Cruz Verde y la Municipalidad de San Felipe fueron afectadas por grupo de v\u00e1ndalos que efectuaron disturbios y da\u00f1os de consideraci\u00f3n. Tras&#8230;<\/p>\n","protected":false},"author":482,"featured_media":95052,"comment_status":"open","ping_status":"open","sticky":false,"template":"","format":"standard","meta":{"advanced_seo_description":"","jetpack_seo_html_title":"","jetpack_seo_noindex":false,"_jetpack_memberships_contains_paid_content":false,"footnotes":""},"categories":[21],"tags":[],"class_list":["post-95049","post","type-post","status-publish","format-standard","has-post-thumbnail","hentry","category-policial"],"jetpack_featured_media_url":"https:\/\/i0.wp.com\/eltrabajo.cl\/portal\/wp-content\/uploads\/2019\/10\/incidentes-3.jpg?fit=580%2C360&ssl=1","jetpack_sharing_enabled":true,"jetpack_likes_enabled":true,"jetpack-related-posts":[],"_links":{"self":[{"href":"https:\/\/eltrabajo.cl\/portal\/wp-json\/wp\/v2\/posts\/95049","targetHints":{"allow":["GET"]}}],"collection":[{"href":"https:\/\/eltrabajo.cl\/portal\/wp-json\/wp\/v2\/posts"}],"about":[{"href":"https:\/\/eltrabajo.cl\/portal\/wp-json\/wp\/v2\/types\/post"}],"author":[{"embeddable":true,"href":"https:\/\/eltrabajo.cl\/portal\/wp-json\/wp\/v2\/users\/482"}],"replies":[{"embeddable":true,"href":"https:\/\/eltrabajo.cl\/portal\/wp-json\/wp\/v2\/comments?post=95049"}],"version-history":[{"count":0,"href":"https:\/\/eltrabajo.cl\/portal\/wp-json\/wp\/v2\/posts\/95049\/revisions"}],"wp:featuredmedia":[{"embeddable":true,"href":"https:\/\/eltrabajo.cl\/portal\/wp-json\/wp\/v2\/media\/95052"}],"wp:attachment":[{"href":"https:\/\/eltrabajo.cl\/portal\/wp-json\/wp\/v2\/media?parent=95049"}],"wp:term":[{"taxonomy":"category","embeddable":true,"href":"https:\/\/eltrabajo.cl\/portal\/wp-json\/wp\/v2\/categories?post=95049"},{"taxonomy":"post_tag","embeddable":true,"href":"https:\/\/eltrabajo.cl\/portal\/wp-json\/wp\/v2\/tags?post=95049"}],"curies":[{"name":"wp","href":"https:\/\/api.w.org\/{rel}","templated":true}]}}