{"id":95081,"date":"2019-10-30T05:07:48","date_gmt":"2019-10-30T08:07:48","guid":{"rendered":"http:\/\/www.eltrabajo.cl\/portal\/?p=95081"},"modified":"2019-10-29T20:38:32","modified_gmt":"2019-10-29T23:38:32","slug":"catorce-detenidos-dejan-violentas-manifestaciones-la-noche-del-lunes-en-san-felipe","status":"publish","type":"post","link":"https:\/\/eltrabajo.cl\/portal\/catorce-detenidos-dejan-violentas-manifestaciones-la-noche-del-lunes-en-san-felipe\/","title":{"rendered":"Catorce detenidos dejan violentas manifestaciones la noche del lunes en San Felipe"},"content":{"rendered":"<p><span style=\"color: #ff0000;\"><strong>Por des\u00f3rdenes p\u00fablicos y da\u00f1os:<\/strong><\/span><\/p>\n<ul>\n<li><strong>En distintos puntos de la comuna se produjeron da\u00f1os como el ataque al edificio de la Municipalidad y el encendido de barricadas.<\/strong><\/li>\n<\/ul>\n<p>Serios incidentes se registraron durante la jornada de este lunes, produciendo actos vand\u00e1licos como el ocurrido contra del edificio de la Municipalidad de San Felipe, encendido de barricadas, bloqueos en distintas rutas y diversos des\u00f3rdenes p\u00fablicos.<br \/>\nEl gobernador provincial de San Felipe, Claudio Rodr\u00edguez Cataldo, detall\u00f3 que durante la jornada se registraron 14 personas detenidas por Carabineros durante los disturbios, ocurridos en la plaza de Armas y que afectaron el edificio municipal, como asimismo en el frontis de la Comisar\u00eda de Carabineros y sector de la cancha de tenis, donde se produjeron desmanes y encendido de barricadas.<br \/>\n\u00abA las 17:00 horas se inicia una marcha por las calles c\u00e9ntricas hasta llegar al frontis de la Prefectura de Carabineros, donde se registran objetos contundentes, Carabineros procede a repeler la acci\u00f3n con la utilizaci\u00f3n de lacrim\u00f3genas. Los manifestantes se trasladan hasta la Plaza de Armas, donde un grupo de encapuchados comenz\u00f3 a lanzar objetos contundentes al edificio municipal y bomba molotov. Carabineros llega al lugar y bomberos procede a extinguir el fuego\u00bb.<br \/>\nAsimismo a las 19:40 horas de este lunes, manifestantes procedieron a encender barricadas en la esquina de avenida Yungay con Prat, produci\u00e9ndose destrozos a los sem\u00e1foros instalados en esa arteria.<br \/>\nEl gobernador afirm\u00f3 que en horas de la noche del lunes, en las comunas de Llay Llay, Catemu y Putaendo se produjeron barricadas y cortes en la ruta E-65 en el sector del Puente Chagres; ruta E-71 sector Las Coimas de Putaendo y ruta 5 Norte en la comuna de Llay Llay.<br \/>\n<strong>Pablo Salinas Sald\u00edas<\/strong><\/p>\n<figure id=\"attachment_95082\" aria-describedby=\"caption-attachment-95082\" style=\"width: 580px\" class=\"wp-caption alignnone\"><img data-recalc-dims=\"1\" loading=\"lazy\" decoding=\"async\" class=\"size-full wp-image-95082\" src=\"https:\/\/i0.wp.com\/www.eltrabajo.cl\/portal\/wp-content\/uploads\/2019\/10\/barricadas-1.jpg?resize=580%2C360\" alt=\"Barricadas en la esquina de calle Prat con avenida Yungay de San Felipe.\" width=\"580\" height=\"360\" srcset=\"https:\/\/i0.wp.com\/eltrabajo.cl\/portal\/wp-content\/uploads\/2019\/10\/barricadas-1.jpg?w=580&amp;ssl=1 580w, https:\/\/i0.wp.com\/eltrabajo.cl\/portal\/wp-content\/uploads\/2019\/10\/barricadas-1.jpg?resize=200%2C124&amp;ssl=1 200w, https:\/\/i0.wp.com\/eltrabajo.cl\/portal\/wp-content\/uploads\/2019\/10\/barricadas-1.jpg?resize=300%2C186&amp;ssl=1 300w, https:\/\/i0.wp.com\/eltrabajo.cl\/portal\/wp-content\/uploads\/2019\/10\/barricadas-1.jpg?resize=242%2C150&amp;ssl=1 242w, https:\/\/i0.wp.com\/eltrabajo.cl\/portal\/wp-content\/uploads\/2019\/10\/barricadas-1.jpg?resize=400%2C248&amp;ssl=1 400w\" sizes=\"auto, (max-width: 580px) 100vw, 580px\" \/><figcaption id=\"caption-attachment-95082\" class=\"wp-caption-text\">Barricadas en la esquina de calle Prat con avenida Yungay de San Felipe.<\/figcaption><\/figure>\n<figure id=\"attachment_95083\" aria-describedby=\"caption-attachment-95083\" style=\"width: 580px\" class=\"wp-caption alignnone\"><img data-recalc-dims=\"1\" loading=\"lazy\" decoding=\"async\" class=\"size-full wp-image-95083\" src=\"https:\/\/i0.wp.com\/www.eltrabajo.cl\/portal\/wp-content\/uploads\/2019\/10\/barricadas-2.jpg?resize=580%2C360\" alt=\"Incidentes ocurrieron en la esquina de la Cancha de tenis de San Felipe.\" width=\"580\" height=\"360\" srcset=\"https:\/\/i0.wp.com\/eltrabajo.cl\/portal\/wp-content\/uploads\/2019\/10\/barricadas-2.jpg?w=580&amp;ssl=1 580w, https:\/\/i0.wp.com\/eltrabajo.cl\/portal\/wp-content\/uploads\/2019\/10\/barricadas-2.jpg?resize=200%2C124&amp;ssl=1 200w, https:\/\/i0.wp.com\/eltrabajo.cl\/portal\/wp-content\/uploads\/2019\/10\/barricadas-2.jpg?resize=300%2C186&amp;ssl=1 300w, https:\/\/i0.wp.com\/eltrabajo.cl\/portal\/wp-content\/uploads\/2019\/10\/barricadas-2.jpg?resize=242%2C150&amp;ssl=1 242w, https:\/\/i0.wp.com\/eltrabajo.cl\/portal\/wp-content\/uploads\/2019\/10\/barricadas-2.jpg?resize=400%2C248&amp;ssl=1 400w\" sizes=\"auto, (max-width: 580px) 100vw, 580px\" \/><figcaption id=\"caption-attachment-95083\" class=\"wp-caption-text\">Incidentes ocurrieron en la esquina de la Cancha de tenis de San Felipe.<\/figcaption><\/figure>\n<figure id=\"attachment_95084\" aria-describedby=\"caption-attachment-95084\" style=\"width: 580px\" class=\"wp-caption alignnone\"><img data-recalc-dims=\"1\" loading=\"lazy\" decoding=\"async\" class=\"size-full wp-image-95084\" src=\"https:\/\/i0.wp.com\/www.eltrabajo.cl\/portal\/wp-content\/uploads\/2019\/10\/barricadas-3.jpg?resize=580%2C360\" alt=\"Carabineros dispersando a los manifestantes en el centro de la comuna de San Felipe.\" width=\"580\" height=\"360\" srcset=\"https:\/\/i0.wp.com\/eltrabajo.cl\/portal\/wp-content\/uploads\/2019\/10\/barricadas-3.jpg?w=580&amp;ssl=1 580w, https:\/\/i0.wp.com\/eltrabajo.cl\/portal\/wp-content\/uploads\/2019\/10\/barricadas-3.jpg?resize=200%2C124&amp;ssl=1 200w, https:\/\/i0.wp.com\/eltrabajo.cl\/portal\/wp-content\/uploads\/2019\/10\/barricadas-3.jpg?resize=300%2C186&amp;ssl=1 300w, https:\/\/i0.wp.com\/eltrabajo.cl\/portal\/wp-content\/uploads\/2019\/10\/barricadas-3.jpg?resize=242%2C150&amp;ssl=1 242w, https:\/\/i0.wp.com\/eltrabajo.cl\/portal\/wp-content\/uploads\/2019\/10\/barricadas-3.jpg?resize=400%2C248&amp;ssl=1 400w\" sizes=\"auto, (max-width: 580px) 100vw, 580px\" \/><figcaption id=\"caption-attachment-95084\" class=\"wp-caption-text\">Carabineros dispersando a los manifestantes en el centro de la comuna de San Felipe.<\/figcaption><\/figure>\n","protected":false},"excerpt":{"rendered":"<p>Por des\u00f3rdenes p\u00fablicos y da\u00f1os: En distintos puntos de la comuna se produjeron da\u00f1os como el ataque al edificio de la Municipalidad y el encendido de barricadas. Serios incidentes se registraron durante&#8230;<\/p>\n","protected":false},"author":482,"featured_media":95082,"comment_status":"open","ping_status":"open","sticky":false,"template":"","format":"standard","meta":{"advanced_seo_description":"","jetpack_seo_html_title":"","jetpack_seo_noindex":false,"_jetpack_memberships_contains_paid_content":false,"footnotes":""},"categories":[21],"tags":[],"class_list":["post-95081","post","type-post","status-publish","format-standard","has-post-thumbnail","hentry","category-policial"],"jetpack_featured_media_url":"https:\/\/i0.wp.com\/eltrabajo.cl\/portal\/wp-content\/uploads\/2019\/10\/barricadas-1.jpg?fit=580%2C360&ssl=1","jetpack_sharing_enabled":true,"jetpack_likes_enabled":true,"jetpack-related-posts":[],"_links":{"self":[{"href":"https:\/\/eltrabajo.cl\/portal\/wp-json\/wp\/v2\/posts\/95081","targetHints":{"allow":["GET"]}}],"collection":[{"href":"https:\/\/eltrabajo.cl\/portal\/wp-json\/wp\/v2\/posts"}],"about":[{"href":"https:\/\/eltrabajo.cl\/portal\/wp-json\/wp\/v2\/types\/post"}],"author":[{"embeddable":true,"href":"https:\/\/eltrabajo.cl\/portal\/wp-json\/wp\/v2\/users\/482"}],"replies":[{"embeddable":true,"href":"https:\/\/eltrabajo.cl\/portal\/wp-json\/wp\/v2\/comments?post=95081"}],"version-history":[{"count":0,"href":"https:\/\/eltrabajo.cl\/portal\/wp-json\/wp\/v2\/posts\/95081\/revisions"}],"wp:featuredmedia":[{"embeddable":true,"href":"https:\/\/eltrabajo.cl\/portal\/wp-json\/wp\/v2\/media\/95082"}],"wp:attachment":[{"href":"https:\/\/eltrabajo.cl\/portal\/wp-json\/wp\/v2\/media?parent=95081"}],"wp:term":[{"taxonomy":"category","embeddable":true,"href":"https:\/\/eltrabajo.cl\/portal\/wp-json\/wp\/v2\/categories?post=95081"},{"taxonomy":"post_tag","embeddable":true,"href":"https:\/\/eltrabajo.cl\/portal\/wp-json\/wp\/v2\/tags?post=95081"}],"curies":[{"name":"wp","href":"https:\/\/api.w.org\/{rel}","templated":true}]}}