{"id":95087,"date":"2019-11-04T05:01:22","date_gmt":"2019-11-04T08:01:22","guid":{"rendered":"http:\/\/www.eltrabajo.cl\/portal\/?p=95087"},"modified":"2019-11-03T20:36:53","modified_gmt":"2019-11-03T23:36:53","slug":"joven-de-la-calera-fue-elegido-como-el-nuevo-mister-aconcagua-2019","status":"publish","type":"post","link":"https:\/\/eltrabajo.cl\/portal\/joven-de-la-calera-fue-elegido-como-el-nuevo-mister-aconcagua-2019\/","title":{"rendered":"Joven de La Calera fue elegido como el nuevo M\u00edster Aconcagua 2019"},"content":{"rendered":"<p><span style=\"color: #ff0000;\"><strong>Manuel Aranda venci\u00f3 a los mejores del Circuito Achiff:<\/strong><\/span><\/p>\n<p>Un joven deportista de 27 a\u00f1os de edad y vecino de La Calera, es el muevo M\u00edster Aconcagua 2019, campeonato de fisiculturismo que se realiza en nuestra comuna desde hace m\u00e1s de 20 a\u00f1os, una iniciativa desarrollada por Antonio Amar, en San Felipe. En total y dado a las circunstancias de las protestas y riego de vandalismo en centro de reuniones p\u00fablicas, s\u00f3lo participaron 30 competidores del pa\u00eds.<\/p>\n<p><span style=\"color: #ff0000;\"><strong>MUSCULOSA JORNADA<\/strong><\/span><br \/>\nDiario El Trabajo tom\u00f3 registro de la competitiva jornada, misma en la que participaron j\u00f3venes, adultos, mujeres y los m\u00e1s experimentados en la categor\u00eda M\u00e1ster.<br \/>\n\u00abEn esta oportunidad participaron 30 fisiculturistas del pa\u00eds, llegaron competidores de Punta Arenas, La Calera, Santiago, Valpara\u00edso y Concepci\u00f3n entre otras ciudades. Este a\u00f1o adem\u00e1s de las copas y medallas que ganaron cada uno en sus categor\u00edas, hubo $150.000 para el primer lugar, tambi\u00e9n como novedad tuvimos la categor\u00eda prejuvenil (18). El campe\u00f3n este a\u00f1o, el nuevo M\u00edster Aconcagua es Manuel Aranda, de La Calera, \u00e9l tuvo un excelente desempe\u00f1o y el Jurado compuesto por Le\u00f3nidas Troncoso, Luis Soto, Pedro Acosta y V\u00edctor Godoy, lo seleccionaron como el nuevo campe\u00f3n\u00bb, inform\u00f3 Amar a nuestro medio.<br \/>\nEste certamen de fisiculturismo est\u00e1 organizado por la Asociaci\u00f3n Chilena de Fisiculturismo y Fitness (Achiff), la organizaci\u00f3n con m\u00e1s trayectoria en el pa\u00eds relacionada con el fisiculturismo chileno. M\u00edster Aconcagua se realiz\u00f3 los a\u00f1os 1988-89, se suspendi\u00f3, y a partir del a\u00f1o 2000 se retom\u00f3 hasta la fecha.<br \/>\nPor su parte Danilo Pe\u00f1a, encargado de Deportes de la Municipalidad de San Felipe, declar\u00f3 a nuestro medio que \u00abes una vasta trayectoria la que Antonio Amar tiene en este tipo de torneos, esta fue una jornada que se logr\u00f3 desarrollar a pesar de la contingencia en el Teatro Roberto Barraza en San Felipe, Amar es conocido por sus m\u00faltiples actividades en todo Chile relacionadas con el deporte\u00bb, dijo Pe\u00f1a.<br \/>\nDiario El Trabajo habl\u00f3 con el nuevo M\u00edster Aconcagua 2019, Manuel Aranda, con quien pudimos hablar tras terminar el campeonato, \u00abactualmente estoy entrenando lo que es gimnasio Sport Light, llevo entrenando m\u00e1s de cinco a\u00f1os, en 2018 empec\u00e9 a competir de manera m\u00e1s rigurosa, en donde se nos exige cintura estrecha, buenos hombros, espalda, tronco superior, abdomen sin grasa, calidad muscular etc. Etc., de momento estoy soltero y no he formado una familia\u00bb, dijo Aranda.<br \/>\n<strong>Roberto Gonz\u00e1lez Short<\/strong><\/p>\n<figure id=\"attachment_95088\" aria-describedby=\"caption-attachment-95088\" style=\"width: 580px\" class=\"wp-caption alignnone\"><img data-recalc-dims=\"1\" loading=\"lazy\" decoding=\"async\" class=\"size-full wp-image-95088\" src=\"https:\/\/i0.wp.com\/www.eltrabajo.cl\/portal\/wp-content\/uploads\/2019\/11\/Mister1.jpg?resize=580%2C360\" alt=\"LOS FORTACHONES.- Rolando Burgos, Luis Ahumada y H\u00e9ctor Rom\u00e1n impresionaron al p\u00fablico y al Jurado.\" width=\"580\" height=\"360\" srcset=\"https:\/\/i0.wp.com\/eltrabajo.cl\/portal\/wp-content\/uploads\/2019\/11\/Mister1.jpg?w=580&amp;ssl=1 580w, https:\/\/i0.wp.com\/eltrabajo.cl\/portal\/wp-content\/uploads\/2019\/11\/Mister1.jpg?resize=200%2C124&amp;ssl=1 200w, https:\/\/i0.wp.com\/eltrabajo.cl\/portal\/wp-content\/uploads\/2019\/11\/Mister1.jpg?resize=300%2C186&amp;ssl=1 300w, https:\/\/i0.wp.com\/eltrabajo.cl\/portal\/wp-content\/uploads\/2019\/11\/Mister1.jpg?resize=242%2C150&amp;ssl=1 242w, https:\/\/i0.wp.com\/eltrabajo.cl\/portal\/wp-content\/uploads\/2019\/11\/Mister1.jpg?resize=400%2C248&amp;ssl=1 400w\" sizes=\"auto, (max-width: 580px) 100vw, 580px\" \/><figcaption id=\"caption-attachment-95088\" class=\"wp-caption-text\">LOS FORTACHONES.- Rolando Burgos, Luis Ahumada y H\u00e9ctor Rom\u00e1n impresionaron al p\u00fablico y al Jurado.<\/figcaption><\/figure>\n<figure id=\"attachment_95089\" aria-describedby=\"caption-attachment-95089\" style=\"width: 580px\" class=\"wp-caption alignnone\"><img data-recalc-dims=\"1\" loading=\"lazy\" decoding=\"async\" class=\"size-full wp-image-95089\" src=\"https:\/\/i0.wp.com\/www.eltrabajo.cl\/portal\/wp-content\/uploads\/2019\/11\/Mister2.jpg?resize=580%2C359\" alt=\"LOS JUECES.- El Jurado estuvo conformado por Le\u00f3nidas Troncoso, Luis Soto, Pedro Acosta y V\u00edctor Godoy.\" width=\"580\" height=\"359\" srcset=\"https:\/\/i0.wp.com\/eltrabajo.cl\/portal\/wp-content\/uploads\/2019\/11\/Mister2.jpg?w=580&amp;ssl=1 580w, https:\/\/i0.wp.com\/eltrabajo.cl\/portal\/wp-content\/uploads\/2019\/11\/Mister2.jpg?resize=200%2C124&amp;ssl=1 200w, https:\/\/i0.wp.com\/eltrabajo.cl\/portal\/wp-content\/uploads\/2019\/11\/Mister2.jpg?resize=300%2C186&amp;ssl=1 300w, https:\/\/i0.wp.com\/eltrabajo.cl\/portal\/wp-content\/uploads\/2019\/11\/Mister2.jpg?resize=242%2C150&amp;ssl=1 242w, https:\/\/i0.wp.com\/eltrabajo.cl\/portal\/wp-content\/uploads\/2019\/11\/Mister2.jpg?resize=400%2C248&amp;ssl=1 400w\" sizes=\"auto, (max-width: 580px) 100vw, 580px\" \/><figcaption id=\"caption-attachment-95089\" class=\"wp-caption-text\">LOS JUECES.- El Jurado estuvo conformado por Le\u00f3nidas Troncoso, Luis Soto, Pedro Acosta y V\u00edctor Godoy.<\/figcaption><\/figure>\n<figure id=\"attachment_95091\" aria-describedby=\"caption-attachment-95091\" style=\"width: 579px\" class=\"wp-caption alignnone\"><img data-recalc-dims=\"1\" loading=\"lazy\" decoding=\"async\" class=\"size-full wp-image-95091\" src=\"https:\/\/i0.wp.com\/www.eltrabajo.cl\/portal\/wp-content\/uploads\/2019\/11\/Mister_Danilo-Pena.jpg?resize=579%2C646\" alt=\"Danilo Pe\u00f1a, encargado de Deportes de la Municipalidad de San Felipe.\" width=\"579\" height=\"646\" srcset=\"https:\/\/i0.wp.com\/eltrabajo.cl\/portal\/wp-content\/uploads\/2019\/11\/Mister_Danilo-Pena.jpg?w=579&amp;ssl=1 579w, https:\/\/i0.wp.com\/eltrabajo.cl\/portal\/wp-content\/uploads\/2019\/11\/Mister_Danilo-Pena.jpg?resize=134%2C150&amp;ssl=1 134w, https:\/\/i0.wp.com\/eltrabajo.cl\/portal\/wp-content\/uploads\/2019\/11\/Mister_Danilo-Pena.jpg?resize=269%2C300&amp;ssl=1 269w, https:\/\/i0.wp.com\/eltrabajo.cl\/portal\/wp-content\/uploads\/2019\/11\/Mister_Danilo-Pena.jpg?resize=400%2C446&amp;ssl=1 400w\" sizes=\"auto, (max-width: 579px) 100vw, 579px\" \/><figcaption id=\"caption-attachment-95091\" class=\"wp-caption-text\">Danilo Pe\u00f1a, encargado de Deportes de la Municipalidad de San Felipe.<\/figcaption><\/figure>\n<figure id=\"attachment_95090\" aria-describedby=\"caption-attachment-95090\" style=\"width: 579px\" class=\"wp-caption alignnone\"><img data-recalc-dims=\"1\" loading=\"lazy\" decoding=\"async\" class=\"size-full wp-image-95090\" src=\"https:\/\/i0.wp.com\/www.eltrabajo.cl\/portal\/wp-content\/uploads\/2019\/11\/Mister_Antonio-Amar.jpg?resize=579%2C612\" alt=\"Antonio Amar, organiza el campeonato.\" width=\"579\" height=\"612\" srcset=\"https:\/\/i0.wp.com\/eltrabajo.cl\/portal\/wp-content\/uploads\/2019\/11\/Mister_Antonio-Amar.jpg?w=579&amp;ssl=1 579w, https:\/\/i0.wp.com\/eltrabajo.cl\/portal\/wp-content\/uploads\/2019\/11\/Mister_Antonio-Amar.jpg?resize=142%2C150&amp;ssl=1 142w, https:\/\/i0.wp.com\/eltrabajo.cl\/portal\/wp-content\/uploads\/2019\/11\/Mister_Antonio-Amar.jpg?resize=284%2C300&amp;ssl=1 284w, https:\/\/i0.wp.com\/eltrabajo.cl\/portal\/wp-content\/uploads\/2019\/11\/Mister_Antonio-Amar.jpg?resize=400%2C423&amp;ssl=1 400w\" sizes=\"auto, (max-width: 579px) 100vw, 579px\" \/><figcaption id=\"caption-attachment-95090\" class=\"wp-caption-text\">Antonio Amar, organiza el campeonato.<\/figcaption><\/figure>\n<figure id=\"attachment_95092\" aria-describedby=\"caption-attachment-95092\" style=\"width: 579px\" class=\"wp-caption alignnone\"><img data-recalc-dims=\"1\" loading=\"lazy\" decoding=\"async\" class=\"size-full wp-image-95092\" src=\"https:\/\/i0.wp.com\/www.eltrabajo.cl\/portal\/wp-content\/uploads\/2019\/11\/Mister_Jackson-Yendes.jpg?resize=579%2C754\" alt=\"El venezolano Jackson Yendes fue el M\u00edster Aconcagua 2018, este a\u00f1o no particip\u00f3.\" width=\"579\" height=\"754\" srcset=\"https:\/\/i0.wp.com\/eltrabajo.cl\/portal\/wp-content\/uploads\/2019\/11\/Mister_Jackson-Yendes.jpg?w=579&amp;ssl=1 579w, https:\/\/i0.wp.com\/eltrabajo.cl\/portal\/wp-content\/uploads\/2019\/11\/Mister_Jackson-Yendes.jpg?resize=115%2C150&amp;ssl=1 115w, https:\/\/i0.wp.com\/eltrabajo.cl\/portal\/wp-content\/uploads\/2019\/11\/Mister_Jackson-Yendes.jpg?resize=230%2C300&amp;ssl=1 230w, https:\/\/i0.wp.com\/eltrabajo.cl\/portal\/wp-content\/uploads\/2019\/11\/Mister_Jackson-Yendes.jpg?resize=400%2C521&amp;ssl=1 400w\" sizes=\"auto, (max-width: 579px) 100vw, 579px\" \/><figcaption id=\"caption-attachment-95092\" class=\"wp-caption-text\">El venezolano Jackson Yendes fue el M\u00edster Aconcagua 2018, este a\u00f1o no particip\u00f3.<\/figcaption><\/figure>\n<figure id=\"attachment_95094\" aria-describedby=\"caption-attachment-95094\" style=\"width: 579px\" class=\"wp-caption alignnone\"><img data-recalc-dims=\"1\" loading=\"lazy\" decoding=\"async\" class=\"size-full wp-image-95094\" src=\"https:\/\/i0.wp.com\/www.eltrabajo.cl\/portal\/wp-content\/uploads\/2019\/11\/Mister_Manuel-Aranda.jpg?resize=579%2C869\" alt=\"EL MEJOR.- Manuel Aranda, de La Calera, es el nuevo M\u00edster Aconcagua 2019.\" width=\"579\" height=\"869\" srcset=\"https:\/\/i0.wp.com\/eltrabajo.cl\/portal\/wp-content\/uploads\/2019\/11\/Mister_Manuel-Aranda.jpg?w=579&amp;ssl=1 579w, https:\/\/i0.wp.com\/eltrabajo.cl\/portal\/wp-content\/uploads\/2019\/11\/Mister_Manuel-Aranda.jpg?resize=100%2C150&amp;ssl=1 100w, https:\/\/i0.wp.com\/eltrabajo.cl\/portal\/wp-content\/uploads\/2019\/11\/Mister_Manuel-Aranda.jpg?resize=200%2C300&amp;ssl=1 200w, https:\/\/i0.wp.com\/eltrabajo.cl\/portal\/wp-content\/uploads\/2019\/11\/Mister_Manuel-Aranda.jpg?resize=400%2C600&amp;ssl=1 400w\" sizes=\"auto, (max-width: 579px) 100vw, 579px\" \/><figcaption id=\"caption-attachment-95094\" class=\"wp-caption-text\">EL MEJOR.- Manuel Aranda, de La Calera, es el nuevo M\u00edster Aconcagua 2019.<\/figcaption><\/figure>\n<figure id=\"attachment_95093\" aria-describedby=\"caption-attachment-95093\" style=\"width: 579px\" class=\"wp-caption alignnone\"><img data-recalc-dims=\"1\" loading=\"lazy\" decoding=\"async\" class=\"size-full wp-image-95093\" src=\"https:\/\/i0.wp.com\/www.eltrabajo.cl\/portal\/wp-content\/uploads\/2019\/11\/Mister_Linda-Bruna.jpg?resize=579%2C878\" alt=\"ELLAS TAMBI\u00c9N.- Su figura hace juego con su nombre, Linda Bruna se rob\u00f3 el coraz\u00f3n de muchos.\" width=\"579\" height=\"878\" srcset=\"https:\/\/i0.wp.com\/eltrabajo.cl\/portal\/wp-content\/uploads\/2019\/11\/Mister_Linda-Bruna.jpg?w=579&amp;ssl=1 579w, https:\/\/i0.wp.com\/eltrabajo.cl\/portal\/wp-content\/uploads\/2019\/11\/Mister_Linda-Bruna.jpg?resize=99%2C150&amp;ssl=1 99w, https:\/\/i0.wp.com\/eltrabajo.cl\/portal\/wp-content\/uploads\/2019\/11\/Mister_Linda-Bruna.jpg?resize=198%2C300&amp;ssl=1 198w, https:\/\/i0.wp.com\/eltrabajo.cl\/portal\/wp-content\/uploads\/2019\/11\/Mister_Linda-Bruna.jpg?resize=400%2C607&amp;ssl=1 400w\" sizes=\"auto, (max-width: 579px) 100vw, 579px\" \/><figcaption id=\"caption-attachment-95093\" class=\"wp-caption-text\">ELLAS TAMBI\u00c9N.- Su figura hace juego con su nombre, Linda Bruna se rob\u00f3 el coraz\u00f3n de muchos.<\/figcaption><\/figure>\n","protected":false},"excerpt":{"rendered":"<p>Manuel Aranda venci\u00f3 a los mejores del Circuito Achiff: Un joven deportista de 27 a\u00f1os de edad y vecino de La Calera, es el muevo M\u00edster Aconcagua 2019, campeonato de fisiculturismo que&#8230;<\/p>\n","protected":false},"author":482,"featured_media":95088,"comment_status":"open","ping_status":"open","sticky":false,"template":"","format":"standard","meta":{"advanced_seo_description":"","jetpack_seo_html_title":"","jetpack_seo_noindex":false,"_jetpack_memberships_contains_paid_content":false,"footnotes":""},"categories":[15],"tags":[],"class_list":["post-95087","post","type-post","status-publish","format-standard","has-post-thumbnail","hentry","category-comunidad"],"jetpack_featured_media_url":"https:\/\/i0.wp.com\/eltrabajo.cl\/portal\/wp-content\/uploads\/2019\/11\/Mister1.jpg?fit=580%2C360&ssl=1","jetpack_sharing_enabled":true,"jetpack_likes_enabled":true,"jetpack-related-posts":[],"_links":{"self":[{"href":"https:\/\/eltrabajo.cl\/portal\/wp-json\/wp\/v2\/posts\/95087","targetHints":{"allow":["GET"]}}],"collection":[{"href":"https:\/\/eltrabajo.cl\/portal\/wp-json\/wp\/v2\/posts"}],"about":[{"href":"https:\/\/eltrabajo.cl\/portal\/wp-json\/wp\/v2\/types\/post"}],"author":[{"embeddable":true,"href":"https:\/\/eltrabajo.cl\/portal\/wp-json\/wp\/v2\/users\/482"}],"replies":[{"embeddable":true,"href":"https:\/\/eltrabajo.cl\/portal\/wp-json\/wp\/v2\/comments?post=95087"}],"version-history":[{"count":0,"href":"https:\/\/eltrabajo.cl\/portal\/wp-json\/wp\/v2\/posts\/95087\/revisions"}],"wp:featuredmedia":[{"embeddable":true,"href":"https:\/\/eltrabajo.cl\/portal\/wp-json\/wp\/v2\/media\/95088"}],"wp:attachment":[{"href":"https:\/\/eltrabajo.cl\/portal\/wp-json\/wp\/v2\/media?parent=95087"}],"wp:term":[{"taxonomy":"category","embeddable":true,"href":"https:\/\/eltrabajo.cl\/portal\/wp-json\/wp\/v2\/categories?post=95087"},{"taxonomy":"post_tag","embeddable":true,"href":"https:\/\/eltrabajo.cl\/portal\/wp-json\/wp\/v2\/tags?post=95087"}],"curies":[{"name":"wp","href":"https:\/\/api.w.org\/{rel}","templated":true}]}}