{"id":95096,"date":"2019-11-04T05:02:59","date_gmt":"2019-11-04T08:02:59","guid":{"rendered":"http:\/\/www.eltrabajo.cl\/portal\/?p=95096"},"modified":"2019-11-03T20:38:48","modified_gmt":"2019-11-03T23:38:48","slug":"musicos-de-rebenke-imparables-con-su-original-rock-campesino","status":"publish","type":"post","link":"https:\/\/eltrabajo.cl\/portal\/musicos-de-rebenke-imparables-con-su-original-rock-campesino\/","title":{"rendered":"M\u00fasicos de Rebenke imparables con su original \u2018Rock campesino\u2019"},"content":{"rendered":"<p>Hoy nuestros lectores tienen la oportunidad de recordar a una de las bandas rockeras aconcag\u00fcinas con m\u00e1s energ\u00eda disponible en cualquier escenario que se presenten, se trata de RebenKe, una original propuesta de rock campesino, banda formada en 2017, por un grupo de docentes y m\u00fasicos de vasta experiencia, quienes inspirados en la identidad del hombre del campo chileno, crearon y recrean diferentes temas musicales, con el fin de reivindicar su importancia en nuestra sociedad.<\/p>\n<p><span style=\"color: #ff0000;\"><strong>SUS INTEGRANTES<\/strong><\/span><br \/>\nEllos fusionan el rock con distintos ritmos folcl\u00f3ricos propios latinoamericanos y \u00e9tnicos de nuestra cultura chilena, utilizando distintos instrumentos como el charango, el cuatro, la trutruca, guitarra el\u00e9ctrica etc.<br \/>\n\u00abNuestra banda est\u00e1 conformada por Luis Gajardo en la voz principal, el charango, cuatro, quena y trutruca; Christian Navarro en la bater\u00eda; V\u00edctor Acevedo en el bajo y coros; yo Sergio Meza Urrutia en la guitarra el\u00e9ctrica y coros; Fernando Obando tambi\u00e9n en la guitarra electroac\u00fastica y coros; Aura Palacios con su acorde\u00f3n; Paul N\u00fa\u00f1ez Leiva es nuestro t\u00e9cnico en sonido monitores y sala, y Francisco Morales es el asistente de sonido\u00bb, dijo Sergio Meza a Diario El Trabajo.<br \/>\nRebenke es la \u00fanica banda aconcag\u00fcina que pertenece a Fundaci\u00f3n de M\u00fasicos Chilenos Unidos, una instituci\u00f3n sin fines de lucro que promueve el fortalecimiento nacional, regional y comunal de la creatividad musical, el desarrollo de la diversidad cultural, la igualdad de g\u00e9nero y otorgando un mensaje de unidad y colaboraci\u00f3n entre m\u00fasicos y artistas nacionales. Recientemente esta banda particip\u00f3 en un potente concierto en \u00d1u\u00f1oa (M\u00e1s m\u00fasica menos balas), al lado de imponentes bandas del pa\u00eds como Sinergia, Fiskales ad Hoc, entre otras.<br \/>\n<strong>Roberto Gonz\u00e1lez Short<\/strong><\/p>\n<figure id=\"attachment_95097\" aria-describedby=\"caption-attachment-95097\" style=\"width: 580px\" class=\"wp-caption alignnone\"><img data-recalc-dims=\"1\" loading=\"lazy\" decoding=\"async\" class=\"size-full wp-image-95097\" src=\"https:\/\/i0.wp.com\/www.eltrabajo.cl\/portal\/wp-content\/uploads\/2019\/11\/Rebenke2.jpg?resize=580%2C360\" alt=\"SIEMPRE REBENKE.- Aqu\u00ed vemos a los m\u00fasicos de Rebenke haciendo de las suyas en uno de los tantos conciertos de rock.\" width=\"580\" height=\"360\" srcset=\"https:\/\/i0.wp.com\/eltrabajo.cl\/portal\/wp-content\/uploads\/2019\/11\/Rebenke2.jpg?w=580&amp;ssl=1 580w, https:\/\/i0.wp.com\/eltrabajo.cl\/portal\/wp-content\/uploads\/2019\/11\/Rebenke2.jpg?resize=200%2C124&amp;ssl=1 200w, https:\/\/i0.wp.com\/eltrabajo.cl\/portal\/wp-content\/uploads\/2019\/11\/Rebenke2.jpg?resize=300%2C186&amp;ssl=1 300w, https:\/\/i0.wp.com\/eltrabajo.cl\/portal\/wp-content\/uploads\/2019\/11\/Rebenke2.jpg?resize=242%2C150&amp;ssl=1 242w, https:\/\/i0.wp.com\/eltrabajo.cl\/portal\/wp-content\/uploads\/2019\/11\/Rebenke2.jpg?resize=400%2C248&amp;ssl=1 400w\" sizes=\"auto, (max-width: 580px) 100vw, 580px\" \/><figcaption id=\"caption-attachment-95097\" class=\"wp-caption-text\">SIEMPRE REBENKE.- Aqu\u00ed vemos a los m\u00fasicos de Rebenke haciendo de las suyas en uno de los tantos conciertos de rock.<\/figcaption><\/figure>\n<figure id=\"attachment_95099\" aria-describedby=\"caption-attachment-95099\" style=\"width: 580px\" class=\"wp-caption alignnone\"><img data-recalc-dims=\"1\" loading=\"lazy\" decoding=\"async\" class=\"size-full wp-image-95099\" src=\"https:\/\/i0.wp.com\/www.eltrabajo.cl\/portal\/wp-content\/uploads\/2019\/11\/Rebenke1.jpg?resize=580%2C359\" alt=\"M\u00d9SICOS DEL VALLE.- Esta banda de Rock campesino es la \u00fanica del Valle de Aconcagua que pertenece a Fundaci\u00f3n de M\u00fasicos Chilenos Unidos.\" width=\"580\" height=\"359\" srcset=\"https:\/\/i0.wp.com\/eltrabajo.cl\/portal\/wp-content\/uploads\/2019\/11\/Rebenke1.jpg?w=580&amp;ssl=1 580w, https:\/\/i0.wp.com\/eltrabajo.cl\/portal\/wp-content\/uploads\/2019\/11\/Rebenke1.jpg?resize=200%2C124&amp;ssl=1 200w, https:\/\/i0.wp.com\/eltrabajo.cl\/portal\/wp-content\/uploads\/2019\/11\/Rebenke1.jpg?resize=300%2C186&amp;ssl=1 300w, https:\/\/i0.wp.com\/eltrabajo.cl\/portal\/wp-content\/uploads\/2019\/11\/Rebenke1.jpg?resize=242%2C150&amp;ssl=1 242w, https:\/\/i0.wp.com\/eltrabajo.cl\/portal\/wp-content\/uploads\/2019\/11\/Rebenke1.jpg?resize=400%2C248&amp;ssl=1 400w\" sizes=\"auto, (max-width: 580px) 100vw, 580px\" \/><figcaption id=\"caption-attachment-95099\" class=\"wp-caption-text\">M\u00d9SICOS DEL VALLE.- Esta banda de Rock campesino es la \u00fanica del Valle de Aconcagua que pertenece a Fundaci\u00f3n de M\u00fasicos Chilenos Unidos.<\/figcaption><\/figure>\n<figure id=\"attachment_95098\" aria-describedby=\"caption-attachment-95098\" style=\"width: 580px\" class=\"wp-caption alignnone\"><img data-recalc-dims=\"1\" loading=\"lazy\" decoding=\"async\" class=\"size-full wp-image-95098\" src=\"https:\/\/i0.wp.com\/www.eltrabajo.cl\/portal\/wp-content\/uploads\/2019\/11\/Rebenke_Sergio-Meza.jpg?resize=580%2C598\" alt=\"Sergio Meza Urrutia, director de Rebenke.\" width=\"580\" height=\"598\" srcset=\"https:\/\/i0.wp.com\/eltrabajo.cl\/portal\/wp-content\/uploads\/2019\/11\/Rebenke_Sergio-Meza.jpg?w=580&amp;ssl=1 580w, https:\/\/i0.wp.com\/eltrabajo.cl\/portal\/wp-content\/uploads\/2019\/11\/Rebenke_Sergio-Meza.jpg?resize=145%2C150&amp;ssl=1 145w, https:\/\/i0.wp.com\/eltrabajo.cl\/portal\/wp-content\/uploads\/2019\/11\/Rebenke_Sergio-Meza.jpg?resize=291%2C300&amp;ssl=1 291w, https:\/\/i0.wp.com\/eltrabajo.cl\/portal\/wp-content\/uploads\/2019\/11\/Rebenke_Sergio-Meza.jpg?resize=400%2C412&amp;ssl=1 400w\" sizes=\"auto, (max-width: 580px) 100vw, 580px\" \/><figcaption id=\"caption-attachment-95098\" class=\"wp-caption-text\">Sergio Meza Urrutia, director de Rebenke.<\/figcaption><\/figure>\n","protected":false},"excerpt":{"rendered":"<p>Hoy nuestros lectores tienen la oportunidad de recordar a una de las bandas rockeras aconcag\u00fcinas con m\u00e1s energ\u00eda disponible en cualquier escenario que se presenten, se trata de RebenKe, una original propuesta&#8230;<\/p>\n","protected":false},"author":482,"featured_media":95097,"comment_status":"open","ping_status":"open","sticky":false,"template":"","format":"standard","meta":{"advanced_seo_description":"","jetpack_seo_html_title":"","jetpack_seo_noindex":false,"_jetpack_memberships_contains_paid_content":false,"footnotes":""},"categories":[15],"tags":[],"class_list":["post-95096","post","type-post","status-publish","format-standard","has-post-thumbnail","hentry","category-comunidad"],"jetpack_featured_media_url":"https:\/\/i0.wp.com\/eltrabajo.cl\/portal\/wp-content\/uploads\/2019\/11\/Rebenke2.jpg?fit=580%2C360&ssl=1","jetpack_sharing_enabled":true,"jetpack_likes_enabled":true,"jetpack-related-posts":[],"_links":{"self":[{"href":"https:\/\/eltrabajo.cl\/portal\/wp-json\/wp\/v2\/posts\/95096","targetHints":{"allow":["GET"]}}],"collection":[{"href":"https:\/\/eltrabajo.cl\/portal\/wp-json\/wp\/v2\/posts"}],"about":[{"href":"https:\/\/eltrabajo.cl\/portal\/wp-json\/wp\/v2\/types\/post"}],"author":[{"embeddable":true,"href":"https:\/\/eltrabajo.cl\/portal\/wp-json\/wp\/v2\/users\/482"}],"replies":[{"embeddable":true,"href":"https:\/\/eltrabajo.cl\/portal\/wp-json\/wp\/v2\/comments?post=95096"}],"version-history":[{"count":0,"href":"https:\/\/eltrabajo.cl\/portal\/wp-json\/wp\/v2\/posts\/95096\/revisions"}],"wp:featuredmedia":[{"embeddable":true,"href":"https:\/\/eltrabajo.cl\/portal\/wp-json\/wp\/v2\/media\/95097"}],"wp:attachment":[{"href":"https:\/\/eltrabajo.cl\/portal\/wp-json\/wp\/v2\/media?parent=95096"}],"wp:term":[{"taxonomy":"category","embeddable":true,"href":"https:\/\/eltrabajo.cl\/portal\/wp-json\/wp\/v2\/categories?post=95096"},{"taxonomy":"post_tag","embeddable":true,"href":"https:\/\/eltrabajo.cl\/portal\/wp-json\/wp\/v2\/tags?post=95096"}],"curies":[{"name":"wp","href":"https:\/\/api.w.org\/{rel}","templated":true}]}}