{"id":95113,"date":"2019-11-04T05:06:45","date_gmt":"2019-11-04T08:06:45","guid":{"rendered":"http:\/\/www.eltrabajo.cl\/portal\/?p=95113"},"modified":"2019-11-03T21:06:06","modified_gmt":"2019-11-04T00:06:06","slug":"sanfelipenos-comen-y-beben-en-el-suelo-a-falta-de-bancas-en-plaza-de-armas","status":"publish","type":"post","link":"https:\/\/eltrabajo.cl\/portal\/sanfelipenos-comen-y-beben-en-el-suelo-a-falta-de-bancas-en-plaza-de-armas\/","title":{"rendered":"Sanfelipe\u00f1os comen y beben en el suelo a falta de bancas en Plaza de Armas"},"content":{"rendered":"<p>Opiniones divididas encontramos entre algunas personas que estaban en la Plaza de Armas de San Felipe, por la ausencia de bancas donde sentarse, que tenemos entendido es por una medida de seguridad. Sin embargo hemos visto harto adulto mayor sentado donde pueda, en el contorno del ode\u00f3n etc.<br \/>\nDijimos que estaban divididas porque pese a generar una molestia por no tener donde sentarse a descansar, tambi\u00e9n encuentran bueno porque de esa manera se evita que sean da\u00f1adas o usadas con otro fin, algo que derechamente no ha ocurrido en la ciudad.<br \/>\nEn nuestro andar encontramos a una joven que estaba sentada casi en el suelo terminando de beber una gaseosa y ante nuestra pregunta nos dijo lo siguiente:<br \/>\n\u00abUno tiene que andar c\u00f3mo dando vueltas por la plaza, porque no tiene donde sentarse, yo me tom\u00e9 una bebida ac\u00e1 casi en el suelo, porque no hay bancas\u00bb, coment\u00f3 Carolina Lemus. Nos agreg\u00f3 que las acciones que se han producido no tienen sentido. Por ejemplo el desorden sino se va a conseguir nada.<br \/>\nEncontramos a un adulto mayor que estaba sentado en una estructura de cemento, \u00abmal, pero es que me parecer\u00eda mal que las estuvieran quemando, ya que los huevones, con permiso suyo, andan en eso haciendo puras webadas, yo tengo 81 a\u00f1os tengo que estar sentado casi en el suelo, \u00bfqu\u00e9 le voy a ser?, tengo que estar aqu\u00ed, mire yo no s\u00e9 qu\u00e9 contestar porque algunos dicen que est\u00e1 bien otros dicen que est\u00e1 mal, yo hay que por una parte est\u00e1 bien porque si estuvieran aqu\u00ed las bancas ya las habr\u00edan quemado\u00bb, dijo Rigoberto Su\u00e1rez.<br \/>\nSiguiendo con nuestro recorrido encontramos a j\u00f3venes sentados pr\u00e1cticamente en el suelo, porque uno estaba sentado pr\u00e1cticamente en el pasto, \u00abes que es c\u00f3mo raro, bueno se aprovecha igual de estar sentado en el pastito por lo menos m\u00e1s fresco, pero igual es molesto estar sin las bancas, porque claro igual duele estar sentado aqu\u00ed en el suelto la verdad, claro un poco molesto eso m\u00e1s que nada\u00bb, dijo Cristian.<br \/>\n\u00abNo muy mal que no haya bancas, porque igual hay adultos mayores que desean descansar, pero tambi\u00e9n est\u00e1 bien que las saquen por el tema que las queman, tambi\u00e9n sacaron los basureros, no hay donde dejar la basura, la gente se tiene que llevar las cosas en las manos, as\u00ed es que igual, mal\u00bb, dijo otro joven.<\/p>\n<figure id=\"attachment_95114\" aria-describedby=\"caption-attachment-95114\" style=\"width: 580px\" class=\"wp-caption alignnone\"><img data-recalc-dims=\"1\" loading=\"lazy\" decoding=\"async\" class=\"size-full wp-image-95114\" src=\"https:\/\/i0.wp.com\/www.eltrabajo.cl\/portal\/wp-content\/uploads\/2019\/11\/Banquitas1.jpg?resize=580%2C360\" alt=\"Esta joven bebe su gaseosa en el suelo, a falta de bancas en la Plaza de Armas.\" width=\"580\" height=\"360\" srcset=\"https:\/\/i0.wp.com\/eltrabajo.cl\/portal\/wp-content\/uploads\/2019\/11\/Banquitas1.jpg?w=580&amp;ssl=1 580w, https:\/\/i0.wp.com\/eltrabajo.cl\/portal\/wp-content\/uploads\/2019\/11\/Banquitas1.jpg?resize=200%2C124&amp;ssl=1 200w, https:\/\/i0.wp.com\/eltrabajo.cl\/portal\/wp-content\/uploads\/2019\/11\/Banquitas1.jpg?resize=300%2C186&amp;ssl=1 300w, https:\/\/i0.wp.com\/eltrabajo.cl\/portal\/wp-content\/uploads\/2019\/11\/Banquitas1.jpg?resize=242%2C150&amp;ssl=1 242w, https:\/\/i0.wp.com\/eltrabajo.cl\/portal\/wp-content\/uploads\/2019\/11\/Banquitas1.jpg?resize=400%2C248&amp;ssl=1 400w\" sizes=\"auto, (max-width: 580px) 100vw, 580px\" \/><figcaption id=\"caption-attachment-95114\" class=\"wp-caption-text\">Esta joven bebe su gaseosa en el suelo, a falta de bancas en la Plaza de Armas.<\/figcaption><\/figure>\n<figure id=\"attachment_95115\" aria-describedby=\"caption-attachment-95115\" style=\"width: 580px\" class=\"wp-caption alignnone\"><img data-recalc-dims=\"1\" loading=\"lazy\" decoding=\"async\" class=\"size-full wp-image-95115\" src=\"https:\/\/i0.wp.com\/www.eltrabajo.cl\/portal\/wp-content\/uploads\/2019\/11\/Banquitas2.jpg?resize=580%2C360\" alt=\"Estos vecinos aprovecharon este recurso de cemento para descansar.\" width=\"580\" height=\"360\" srcset=\"https:\/\/i0.wp.com\/eltrabajo.cl\/portal\/wp-content\/uploads\/2019\/11\/Banquitas2.jpg?w=580&amp;ssl=1 580w, https:\/\/i0.wp.com\/eltrabajo.cl\/portal\/wp-content\/uploads\/2019\/11\/Banquitas2.jpg?resize=200%2C124&amp;ssl=1 200w, https:\/\/i0.wp.com\/eltrabajo.cl\/portal\/wp-content\/uploads\/2019\/11\/Banquitas2.jpg?resize=300%2C186&amp;ssl=1 300w, https:\/\/i0.wp.com\/eltrabajo.cl\/portal\/wp-content\/uploads\/2019\/11\/Banquitas2.jpg?resize=242%2C150&amp;ssl=1 242w, https:\/\/i0.wp.com\/eltrabajo.cl\/portal\/wp-content\/uploads\/2019\/11\/Banquitas2.jpg?resize=400%2C248&amp;ssl=1 400w\" sizes=\"auto, (max-width: 580px) 100vw, 580px\" \/><figcaption id=\"caption-attachment-95115\" class=\"wp-caption-text\">Estos vecinos aprovecharon este recurso de cemento para descansar.<\/figcaption><\/figure>\n<figure id=\"attachment_95116\" aria-describedby=\"caption-attachment-95116\" style=\"width: 580px\" class=\"wp-caption alignnone\"><img data-recalc-dims=\"1\" loading=\"lazy\" decoding=\"async\" class=\"size-full wp-image-95116\" src=\"https:\/\/i0.wp.com\/www.eltrabajo.cl\/portal\/wp-content\/uploads\/2019\/11\/Banquitas3.jpg?resize=580%2C360\" alt=\"Ac\u00e1 vemos al vecino comiendo, tambi\u00e9n en el suelo.\" width=\"580\" height=\"360\" srcset=\"https:\/\/i0.wp.com\/eltrabajo.cl\/portal\/wp-content\/uploads\/2019\/11\/Banquitas3.jpg?w=580&amp;ssl=1 580w, https:\/\/i0.wp.com\/eltrabajo.cl\/portal\/wp-content\/uploads\/2019\/11\/Banquitas3.jpg?resize=200%2C124&amp;ssl=1 200w, https:\/\/i0.wp.com\/eltrabajo.cl\/portal\/wp-content\/uploads\/2019\/11\/Banquitas3.jpg?resize=300%2C186&amp;ssl=1 300w, https:\/\/i0.wp.com\/eltrabajo.cl\/portal\/wp-content\/uploads\/2019\/11\/Banquitas3.jpg?resize=242%2C150&amp;ssl=1 242w, https:\/\/i0.wp.com\/eltrabajo.cl\/portal\/wp-content\/uploads\/2019\/11\/Banquitas3.jpg?resize=400%2C248&amp;ssl=1 400w\" sizes=\"auto, (max-width: 580px) 100vw, 580px\" \/><figcaption id=\"caption-attachment-95116\" class=\"wp-caption-text\">Ac\u00e1 vemos al vecino comiendo, tambi\u00e9n en el suelo.<\/figcaption><\/figure>\n","protected":false},"excerpt":{"rendered":"<p>Opiniones divididas encontramos entre algunas personas que estaban en la Plaza de Armas de San Felipe, por la ausencia de bancas donde sentarse, que tenemos entendido es por una medida de seguridad&#8230;.<\/p>\n","protected":false},"author":482,"featured_media":95114,"comment_status":"open","ping_status":"open","sticky":false,"template":"","format":"standard","meta":{"advanced_seo_description":"","jetpack_seo_html_title":"","jetpack_seo_noindex":false,"_jetpack_memberships_contains_paid_content":false,"footnotes":""},"categories":[15],"tags":[],"class_list":["post-95113","post","type-post","status-publish","format-standard","has-post-thumbnail","hentry","category-comunidad"],"jetpack_featured_media_url":"https:\/\/i0.wp.com\/eltrabajo.cl\/portal\/wp-content\/uploads\/2019\/11\/Banquitas1.jpg?fit=580%2C360&ssl=1","jetpack_sharing_enabled":true,"jetpack_likes_enabled":true,"jetpack-related-posts":[],"_links":{"self":[{"href":"https:\/\/eltrabajo.cl\/portal\/wp-json\/wp\/v2\/posts\/95113","targetHints":{"allow":["GET"]}}],"collection":[{"href":"https:\/\/eltrabajo.cl\/portal\/wp-json\/wp\/v2\/posts"}],"about":[{"href":"https:\/\/eltrabajo.cl\/portal\/wp-json\/wp\/v2\/types\/post"}],"author":[{"embeddable":true,"href":"https:\/\/eltrabajo.cl\/portal\/wp-json\/wp\/v2\/users\/482"}],"replies":[{"embeddable":true,"href":"https:\/\/eltrabajo.cl\/portal\/wp-json\/wp\/v2\/comments?post=95113"}],"version-history":[{"count":0,"href":"https:\/\/eltrabajo.cl\/portal\/wp-json\/wp\/v2\/posts\/95113\/revisions"}],"wp:featuredmedia":[{"embeddable":true,"href":"https:\/\/eltrabajo.cl\/portal\/wp-json\/wp\/v2\/media\/95114"}],"wp:attachment":[{"href":"https:\/\/eltrabajo.cl\/portal\/wp-json\/wp\/v2\/media?parent=95113"}],"wp:term":[{"taxonomy":"category","embeddable":true,"href":"https:\/\/eltrabajo.cl\/portal\/wp-json\/wp\/v2\/categories?post=95113"},{"taxonomy":"post_tag","embeddable":true,"href":"https:\/\/eltrabajo.cl\/portal\/wp-json\/wp\/v2\/tags?post=95113"}],"curies":[{"name":"wp","href":"https:\/\/api.w.org\/{rel}","templated":true}]}}