{"id":95118,"date":"2019-11-04T05:07:16","date_gmt":"2019-11-04T08:07:16","guid":{"rendered":"http:\/\/www.eltrabajo.cl\/portal\/?p=95118"},"modified":"2019-11-03T21:07:34","modified_gmt":"2019-11-04T00:07:34","slug":"conductor-ebrio-salvo-con-vida-tras-volcar-su-vehiculo","status":"publish","type":"post","link":"https:\/\/eltrabajo.cl\/portal\/conductor-ebrio-salvo-con-vida-tras-volcar-su-vehiculo\/","title":{"rendered":"Conductor ebrio salv\u00f3 con vida tras volcar su veh\u00edculo"},"content":{"rendered":"<p><span style=\"color: #ff0000;\"><strong>Accidente ocurri\u00f3 en ruta Troncal de Panquehue:<\/strong><\/span><\/p>\n<ul>\n<li><strong>El automovilista de 23 a\u00f1os de edad sufri\u00f3 una fractura grave en su espalda, debiendo ser asistido en el Hospital San Camilo de San Felipe la ma\u00f1ana de este viernes.<\/strong><\/li>\n<\/ul>\n<p>De milagro salv\u00f3 con vida un automovilista de 23 a\u00f1os de edad, quien protagoniz\u00f3 un volcamiento alrededor de las 06:30 horas de la ma\u00f1ana de este viernes 1 de noviembre en la ruta Troncal de Panquehue.<br \/>\nCarabineros inform\u00f3 que el conductor del veh\u00edculo aparentemente circulaba en estado de ebriedad por el kil\u00f3metro 14 de la ruta Troncal en el sector de San Roque en Panquehue, perdiendo el control del autom\u00f3vil placa patente KV TW 84, hasta salirse de la ruta hacia un canal de regad\u00edo, impactando contra un poste y terminar volcado.<br \/>\nAl lugar del accidente concurri\u00f3 personal de Bomberos y Carabineros para adoptar el procedimiento de rigor, debiendo derivar al paciente en ambulancia del Samu hasta el Hospital San Francisco de Llay Llay, confirm\u00e1ndose en este centro asistencial que el lesionado sufri\u00f3 una fractura grave en su espalda.<br \/>\nPosteriormente el conductor del veh\u00edculo domiciliado en la comuna de Catemu, fue derivado hasta el Hospital San Camilo de San Felipe, quedando hospitalizado en este centro asistencial.<br \/>\n<strong>Pablo Salinas Sald\u00edas<\/strong><\/p>\n<figure id=\"attachment_95119\" aria-describedby=\"caption-attachment-95119\" style=\"width: 580px\" class=\"wp-caption alignnone\"><img data-recalc-dims=\"1\" loading=\"lazy\" decoding=\"async\" class=\"size-full wp-image-95119\" src=\"https:\/\/i0.wp.com\/www.eltrabajo.cl\/portal\/wp-content\/uploads\/2019\/11\/troncal1.jpg?resize=580%2C360\" alt=\"El veh\u00edculo fue extra\u00eddo del canal de regad\u00edo por personal de Bomberos. (Fotograf\u00edas: Emergencias Panquehue).\" width=\"580\" height=\"360\" srcset=\"https:\/\/i0.wp.com\/eltrabajo.cl\/portal\/wp-content\/uploads\/2019\/11\/troncal1.jpg?w=580&amp;ssl=1 580w, https:\/\/i0.wp.com\/eltrabajo.cl\/portal\/wp-content\/uploads\/2019\/11\/troncal1.jpg?resize=200%2C124&amp;ssl=1 200w, https:\/\/i0.wp.com\/eltrabajo.cl\/portal\/wp-content\/uploads\/2019\/11\/troncal1.jpg?resize=300%2C186&amp;ssl=1 300w, https:\/\/i0.wp.com\/eltrabajo.cl\/portal\/wp-content\/uploads\/2019\/11\/troncal1.jpg?resize=242%2C150&amp;ssl=1 242w, https:\/\/i0.wp.com\/eltrabajo.cl\/portal\/wp-content\/uploads\/2019\/11\/troncal1.jpg?resize=400%2C248&amp;ssl=1 400w\" sizes=\"auto, (max-width: 580px) 100vw, 580px\" \/><figcaption id=\"caption-attachment-95119\" class=\"wp-caption-text\">El veh\u00edculo fue extra\u00eddo del canal de regad\u00edo por personal de Bomberos. (Fotograf\u00edas: Emergencias Panquehue).<\/figcaption><\/figure>\n<figure id=\"attachment_95120\" aria-describedby=\"caption-attachment-95120\" style=\"width: 580px\" class=\"wp-caption alignnone\"><img data-recalc-dims=\"1\" loading=\"lazy\" decoding=\"async\" class=\"size-full wp-image-95120\" src=\"https:\/\/i0.wp.com\/www.eltrabajo.cl\/portal\/wp-content\/uploads\/2019\/11\/troncal2.jpg?resize=580%2C360\" alt=\"El conductor de 23 a\u00f1os de edad salv\u00f3 de milagro tras el violento accidente de tr\u00e1nsito.\" width=\"580\" height=\"360\" srcset=\"https:\/\/i0.wp.com\/eltrabajo.cl\/portal\/wp-content\/uploads\/2019\/11\/troncal2.jpg?w=580&amp;ssl=1 580w, https:\/\/i0.wp.com\/eltrabajo.cl\/portal\/wp-content\/uploads\/2019\/11\/troncal2.jpg?resize=200%2C124&amp;ssl=1 200w, https:\/\/i0.wp.com\/eltrabajo.cl\/portal\/wp-content\/uploads\/2019\/11\/troncal2.jpg?resize=300%2C186&amp;ssl=1 300w, https:\/\/i0.wp.com\/eltrabajo.cl\/portal\/wp-content\/uploads\/2019\/11\/troncal2.jpg?resize=242%2C150&amp;ssl=1 242w, https:\/\/i0.wp.com\/eltrabajo.cl\/portal\/wp-content\/uploads\/2019\/11\/troncal2.jpg?resize=400%2C248&amp;ssl=1 400w\" sizes=\"auto, (max-width: 580px) 100vw, 580px\" \/><figcaption id=\"caption-attachment-95120\" class=\"wp-caption-text\">El conductor de 23 a\u00f1os de edad salv\u00f3 de milagro tras el violento accidente de tr\u00e1nsito.<\/figcaption><\/figure>\n","protected":false},"excerpt":{"rendered":"<p>Accidente ocurri\u00f3 en ruta Troncal de Panquehue: El automovilista de 23 a\u00f1os de edad sufri\u00f3 una fractura grave en su espalda, debiendo ser asistido en el Hospital San Camilo de San Felipe&#8230;<\/p>\n","protected":false},"author":482,"featured_media":95120,"comment_status":"open","ping_status":"open","sticky":false,"template":"","format":"standard","meta":{"advanced_seo_description":"","jetpack_seo_html_title":"","jetpack_seo_noindex":false,"_jetpack_memberships_contains_paid_content":false,"footnotes":""},"categories":[21],"tags":[],"class_list":["post-95118","post","type-post","status-publish","format-standard","has-post-thumbnail","hentry","category-policial"],"jetpack_featured_media_url":"https:\/\/i0.wp.com\/eltrabajo.cl\/portal\/wp-content\/uploads\/2019\/11\/troncal2.jpg?fit=580%2C360&ssl=1","jetpack_sharing_enabled":true,"jetpack_likes_enabled":true,"jetpack-related-posts":[],"_links":{"self":[{"href":"https:\/\/eltrabajo.cl\/portal\/wp-json\/wp\/v2\/posts\/95118","targetHints":{"allow":["GET"]}}],"collection":[{"href":"https:\/\/eltrabajo.cl\/portal\/wp-json\/wp\/v2\/posts"}],"about":[{"href":"https:\/\/eltrabajo.cl\/portal\/wp-json\/wp\/v2\/types\/post"}],"author":[{"embeddable":true,"href":"https:\/\/eltrabajo.cl\/portal\/wp-json\/wp\/v2\/users\/482"}],"replies":[{"embeddable":true,"href":"https:\/\/eltrabajo.cl\/portal\/wp-json\/wp\/v2\/comments?post=95118"}],"version-history":[{"count":0,"href":"https:\/\/eltrabajo.cl\/portal\/wp-json\/wp\/v2\/posts\/95118\/revisions"}],"wp:featuredmedia":[{"embeddable":true,"href":"https:\/\/eltrabajo.cl\/portal\/wp-json\/wp\/v2\/media\/95120"}],"wp:attachment":[{"href":"https:\/\/eltrabajo.cl\/portal\/wp-json\/wp\/v2\/media?parent=95118"}],"wp:term":[{"taxonomy":"category","embeddable":true,"href":"https:\/\/eltrabajo.cl\/portal\/wp-json\/wp\/v2\/categories?post=95118"},{"taxonomy":"post_tag","embeddable":true,"href":"https:\/\/eltrabajo.cl\/portal\/wp-json\/wp\/v2\/tags?post=95118"}],"curies":[{"name":"wp","href":"https:\/\/api.w.org\/{rel}","templated":true}]}}