{"id":95124,"date":"2019-11-05T05:01:04","date_gmt":"2019-11-05T08:01:04","guid":{"rendered":"http:\/\/www.eltrabajo.cl\/portal\/?p=95124"},"modified":"2019-11-04T21:13:30","modified_gmt":"2019-11-05T00:13:30","slug":"cuatro-detenidos-tras-manifestaciones-por-descontento-social-en-llay-llay","status":"publish","type":"post","link":"https:\/\/eltrabajo.cl\/portal\/cuatro-detenidos-tras-manifestaciones-por-descontento-social-en-llay-llay\/","title":{"rendered":"Cuatro detenidos tras manifestaciones por descontento social en Llay Llay"},"content":{"rendered":"<p><span style=\"color: #ff0000;\"><strong>Entre ellos una menor de edad:<\/strong><\/span><\/p>\n<ul>\n<li><strong>Un grupo de ciudadanos se congreg\u00f3 en la ruta 5 Norte para expresar las demandas sociales exigidas a nivel nacional, produci\u00e9ndose tacos de proporciones tras el regreso de los automovilistas luego del largo fin de semana.<\/strong><\/li>\n<\/ul>\n<p>Tras dos semanas del estallido social en nuestro pa\u00eds, contin\u00faan las manifestaciones en b\u00fasqueda de priorizar las demandas sociales, donde la ciudadan\u00eda ha expresado su descontento y que se ha replicado en el valle de Aconcagua.<br \/>\nDurante la jornada de este domingo, un grupo de manifestantes en la comuna de Llay Llay concurri\u00f3 hasta la ruta 5 Norte, donde Carabineros inform\u00f3 de la detenci\u00f3n de un total de cuatro personas, entre ellas una menor de edad.<br \/>\nSeg\u00fan se pudo conocer, Carabineros habr\u00eda empleado elementos disuasivos en contra de los manifestantes con la utilizaci\u00f3n de lacrim\u00f3genas, origin\u00e1ndose adem\u00e1s tacos de proporciones a esas horas en dicha ruta de alto tr\u00e1fico, considerando el retorno de los automovilistas tras el largo fin de semana.<br \/>\nLas manifestaciones concluyeron con la detenci\u00f3n de dos hombres, una mujer adulta y una adolescente, acusadas de des\u00f3rdenes p\u00fablicos originados en dicha carretera a la altura del servicentro Shell en la comuna de Llay Llay.<br \/>\nPor instrucci\u00f3n del Fiscal de turno, los detenidos adultos fueron derivados la ma\u00f1ana de ayer lunes hasta el Juzgado de Garant\u00eda de San Felipe, para ser formalizados por la Fiscal\u00eda. En tanto la menor de edad detenida fue regresada a sus padres.<br \/>\n<strong>Pablo Salinas Sald\u00edas<\/strong><\/p>\n<figure id=\"attachment_95125\" aria-describedby=\"caption-attachment-95125\" style=\"width: 580px\" class=\"wp-caption alignnone\"><img data-recalc-dims=\"1\" loading=\"lazy\" decoding=\"async\" class=\"size-full wp-image-95125\" src=\"https:\/\/i0.wp.com\/www.eltrabajo.cl\/portal\/wp-content\/uploads\/2019\/11\/incidentes-5-1.jpg?resize=580%2C360\" alt=\"Las manifestaciones se registraron la tarde de este domingo en la ruta 5 Norte en la comuna de Llay Llay, siendo detenidas cuatro personas por parte de Carabineros. (Fotograf\u00eda archivo manifestaciones en Llay Llay).\" width=\"580\" height=\"360\" srcset=\"https:\/\/i0.wp.com\/eltrabajo.cl\/portal\/wp-content\/uploads\/2019\/11\/incidentes-5-1.jpg?w=580&amp;ssl=1 580w, https:\/\/i0.wp.com\/eltrabajo.cl\/portal\/wp-content\/uploads\/2019\/11\/incidentes-5-1.jpg?resize=200%2C124&amp;ssl=1 200w, https:\/\/i0.wp.com\/eltrabajo.cl\/portal\/wp-content\/uploads\/2019\/11\/incidentes-5-1.jpg?resize=300%2C186&amp;ssl=1 300w, https:\/\/i0.wp.com\/eltrabajo.cl\/portal\/wp-content\/uploads\/2019\/11\/incidentes-5-1.jpg?resize=242%2C150&amp;ssl=1 242w, https:\/\/i0.wp.com\/eltrabajo.cl\/portal\/wp-content\/uploads\/2019\/11\/incidentes-5-1.jpg?resize=400%2C248&amp;ssl=1 400w\" sizes=\"auto, (max-width: 580px) 100vw, 580px\" \/><figcaption id=\"caption-attachment-95125\" class=\"wp-caption-text\">Las manifestaciones se registraron la tarde de este domingo en la ruta 5 Norte en la comuna de Llay Llay, siendo detenidas cuatro personas por parte de Carabineros. (Fotograf\u00eda archivo manifestaciones en Llay Llay).<\/figcaption><\/figure>\n","protected":false},"excerpt":{"rendered":"<p>Entre ellos una menor de edad: Un grupo de ciudadanos se congreg\u00f3 en la ruta 5 Norte para expresar las demandas sociales exigidas a nivel nacional, produci\u00e9ndose tacos de proporciones tras el&#8230;<\/p>\n","protected":false},"author":482,"featured_media":95125,"comment_status":"open","ping_status":"open","sticky":false,"template":"","format":"standard","meta":{"advanced_seo_description":"","jetpack_seo_html_title":"","jetpack_seo_noindex":false,"_jetpack_memberships_contains_paid_content":false,"footnotes":""},"categories":[21],"tags":[],"class_list":["post-95124","post","type-post","status-publish","format-standard","has-post-thumbnail","hentry","category-policial"],"jetpack_featured_media_url":"https:\/\/i0.wp.com\/eltrabajo.cl\/portal\/wp-content\/uploads\/2019\/11\/incidentes-5-1.jpg?fit=580%2C360&ssl=1","jetpack_sharing_enabled":true,"jetpack_likes_enabled":true,"jetpack-related-posts":[],"_links":{"self":[{"href":"https:\/\/eltrabajo.cl\/portal\/wp-json\/wp\/v2\/posts\/95124","targetHints":{"allow":["GET"]}}],"collection":[{"href":"https:\/\/eltrabajo.cl\/portal\/wp-json\/wp\/v2\/posts"}],"about":[{"href":"https:\/\/eltrabajo.cl\/portal\/wp-json\/wp\/v2\/types\/post"}],"author":[{"embeddable":true,"href":"https:\/\/eltrabajo.cl\/portal\/wp-json\/wp\/v2\/users\/482"}],"replies":[{"embeddable":true,"href":"https:\/\/eltrabajo.cl\/portal\/wp-json\/wp\/v2\/comments?post=95124"}],"version-history":[{"count":0,"href":"https:\/\/eltrabajo.cl\/portal\/wp-json\/wp\/v2\/posts\/95124\/revisions"}],"wp:featuredmedia":[{"embeddable":true,"href":"https:\/\/eltrabajo.cl\/portal\/wp-json\/wp\/v2\/media\/95125"}],"wp:attachment":[{"href":"https:\/\/eltrabajo.cl\/portal\/wp-json\/wp\/v2\/media?parent=95124"}],"wp:term":[{"taxonomy":"category","embeddable":true,"href":"https:\/\/eltrabajo.cl\/portal\/wp-json\/wp\/v2\/categories?post=95124"},{"taxonomy":"post_tag","embeddable":true,"href":"https:\/\/eltrabajo.cl\/portal\/wp-json\/wp\/v2\/tags?post=95124"}],"curies":[{"name":"wp","href":"https:\/\/api.w.org\/{rel}","templated":true}]}}