{"id":95138,"date":"2019-11-05T05:04:12","date_gmt":"2019-11-05T08:04:12","guid":{"rendered":"http:\/\/www.eltrabajo.cl\/portal\/?p=95138"},"modified":"2019-11-04T21:36:29","modified_gmt":"2019-11-05T00:36:29","slug":"condenan-a-sujeto-que-mantenia-laboratorio-de-drogas-en-pob-luis-gajardo-guerrero","status":"publish","type":"post","link":"https:\/\/eltrabajo.cl\/portal\/condenan-a-sujeto-que-mantenia-laboratorio-de-drogas-en-pob-luis-gajardo-guerrero\/","title":{"rendered":"Condenan a sujeto que manten\u00eda laboratorio de drogas en Pob. Luis Gajardo Guerrero"},"content":{"rendered":"<p><span style=\"color: #ff0000;\"><strong>Fiscal\u00eda persigue pena de 12 a\u00f1os de c\u00e1rcel:<\/strong><\/span><\/p>\n<ul>\n<li><strong>Personal del OS7 de Carabineros incaut\u00f3 m\u00e1s de 14 kilos de pasta base de coca\u00edna tras denuncias an\u00f3nimas de la emanaci\u00f3n de fuertes qu\u00edmicos desde una vivienda en San Felipe. <\/strong><\/li>\n<\/ul>\n<p>Tras concluir un juicio en su contra, V\u00edctor Daniel Rojas Saavedra fue condenado por el Tribunal Oral en Lo Penal por tr\u00e1fico de drogas, luego de descubrirse un laboratorio clandestino que se dedicar\u00eda a la fabricaci\u00f3n de alucin\u00f3genos, incaut\u00e1ndose m\u00e1s de 14 kilos de pasta base de coca\u00edna.<br \/>\nEl Fiscal Julio Palacios Bobadilla acus\u00f3 durante un juicio llevado a cabo ayer lunes, basado en el procedimiento efectuado por el OS7 de Carabineros Aconcagua el pasado 13 de junio de 2018, luego de denuncias an\u00f3nimas de vecinos que daban cuenta de una plantaci\u00f3n ilegal de cannabis sativa y emanaci\u00f3n de fuertes olores qu\u00edmicos desde un inmueble.<br \/>\nLas diligencias policiales concluyeron que en esta vivienda se mantendr\u00eda un laboratorio clandestino, logr\u00e1ndose la incautaci\u00f3n de gran cantidad de pasta base de coca\u00edna, 6 plantas de cannabis sativa, 43 gramos de clorhidrato de coca\u00edna, decomis\u00e1ndose adem\u00e1s bolsas pl\u00e1sticas de sodio, botellas de soda c\u00e1ustica y un bid\u00f3n de \u00e1cido muri\u00e1tico.<br \/>\nSeg\u00fan Carabineros, estos qu\u00edmicos son elementos caracter\u00edsticos utilizados por los traficantes para aumentar las cantidades de drogas a los traficantes, lo que permite generar elevadas ganancias en dinero en efectivo tras la comercializaci\u00f3n de estas sustancias.<br \/>\nTras las pruebas rendidas por parte de la Fiscal\u00eda durante el juicio en contra del imputado, quien se encuentra en prisi\u00f3n preventiva, la terna de jueces concluy\u00f3 en su veredicto declararlo culpable del delito de tr\u00e1fico de drogas.<br \/>\nLa Fiscal\u00eda persigue que se condene a Rojas Saavedra a una pena de 12 a\u00f1os por este delito, no obstante la sentencia ser\u00e1 dada a conocer este viernes 8 de noviembre en la sala del Tribunal Oral en Lo Penal de San Felipe.<br \/>\n<strong>Pablo Salinas Sald\u00edas<\/strong><\/p>\n<figure id=\"attachment_95139\" aria-describedby=\"caption-attachment-95139\" style=\"width: 580px\" class=\"wp-caption alignnone\"><img data-recalc-dims=\"1\" loading=\"lazy\" decoding=\"async\" class=\"size-full wp-image-95139\" src=\"https:\/\/i0.wp.com\/www.eltrabajo.cl\/portal\/wp-content\/uploads\/2019\/11\/14-kilos-pasta-1.jpg?resize=580%2C360\" alt=\"Personal del OS7 de Carabineros incaut\u00f3 m\u00e1s de 14 kilos de pasta base de coca\u00edna y elementos qu\u00edmicos desde una vivienda ubicada en la poblaci\u00f3n Luis Gajardo Guerrero de San Felipe, el pasado mes de junio de 2018.\" width=\"580\" height=\"360\" srcset=\"https:\/\/i0.wp.com\/eltrabajo.cl\/portal\/wp-content\/uploads\/2019\/11\/14-kilos-pasta-1.jpg?w=580&amp;ssl=1 580w, https:\/\/i0.wp.com\/eltrabajo.cl\/portal\/wp-content\/uploads\/2019\/11\/14-kilos-pasta-1.jpg?resize=200%2C124&amp;ssl=1 200w, https:\/\/i0.wp.com\/eltrabajo.cl\/portal\/wp-content\/uploads\/2019\/11\/14-kilos-pasta-1.jpg?resize=300%2C186&amp;ssl=1 300w, https:\/\/i0.wp.com\/eltrabajo.cl\/portal\/wp-content\/uploads\/2019\/11\/14-kilos-pasta-1.jpg?resize=242%2C150&amp;ssl=1 242w, https:\/\/i0.wp.com\/eltrabajo.cl\/portal\/wp-content\/uploads\/2019\/11\/14-kilos-pasta-1.jpg?resize=400%2C248&amp;ssl=1 400w\" sizes=\"auto, (max-width: 580px) 100vw, 580px\" \/><figcaption id=\"caption-attachment-95139\" class=\"wp-caption-text\">Personal del OS7 de Carabineros incaut\u00f3 m\u00e1s de 14 kilos de pasta base de coca\u00edna y elementos qu\u00edmicos desde una vivienda ubicada en la poblaci\u00f3n Luis Gajardo Guerrero de San Felipe, el pasado mes de junio de 2018.<\/figcaption><\/figure>\n","protected":false},"excerpt":{"rendered":"<p>Fiscal\u00eda persigue pena de 12 a\u00f1os de c\u00e1rcel: Personal del OS7 de Carabineros incaut\u00f3 m\u00e1s de 14 kilos de pasta base de coca\u00edna tras denuncias an\u00f3nimas de la emanaci\u00f3n de fuertes qu\u00edmicos&#8230;<\/p>\n","protected":false},"author":482,"featured_media":95139,"comment_status":"open","ping_status":"open","sticky":false,"template":"","format":"standard","meta":{"advanced_seo_description":"","jetpack_seo_html_title":"","jetpack_seo_noindex":false,"_jetpack_memberships_contains_paid_content":false,"footnotes":""},"categories":[97],"tags":[],"class_list":["post-95138","post","type-post","status-publish","format-standard","has-post-thumbnail","hentry","category-tribunales"],"jetpack_featured_media_url":"https:\/\/i0.wp.com\/eltrabajo.cl\/portal\/wp-content\/uploads\/2019\/11\/14-kilos-pasta-1.jpg?fit=580%2C360&ssl=1","jetpack_sharing_enabled":true,"jetpack_likes_enabled":true,"jetpack-related-posts":[],"_links":{"self":[{"href":"https:\/\/eltrabajo.cl\/portal\/wp-json\/wp\/v2\/posts\/95138","targetHints":{"allow":["GET"]}}],"collection":[{"href":"https:\/\/eltrabajo.cl\/portal\/wp-json\/wp\/v2\/posts"}],"about":[{"href":"https:\/\/eltrabajo.cl\/portal\/wp-json\/wp\/v2\/types\/post"}],"author":[{"embeddable":true,"href":"https:\/\/eltrabajo.cl\/portal\/wp-json\/wp\/v2\/users\/482"}],"replies":[{"embeddable":true,"href":"https:\/\/eltrabajo.cl\/portal\/wp-json\/wp\/v2\/comments?post=95138"}],"version-history":[{"count":0,"href":"https:\/\/eltrabajo.cl\/portal\/wp-json\/wp\/v2\/posts\/95138\/revisions"}],"wp:featuredmedia":[{"embeddable":true,"href":"https:\/\/eltrabajo.cl\/portal\/wp-json\/wp\/v2\/media\/95139"}],"wp:attachment":[{"href":"https:\/\/eltrabajo.cl\/portal\/wp-json\/wp\/v2\/media?parent=95138"}],"wp:term":[{"taxonomy":"category","embeddable":true,"href":"https:\/\/eltrabajo.cl\/portal\/wp-json\/wp\/v2\/categories?post=95138"},{"taxonomy":"post_tag","embeddable":true,"href":"https:\/\/eltrabajo.cl\/portal\/wp-json\/wp\/v2\/tags?post=95138"}],"curies":[{"name":"wp","href":"https:\/\/api.w.org\/{rel}","templated":true}]}}