{"id":95141,"date":"2019-11-05T05:05:41","date_gmt":"2019-11-05T08:05:41","guid":{"rendered":"http:\/\/www.eltrabajo.cl\/portal\/?p=95141"},"modified":"2019-11-04T21:40:31","modified_gmt":"2019-11-05T00:40:31","slug":"haitianos-lanzaran-radio-comunitaria-aconcagua-haiti-a-fin-de-mes-en-plaza-civica","status":"publish","type":"post","link":"https:\/\/eltrabajo.cl\/portal\/haitianos-lanzaran-radio-comunitaria-aconcagua-haiti-a-fin-de-mes-en-plaza-civica\/","title":{"rendered":"Haitianos lanzar\u00e1n Radio Comunitaria Aconcagua Hait\u00ed a fin de mes en Plaza C\u00edvica"},"content":{"rendered":"<p><span style=\"color: #ff0000;\"><strong>Emisora lleva dos a\u00f1os transmitiendo:<\/strong><\/span><\/p>\n<p>Este s\u00e1bado 23 y domingo 24 de noviembre en plena Plaza C\u00edvica de San Felipe, ser\u00e1 lanzada de manera oficial la radioemisora Radio Comunitaria Aconcagua Hait\u00ed, misma que ha venido funcionando v\u00eda streaming por Internet desde el a\u00f1o 2017. Ahora este proyecto iniciado por el haitiano James Joseph, y que ahora es conducida por otros colaboradores caribe\u00f1os.<br \/>\nSe trata de un lanzamiento en virtud que ya los permisos de funcionamiento de la radioemisora est\u00e1n completamente vigentes, cuentan con personer\u00eda jur\u00eddica y una oficina o cabina de transmisi\u00f3n f\u00edsica desde donde transmiten 24\/7. Esta cabina est\u00e1 ubicada en la Oficina Municipal de Discapacidad (dependiente de la Dideco) en Salinas 2.<br \/>\nPablo Silva N\u00fa\u00f1ez, Dideco de San Felipe, explic\u00f3 a nuestro medio que \u00abRadio Aconcagua Hait\u00ed es una organizaci\u00f3n que lleva ya un par de a\u00f1os funcionando en nuestra comuna y se dedica a transmitir informaci\u00f3n de actividades sociales, comunitarias, desde los estamentos que la apoyan y tambi\u00e9n informaci\u00f3n de inter\u00e9s para los migrantes haitianos que han llegado a San Felipe, nosotros como Municipio hemos generado un espacio para que ellos puedan tener su propia radio y as\u00ed poder dar informaciones diarias a todos nuestros vecinos migrantes, generar tambi\u00e9n la intersectorialidad con todas las mesas tanto social como de salud y as\u00ed poder entregar de la menor manera informaci\u00f3n a los migrantes\u00bb, indic\u00f3 el Dideco.<br \/>\nEsta actividad iniciar\u00e1 con un homenaje al gobernador Claudio Rodr\u00edguez y al alcalde Patricio Freire por parte del directorio de la radio, tambi\u00e9n habr\u00e1n actividades evang\u00e9licas y muchas sorpresas durante las dos jornadas de lanzamiento, que iniciar\u00e1 a las 19:00 horas y culminar\u00e1 a las 23:00 horas los dos d\u00edas.<br \/>\n<strong>Roberto Gonz\u00e1lez Short<\/strong><\/p>\n<figure id=\"attachment_95142\" aria-describedby=\"caption-attachment-95142\" style=\"width: 580px\" class=\"wp-caption alignnone\"><img data-recalc-dims=\"1\" loading=\"lazy\" decoding=\"async\" class=\"size-full wp-image-95142\" src=\"https:\/\/i0.wp.com\/www.eltrabajo.cl\/portal\/wp-content\/uploads\/2019\/11\/Radio_Michell-Andre-Eduard.jpg?resize=580%2C359\" alt=\"LA VOZ DE HAIT\u00cd.- Michel Andr\u00e9 Eduard es uno de los locutores de Radio Comunitaria Aconcagua Hait\u00ed. \" width=\"580\" height=\"359\" srcset=\"https:\/\/i0.wp.com\/eltrabajo.cl\/portal\/wp-content\/uploads\/2019\/11\/Radio_Michell-Andre-Eduard.jpg?w=580&amp;ssl=1 580w, https:\/\/i0.wp.com\/eltrabajo.cl\/portal\/wp-content\/uploads\/2019\/11\/Radio_Michell-Andre-Eduard.jpg?resize=200%2C124&amp;ssl=1 200w, https:\/\/i0.wp.com\/eltrabajo.cl\/portal\/wp-content\/uploads\/2019\/11\/Radio_Michell-Andre-Eduard.jpg?resize=300%2C186&amp;ssl=1 300w, https:\/\/i0.wp.com\/eltrabajo.cl\/portal\/wp-content\/uploads\/2019\/11\/Radio_Michell-Andre-Eduard.jpg?resize=242%2C150&amp;ssl=1 242w, https:\/\/i0.wp.com\/eltrabajo.cl\/portal\/wp-content\/uploads\/2019\/11\/Radio_Michell-Andre-Eduard.jpg?resize=400%2C248&amp;ssl=1 400w\" sizes=\"auto, (max-width: 580px) 100vw, 580px\" \/><figcaption id=\"caption-attachment-95142\" class=\"wp-caption-text\">LA VOZ DE HAIT\u00cd.- Michel Andr\u00e9 Eduard es uno de los locutores de Radio Comunitaria Aconcagua Hait\u00ed.<\/figcaption><\/figure>\n<figure id=\"attachment_95143\" aria-describedby=\"caption-attachment-95143\" style=\"width: 580px\" class=\"wp-caption alignnone\"><img data-recalc-dims=\"1\" loading=\"lazy\" decoding=\"async\" class=\"size-full wp-image-95143\" src=\"https:\/\/i0.wp.com\/www.eltrabajo.cl\/portal\/wp-content\/uploads\/2019\/11\/Radio2.jpg?resize=580%2C359\" alt=\"LANZAMIENTO OFICIAL.- Este documento faculta a la comunidad haitiana para que transmitan v\u00eda streaming en la p\u00e1gina https:\/\/aconcaguahaiti.cl\/.\" width=\"580\" height=\"359\" srcset=\"https:\/\/i0.wp.com\/eltrabajo.cl\/portal\/wp-content\/uploads\/2019\/11\/Radio2.jpg?w=580&amp;ssl=1 580w, https:\/\/i0.wp.com\/eltrabajo.cl\/portal\/wp-content\/uploads\/2019\/11\/Radio2.jpg?resize=200%2C124&amp;ssl=1 200w, https:\/\/i0.wp.com\/eltrabajo.cl\/portal\/wp-content\/uploads\/2019\/11\/Radio2.jpg?resize=300%2C186&amp;ssl=1 300w, https:\/\/i0.wp.com\/eltrabajo.cl\/portal\/wp-content\/uploads\/2019\/11\/Radio2.jpg?resize=242%2C150&amp;ssl=1 242w, https:\/\/i0.wp.com\/eltrabajo.cl\/portal\/wp-content\/uploads\/2019\/11\/Radio2.jpg?resize=400%2C248&amp;ssl=1 400w\" sizes=\"auto, (max-width: 580px) 100vw, 580px\" \/><figcaption id=\"caption-attachment-95143\" class=\"wp-caption-text\">LANZAMIENTO OFICIAL.- Este documento faculta a la comunidad haitiana para que transmitan v\u00eda streaming en la p\u00e1gina https:\/\/aconcaguahaiti.cl\/.<\/figcaption><\/figure>\n","protected":false},"excerpt":{"rendered":"<p>Emisora lleva dos a\u00f1os transmitiendo: Este s\u00e1bado 23 y domingo 24 de noviembre en plena Plaza C\u00edvica de San Felipe, ser\u00e1 lanzada de manera oficial la radioemisora Radio Comunitaria Aconcagua Hait\u00ed, misma&#8230;<\/p>\n","protected":false},"author":482,"featured_media":95142,"comment_status":"open","ping_status":"open","sticky":false,"template":"","format":"standard","meta":{"advanced_seo_description":"","jetpack_seo_html_title":"","jetpack_seo_noindex":false,"_jetpack_memberships_contains_paid_content":false,"footnotes":""},"categories":[15],"tags":[],"class_list":["post-95141","post","type-post","status-publish","format-standard","has-post-thumbnail","hentry","category-comunidad"],"jetpack_featured_media_url":"https:\/\/i0.wp.com\/eltrabajo.cl\/portal\/wp-content\/uploads\/2019\/11\/Radio_Michell-Andre-Eduard.jpg?fit=580%2C359&ssl=1","jetpack_sharing_enabled":true,"jetpack_likes_enabled":true,"jetpack-related-posts":[],"_links":{"self":[{"href":"https:\/\/eltrabajo.cl\/portal\/wp-json\/wp\/v2\/posts\/95141","targetHints":{"allow":["GET"]}}],"collection":[{"href":"https:\/\/eltrabajo.cl\/portal\/wp-json\/wp\/v2\/posts"}],"about":[{"href":"https:\/\/eltrabajo.cl\/portal\/wp-json\/wp\/v2\/types\/post"}],"author":[{"embeddable":true,"href":"https:\/\/eltrabajo.cl\/portal\/wp-json\/wp\/v2\/users\/482"}],"replies":[{"embeddable":true,"href":"https:\/\/eltrabajo.cl\/portal\/wp-json\/wp\/v2\/comments?post=95141"}],"version-history":[{"count":0,"href":"https:\/\/eltrabajo.cl\/portal\/wp-json\/wp\/v2\/posts\/95141\/revisions"}],"wp:featuredmedia":[{"embeddable":true,"href":"https:\/\/eltrabajo.cl\/portal\/wp-json\/wp\/v2\/media\/95142"}],"wp:attachment":[{"href":"https:\/\/eltrabajo.cl\/portal\/wp-json\/wp\/v2\/media?parent=95141"}],"wp:term":[{"taxonomy":"category","embeddable":true,"href":"https:\/\/eltrabajo.cl\/portal\/wp-json\/wp\/v2\/categories?post=95141"},{"taxonomy":"post_tag","embeddable":true,"href":"https:\/\/eltrabajo.cl\/portal\/wp-json\/wp\/v2\/tags?post=95141"}],"curies":[{"name":"wp","href":"https:\/\/api.w.org\/{rel}","templated":true}]}}