{"id":95150,"date":"2019-11-05T05:07:14","date_gmt":"2019-11-05T08:07:14","guid":{"rendered":"http:\/\/www.eltrabajo.cl\/portal\/?p=95150"},"modified":"2019-11-04T21:46:36","modified_gmt":"2019-11-05T00:46:36","slug":"denuncia-que-empresa-de-parquimetros-green-line-lo-engano-y-no-le-pago","status":"publish","type":"post","link":"https:\/\/eltrabajo.cl\/portal\/denuncia-que-empresa-de-parquimetros-green-line-lo-engano-y-no-le-pago\/","title":{"rendered":"Denuncia que empresa de parqu\u00edmetros Green Line lo enga\u00f1\u00f3 y no le pag\u00f3"},"content":{"rendered":"<p>A la tristemente c\u00e9lebre empresa de parqu\u00edmetros Green Line Servicio Parking, misma que se encuentra enfrentando una demanda colectiva interpuesta por sus exempleados tras haberse ellos autodespedido en virtud del no pago de sus salarios e imposiciones, al parecer le siguen apareciendo reclamos todos los d\u00edas.<\/p>\n<p><span style=\"color: #ff0000;\"><strong>SERIA DENUNCIA<\/strong><\/span><br \/>\nAs\u00ed qued\u00f3 en evidencia tras una nueva denuncia p\u00fablica que hizo en nuestra Sala de Redacci\u00f3n el haitiano Jean Mart\u00edn Valliere, de 37 a\u00f1os de edad, quien trabaj\u00f3 s\u00f3lo un mes como cobrador de parqu\u00edmetros y no se lo pagaron.<br \/>\n\u00abYo comenc\u00e9 a laborar para la empresa de parqu\u00edmetros Green Line el 3 de septiembre, trabaj\u00e9 un mes y nunca me pagaron, en esos d\u00edas la empresa tuvo problemas con el Municipio, yo interpuse un reclamo en la Inspecci\u00f3n del Trabajo, para que me pagara la empresa, sin embargo el jefe de parqu\u00edmetros Daniel Soto me dijo que quitara el reclamo para pagarme al tiro, cre\u00ed en su palabra y fui a quitar el reclamo, lo quit\u00e9 y cuando ped\u00ed mi dinero este jefe no me pag\u00f3, dijo que la empresa no tiene plata, as\u00ed me lo hizo a m\u00ed y como a siete trabajadores m\u00e1s, como siete chilenos y a dos haitianos\u00bb, coment\u00f3 a Diario El Trabajo el afectado, Jean Mart\u00edn Valliere.<\/p>\n<p><span style=\"color: #ff0000;\"><strong>IMPERDONABLE BURLA<\/strong><\/span><br \/>\nNuestro medio tom\u00f3 contacto con Daniel Soto, \u00e9ste oy\u00f3 la grabaci\u00f3n de su extrabajador pero declin\u00f3 entregarnos su versi\u00f3n de los hechos. Tambi\u00e9n tomamos contacto con la vocera de los ahora extrabajadores de Green Line, Rosa Olivares, quien nos confirm\u00f3 esta historia, al menos en el sentido que ella conoce de al menos ocho personas a quienes la empresa contrat\u00f3 al final del proceso, pero nunca les pagaron lo trabajado.<br \/>\nEllos, los extrabajadores con m\u00e1s tiempo en la empresa, se autodespidieron y demandaron a la empresa. Olivares inform\u00f3 que lo adeudado a estos 32 extrabajadores asciende a los 100 millones de pesos, y que la Boleta de Garant\u00eda de la empresa es apenas de $15 millones.<br \/>\n<strong>Roberto Gonz\u00e1lez Short<\/strong><\/p>\n<figure id=\"attachment_95151\" aria-describedby=\"caption-attachment-95151\" style=\"width: 580px\" class=\"wp-caption alignnone\"><img data-recalc-dims=\"1\" loading=\"lazy\" decoding=\"async\" class=\"size-full wp-image-95151\" src=\"https:\/\/i0.wp.com\/www.eltrabajo.cl\/portal\/wp-content\/uploads\/2019\/11\/Reclamo_Jean-Mart%C3%ADn-Valliere.jpg?resize=580%2C359\" alt=\"CONTRATOS FANTASMA.- Jean Mart\u00edn Valliere muestra a nuestro medio el contrato de trabajo que demuestra su versi\u00f3n de los hechos.\" width=\"580\" height=\"359\" srcset=\"https:\/\/i0.wp.com\/eltrabajo.cl\/portal\/wp-content\/uploads\/2019\/11\/Reclamo_Jean-Mart%C3%ADn-Valliere.jpg?w=580&amp;ssl=1 580w, https:\/\/i0.wp.com\/eltrabajo.cl\/portal\/wp-content\/uploads\/2019\/11\/Reclamo_Jean-Mart%C3%ADn-Valliere.jpg?resize=200%2C124&amp;ssl=1 200w, https:\/\/i0.wp.com\/eltrabajo.cl\/portal\/wp-content\/uploads\/2019\/11\/Reclamo_Jean-Mart%C3%ADn-Valliere.jpg?resize=300%2C186&amp;ssl=1 300w, https:\/\/i0.wp.com\/eltrabajo.cl\/portal\/wp-content\/uploads\/2019\/11\/Reclamo_Jean-Mart%C3%ADn-Valliere.jpg?resize=242%2C150&amp;ssl=1 242w, https:\/\/i0.wp.com\/eltrabajo.cl\/portal\/wp-content\/uploads\/2019\/11\/Reclamo_Jean-Mart%C3%ADn-Valliere.jpg?resize=400%2C248&amp;ssl=1 400w\" sizes=\"auto, (max-width: 580px) 100vw, 580px\" \/><figcaption id=\"caption-attachment-95151\" class=\"wp-caption-text\">CONTRATOS FANTASMA.- Jean Mart\u00edn Valliere muestra a nuestro medio el contrato de trabajo que demuestra su versi\u00f3n de los hechos.<\/figcaption><\/figure>\n<figure id=\"attachment_95152\" aria-describedby=\"caption-attachment-95152\" style=\"width: 579px\" class=\"wp-caption alignnone\"><img data-recalc-dims=\"1\" loading=\"lazy\" decoding=\"async\" class=\"size-full wp-image-95152\" src=\"https:\/\/i0.wp.com\/www.eltrabajo.cl\/portal\/wp-content\/uploads\/2019\/11\/Reclamo1.jpg?resize=579%2C494\" alt=\"TRABAJADOR ENGA\u00d1ADO.- Luego que Jean Mart\u00edn quit\u00f3 el reclamo en la Inspecci\u00f3n del Trabajo, Daniel Soto simplemente no le habr\u00eda pagado lo trabajado, seg\u00fan denunci\u00f3.\" width=\"579\" height=\"494\" srcset=\"https:\/\/i0.wp.com\/eltrabajo.cl\/portal\/wp-content\/uploads\/2019\/11\/Reclamo1.jpg?w=579&amp;ssl=1 579w, https:\/\/i0.wp.com\/eltrabajo.cl\/portal\/wp-content\/uploads\/2019\/11\/Reclamo1.jpg?resize=176%2C150&amp;ssl=1 176w, https:\/\/i0.wp.com\/eltrabajo.cl\/portal\/wp-content\/uploads\/2019\/11\/Reclamo1.jpg?resize=300%2C256&amp;ssl=1 300w, https:\/\/i0.wp.com\/eltrabajo.cl\/portal\/wp-content\/uploads\/2019\/11\/Reclamo1.jpg?resize=400%2C341&amp;ssl=1 400w\" sizes=\"auto, (max-width: 579px) 100vw, 579px\" \/><figcaption id=\"caption-attachment-95152\" class=\"wp-caption-text\">TRABAJADOR ENGA\u00d1ADO.- Luego que Jean Mart\u00edn quit\u00f3 el reclamo en la Inspecci\u00f3n del Trabajo, Daniel Soto simplemente no le habr\u00eda pagado lo trabajado, seg\u00fan denunci\u00f3.<\/figcaption><\/figure>\n","protected":false},"excerpt":{"rendered":"<p>A la tristemente c\u00e9lebre empresa de parqu\u00edmetros Green Line Servicio Parking, misma que se encuentra enfrentando una demanda colectiva interpuesta por sus exempleados tras haberse ellos autodespedido en virtud del no pago&#8230;<\/p>\n","protected":false},"author":482,"featured_media":95151,"comment_status":"open","ping_status":"open","sticky":false,"template":"","format":"standard","meta":{"advanced_seo_description":"","jetpack_seo_html_title":"","jetpack_seo_noindex":false,"_jetpack_memberships_contains_paid_content":false,"footnotes":""},"categories":[15],"tags":[],"class_list":["post-95150","post","type-post","status-publish","format-standard","has-post-thumbnail","hentry","category-comunidad"],"jetpack_featured_media_url":"https:\/\/i0.wp.com\/eltrabajo.cl\/portal\/wp-content\/uploads\/2019\/11\/Reclamo_Jean-Mart%C3%ADn-Valliere.jpg?fit=580%2C359&ssl=1","jetpack_sharing_enabled":true,"jetpack_likes_enabled":true,"jetpack-related-posts":[],"_links":{"self":[{"href":"https:\/\/eltrabajo.cl\/portal\/wp-json\/wp\/v2\/posts\/95150","targetHints":{"allow":["GET"]}}],"collection":[{"href":"https:\/\/eltrabajo.cl\/portal\/wp-json\/wp\/v2\/posts"}],"about":[{"href":"https:\/\/eltrabajo.cl\/portal\/wp-json\/wp\/v2\/types\/post"}],"author":[{"embeddable":true,"href":"https:\/\/eltrabajo.cl\/portal\/wp-json\/wp\/v2\/users\/482"}],"replies":[{"embeddable":true,"href":"https:\/\/eltrabajo.cl\/portal\/wp-json\/wp\/v2\/comments?post=95150"}],"version-history":[{"count":0,"href":"https:\/\/eltrabajo.cl\/portal\/wp-json\/wp\/v2\/posts\/95150\/revisions"}],"wp:featuredmedia":[{"embeddable":true,"href":"https:\/\/eltrabajo.cl\/portal\/wp-json\/wp\/v2\/media\/95151"}],"wp:attachment":[{"href":"https:\/\/eltrabajo.cl\/portal\/wp-json\/wp\/v2\/media?parent=95150"}],"wp:term":[{"taxonomy":"category","embeddable":true,"href":"https:\/\/eltrabajo.cl\/portal\/wp-json\/wp\/v2\/categories?post=95150"},{"taxonomy":"post_tag","embeddable":true,"href":"https:\/\/eltrabajo.cl\/portal\/wp-json\/wp\/v2\/tags?post=95150"}],"curies":[{"name":"wp","href":"https:\/\/api.w.org\/{rel}","templated":true}]}}