{"id":95166,"date":"2019-11-06T05:01:50","date_gmt":"2019-11-06T08:01:50","guid":{"rendered":"http:\/\/www.eltrabajo.cl\/portal\/?p=95166"},"modified":"2019-11-05T20:26:15","modified_gmt":"2019-11-05T23:26:15","slug":"joven-de-29-anos-herido-grave-al-ser-apunalado-por-aparentes-rencillas-anteriores","status":"publish","type":"post","link":"https:\/\/eltrabajo.cl\/portal\/joven-de-29-anos-herido-grave-al-ser-apunalado-por-aparentes-rencillas-anteriores\/","title":{"rendered":"Joven de 29 a\u00f1os herido grave al ser apu\u00f1alado por aparentes rencillas anteriores"},"content":{"rendered":"<p><span style=\"color: #ff0000;\"><strong>Carabineros captur\u00f3 al atacante en Putaendo:<\/strong><\/span><\/p>\n<ul>\n<li><strong>La v\u00edctima fue derivada hasta el Hospital San Camilo la noche de este lunes para ser intervenido quir\u00fargicamente. El imputado fue formalizado en tribunales ayer martes por homicidio frustrado. <\/strong><\/li>\n<\/ul>\n<p>Con una herida penetrante en el t\u00f3rax, de car\u00e1cter grave, result\u00f3 un joven de 29 a\u00f1os de edad tras haber sido apu\u00f1alado por un sujeto en el sector La Gruta de la comuna de Putaendo, por aparentes rencillas anteriores, la noche de este lunes.<br \/>\nCarabineros inform\u00f3 que del hecho se tuvo conocimiento alrededor de las 20:45 horas, luego de recibir un llamado telef\u00f3nico informando que la v\u00edctima se encontraba tendida, sangrando profusamente, requiri\u00e9ndose adem\u00e1s la presencia del Samu hasta calle Nueva Chacabuco esquina Las Moreras de esa comuna.<br \/>\nLos profesionales de la salud lograron estabilizar a la v\u00edctima de iniciales J.C.B.M., para luego ser derivado hasta el servicio de urgencias del Hospital San Camilo de San Felipe, ingresando con una herida de arma blanca grave, siendo intervenido quir\u00fargicamente.<br \/>\nAl mismo tiempo personal de Carabineros de Putaendo efectu\u00f3 patrullajes en b\u00fasqueda del autor del hecho, logr\u00e1ndose su detenci\u00f3n gracias a la informaci\u00f3n de un testigo quien proporcion\u00f3 las caracter\u00edsticas f\u00edsicas y vestimentas del presunto agresor, quien fue hallado circulando a pocas cuadras del sitio del suceso.<br \/>\nEl Fiscal de turno dispuso de la concurrencia del personal especializado de la Brigada de Homicidios de la Polic\u00eda de Investigaciones de Los Andes para indagar m\u00e1s detalles de lo ocurrido.<br \/>\nEn tanto en horas de la ma\u00f1ana de ayer martes, el imputado de iniciales S.E.L.A., de 26 a\u00f1os de edad, fue derivado hasta el Tribunal de Garant\u00eda de Putaendo para ser formalizado por la Fiscal\u00eda por el delito de homicidio frustrado.<br \/>\nHasta el cierre de esta nota, Carabineros afirm\u00f3 que la v\u00edctima permanec\u00eda hospitalizada, con diagn\u00f3stico reservado y fuera de riesgo vital.<br \/>\n<strong>Pablo Salinas Sald\u00edas<\/strong><\/p>\n<figure id=\"attachment_95167\" aria-describedby=\"caption-attachment-95167\" style=\"width: 580px\" class=\"wp-caption alignnone\"><img data-recalc-dims=\"1\" loading=\"lazy\" decoding=\"async\" class=\"size-full wp-image-95167\" src=\"https:\/\/i0.wp.com\/www.eltrabajo.cl\/portal\/wp-content\/uploads\/2019\/11\/AGREDIDO-PUTAENDO.jpg?resize=580%2C360\" alt=\"El hecho ocurri\u00f3 la noche de este lunes en la comuna de Putaendo.  Carabineros captur\u00f3 al atacante para ser derivado hasta tribunales por el delito de homicidio frustrado. (Fotograf\u00eda: Putaendo Informa).\" width=\"580\" height=\"360\" srcset=\"https:\/\/i0.wp.com\/eltrabajo.cl\/portal\/wp-content\/uploads\/2019\/11\/AGREDIDO-PUTAENDO.jpg?w=580&amp;ssl=1 580w, https:\/\/i0.wp.com\/eltrabajo.cl\/portal\/wp-content\/uploads\/2019\/11\/AGREDIDO-PUTAENDO.jpg?resize=200%2C124&amp;ssl=1 200w, https:\/\/i0.wp.com\/eltrabajo.cl\/portal\/wp-content\/uploads\/2019\/11\/AGREDIDO-PUTAENDO.jpg?resize=300%2C186&amp;ssl=1 300w, https:\/\/i0.wp.com\/eltrabajo.cl\/portal\/wp-content\/uploads\/2019\/11\/AGREDIDO-PUTAENDO.jpg?resize=242%2C150&amp;ssl=1 242w, https:\/\/i0.wp.com\/eltrabajo.cl\/portal\/wp-content\/uploads\/2019\/11\/AGREDIDO-PUTAENDO.jpg?resize=400%2C248&amp;ssl=1 400w\" sizes=\"auto, (max-width: 580px) 100vw, 580px\" \/><figcaption id=\"caption-attachment-95167\" class=\"wp-caption-text\">El hecho ocurri\u00f3 la noche de este lunes en la comuna de Putaendo. Carabineros captur\u00f3 al atacante para ser derivado hasta tribunales por el delito de homicidio frustrado. (Fotograf\u00eda: Putaendo Informa).<\/figcaption><\/figure>\n","protected":false},"excerpt":{"rendered":"<p>Carabineros captur\u00f3 al atacante en Putaendo: La v\u00edctima fue derivada hasta el Hospital San Camilo la noche de este lunes para ser intervenido quir\u00fargicamente. El imputado fue formalizado en tribunales ayer martes&#8230;<\/p>\n","protected":false},"author":482,"featured_media":95167,"comment_status":"open","ping_status":"open","sticky":false,"template":"","format":"standard","meta":{"advanced_seo_description":"","jetpack_seo_html_title":"","jetpack_seo_noindex":false,"_jetpack_memberships_contains_paid_content":false,"footnotes":""},"categories":[21],"tags":[],"class_list":["post-95166","post","type-post","status-publish","format-standard","has-post-thumbnail","hentry","category-policial"],"jetpack_featured_media_url":"https:\/\/i0.wp.com\/eltrabajo.cl\/portal\/wp-content\/uploads\/2019\/11\/AGREDIDO-PUTAENDO.jpg?fit=580%2C360&ssl=1","jetpack_sharing_enabled":true,"jetpack_likes_enabled":true,"jetpack-related-posts":[],"_links":{"self":[{"href":"https:\/\/eltrabajo.cl\/portal\/wp-json\/wp\/v2\/posts\/95166","targetHints":{"allow":["GET"]}}],"collection":[{"href":"https:\/\/eltrabajo.cl\/portal\/wp-json\/wp\/v2\/posts"}],"about":[{"href":"https:\/\/eltrabajo.cl\/portal\/wp-json\/wp\/v2\/types\/post"}],"author":[{"embeddable":true,"href":"https:\/\/eltrabajo.cl\/portal\/wp-json\/wp\/v2\/users\/482"}],"replies":[{"embeddable":true,"href":"https:\/\/eltrabajo.cl\/portal\/wp-json\/wp\/v2\/comments?post=95166"}],"version-history":[{"count":0,"href":"https:\/\/eltrabajo.cl\/portal\/wp-json\/wp\/v2\/posts\/95166\/revisions"}],"wp:featuredmedia":[{"embeddable":true,"href":"https:\/\/eltrabajo.cl\/portal\/wp-json\/wp\/v2\/media\/95167"}],"wp:attachment":[{"href":"https:\/\/eltrabajo.cl\/portal\/wp-json\/wp\/v2\/media?parent=95166"}],"wp:term":[{"taxonomy":"category","embeddable":true,"href":"https:\/\/eltrabajo.cl\/portal\/wp-json\/wp\/v2\/categories?post=95166"},{"taxonomy":"post_tag","embeddable":true,"href":"https:\/\/eltrabajo.cl\/portal\/wp-json\/wp\/v2\/tags?post=95166"}],"curies":[{"name":"wp","href":"https:\/\/api.w.org\/{rel}","templated":true}]}}