{"id":95188,"date":"2019-11-07T05:01:17","date_gmt":"2019-11-07T08:01:17","guid":{"rendered":"http:\/\/www.eltrabajo.cl\/portal\/?p=95188"},"modified":"2019-11-06T20:15:12","modified_gmt":"2019-11-06T23:15:12","slug":"diabladas-misas-artesanos-y-folklore-en-la-fiesta-de-santa-filomena-2019","status":"publish","type":"post","link":"https:\/\/eltrabajo.cl\/portal\/diabladas-misas-artesanos-y-folklore-en-la-fiesta-de-santa-filomena-2019\/","title":{"rendered":"Diabladas, misas, artesanos y folklore en la Fiesta de Santa Filomena 2019"},"content":{"rendered":"<p><span style=\"color: #ff0000;\"><strong>Desde ma\u00f1ana viernes hasta la noche del domingo:<\/strong><\/span><\/p>\n<p>Este fin de semana el folklore, religiosidad y venta de muchos productos y servicios ser\u00e1n los que se instalen en Santa Filomena, lugar rural del valle en donde ser\u00e1n celebradas las fiestas a la santa del lugar. Para conocer la agenda de la misma nuestro medio habl\u00f3 con El\u00edas Le\u00f3n Far\u00edas, encargado de Rentas de la Municipalidad de Santa Mar\u00eda.<br \/>\n\u00abEsta fiesta parte este viernes 8 a las 20:00 horas, cuando ya la gente se instale con sus puestos. La idea es que ya el s\u00e1bado a las nueve de la ma\u00f1ana inicien las actividades, las que terminar\u00e1n como a las 21:00 horas del domingo 10. En total son cerca de 550 puestos los que estar\u00e1n disponibles para el p\u00fablico local y visitantes. Aqu\u00ed llegan comerciantes de todo Chile y tambi\u00e9n de otros pa\u00edses vecinos. En cuanto a la seguridad, puedo invitar a todos los vecinos a esta fiesta, Carabineros brindar\u00e1 seguridad y tambi\u00e9n el Municipio contratar\u00e1 vigilancia particular\u00bb, dijo el funcionario.<\/p>\n<p><span style=\"color: #ff0000;\"><strong>AGENDA RELIGIOSA<\/strong><\/span><br \/>\nDiario El Trabajo tambi\u00e9n habl\u00f3 con el cura p\u00e1rroco de Santa Mar\u00eda, Claudio Acevedo, quien nos inform\u00f3 sobre algunas de las actividades religiosas programadas para esa jornada 2019 de la Fiesta de Santa Filomena: \u00abNosotros como comunidad religiosa este domingo 3 de noviembre iniciamos estas fiestas con la Novena a las 19:30 horas y a las 20:00 horas una Misa. Para este jueves tendremos actividades para la familia, esta jornada ser\u00e1 desarrollada por el Movimiento Sagrada Familia Nazaret, ellos estar\u00e1n a cargo de esa Misa a las 18:30 horas. El viernes 8 es la Misa para j\u00f3venes y Canto a lo divino; el s\u00e1bado a las cinco de la ma\u00f1ana tendremos la liturgia de Bendici\u00f3n de las herramientas en el Cerro de La Cruz, esa actividad la realizar\u00e1 un di\u00e1cono; ese mismo s\u00e1bado a las 12 del d\u00eda tendremos la Misa de los Bautizos, se bautizar\u00e1n muchos ni\u00f1os; tambi\u00e9n ese d\u00eda tendremos la presentaci\u00f3n de Bailes Chinos desde las 19:00 a las 21:00 horas, ellos har\u00e1n su homenaje a Santa Filomena, y a las 23:00 horas ser\u00e1 la Misa del Peregrino, una de las misas m\u00e1s importantes de estas fiestas, pues llegan personas a pie desde Santa Mar\u00eda. El domingo desde las 8 de la ma\u00f1ana empezamos con las misas, la primera a las 9:30 horas, 10 y media, 12:30 con el administrador apost\u00f3lico, a las 3 de la tarde (Grupo Pangue de Panquehue entre medio), y una Morenada para Santa Filomena, a las 17:00 horas la Misa de Clausura con la procesi\u00f3n al Cerro de La Cruz y ah\u00ed terminamos\u00bb, dijo el religioso.<br \/>\n<strong>Roberto Gonz\u00e1lez Short<\/strong><\/p>\n<figure id=\"attachment_95189\" aria-describedby=\"caption-attachment-95189\" style=\"width: 580px\" class=\"wp-caption alignnone\"><img data-recalc-dims=\"1\" loading=\"lazy\" decoding=\"async\" class=\"size-full wp-image-95189\" src=\"https:\/\/i0.wp.com\/www.eltrabajo.cl\/portal\/wp-content\/uploads\/2019\/11\/Santa1.jpg?resize=580%2C360\" alt=\"FIESTA RELIGIOSA.- Este escenario, la entrada principal del templo de Santa Filomena, se llenar\u00e1 de fieles durante todo este fin de semana.\" width=\"580\" height=\"360\" srcset=\"https:\/\/i0.wp.com\/eltrabajo.cl\/portal\/wp-content\/uploads\/2019\/11\/Santa1.jpg?w=580&amp;ssl=1 580w, https:\/\/i0.wp.com\/eltrabajo.cl\/portal\/wp-content\/uploads\/2019\/11\/Santa1.jpg?resize=200%2C124&amp;ssl=1 200w, https:\/\/i0.wp.com\/eltrabajo.cl\/portal\/wp-content\/uploads\/2019\/11\/Santa1.jpg?resize=300%2C186&amp;ssl=1 300w, https:\/\/i0.wp.com\/eltrabajo.cl\/portal\/wp-content\/uploads\/2019\/11\/Santa1.jpg?resize=242%2C150&amp;ssl=1 242w, https:\/\/i0.wp.com\/eltrabajo.cl\/portal\/wp-content\/uploads\/2019\/11\/Santa1.jpg?resize=400%2C248&amp;ssl=1 400w\" sizes=\"auto, (max-width: 580px) 100vw, 580px\" \/><figcaption id=\"caption-attachment-95189\" class=\"wp-caption-text\">FIESTA RELIGIOSA.- Este escenario, la entrada principal del templo de Santa Filomena, se llenar\u00e1 de fieles durante todo este fin de semana.<\/figcaption><\/figure>\n<figure id=\"attachment_95190\" aria-describedby=\"caption-attachment-95190\" style=\"width: 580px\" class=\"wp-caption alignnone\"><img data-recalc-dims=\"1\" loading=\"lazy\" decoding=\"async\" class=\"size-full wp-image-95190\" src=\"https:\/\/i0.wp.com\/www.eltrabajo.cl\/portal\/wp-content\/uploads\/2019\/11\/Santa_Claudio-Acevedo.jpg?resize=580%2C582\" alt=\"Cura p\u00e1rroco de Santa Mar\u00eda, Claudio Acevedo.\" width=\"580\" height=\"582\" srcset=\"https:\/\/i0.wp.com\/eltrabajo.cl\/portal\/wp-content\/uploads\/2019\/11\/Santa_Claudio-Acevedo.jpg?w=580&amp;ssl=1 580w, https:\/\/i0.wp.com\/eltrabajo.cl\/portal\/wp-content\/uploads\/2019\/11\/Santa_Claudio-Acevedo.jpg?resize=149%2C150&amp;ssl=1 149w, https:\/\/i0.wp.com\/eltrabajo.cl\/portal\/wp-content\/uploads\/2019\/11\/Santa_Claudio-Acevedo.jpg?resize=300%2C300&amp;ssl=1 300w, https:\/\/i0.wp.com\/eltrabajo.cl\/portal\/wp-content\/uploads\/2019\/11\/Santa_Claudio-Acevedo.jpg?resize=400%2C401&amp;ssl=1 400w, https:\/\/i0.wp.com\/eltrabajo.cl\/portal\/wp-content\/uploads\/2019\/11\/Santa_Claudio-Acevedo.jpg?resize=144%2C144&amp;ssl=1 144w\" sizes=\"auto, (max-width: 580px) 100vw, 580px\" \/><figcaption id=\"caption-attachment-95190\" class=\"wp-caption-text\">Cura p\u00e1rroco de Santa Mar\u00eda, Claudio Acevedo.<\/figcaption><\/figure>\n<figure id=\"attachment_95191\" aria-describedby=\"caption-attachment-95191\" style=\"width: 579px\" class=\"wp-caption alignnone\"><img data-recalc-dims=\"1\" loading=\"lazy\" decoding=\"async\" class=\"size-full wp-image-95191\" src=\"https:\/\/i0.wp.com\/www.eltrabajo.cl\/portal\/wp-content\/uploads\/2019\/11\/Santa_Elias-Leon.jpg?resize=579%2C612\" alt=\"El\u00edas Le\u00f3n Far\u00edas, encargado de Rentas de la Municipalidad de Santa Mar\u00eda.\" width=\"579\" height=\"612\" srcset=\"https:\/\/i0.wp.com\/eltrabajo.cl\/portal\/wp-content\/uploads\/2019\/11\/Santa_Elias-Leon.jpg?w=579&amp;ssl=1 579w, https:\/\/i0.wp.com\/eltrabajo.cl\/portal\/wp-content\/uploads\/2019\/11\/Santa_Elias-Leon.jpg?resize=142%2C150&amp;ssl=1 142w, https:\/\/i0.wp.com\/eltrabajo.cl\/portal\/wp-content\/uploads\/2019\/11\/Santa_Elias-Leon.jpg?resize=284%2C300&amp;ssl=1 284w, https:\/\/i0.wp.com\/eltrabajo.cl\/portal\/wp-content\/uploads\/2019\/11\/Santa_Elias-Leon.jpg?resize=400%2C423&amp;ssl=1 400w\" sizes=\"auto, (max-width: 579px) 100vw, 579px\" \/><figcaption id=\"caption-attachment-95191\" class=\"wp-caption-text\">El\u00edas Le\u00f3n Far\u00edas, encargado de Rentas de la Municipalidad de Santa Mar\u00eda.<\/figcaption><\/figure>\n","protected":false},"excerpt":{"rendered":"<p>Desde ma\u00f1ana viernes hasta la noche del domingo: Este fin de semana el folklore, religiosidad y venta de muchos productos y servicios ser\u00e1n los que se instalen en Santa Filomena, lugar rural&#8230;<\/p>\n","protected":false},"author":482,"featured_media":95189,"comment_status":"open","ping_status":"open","sticky":false,"template":"","format":"standard","meta":{"advanced_seo_description":"","jetpack_seo_html_title":"","jetpack_seo_noindex":false,"_jetpack_memberships_contains_paid_content":false,"footnotes":""},"categories":[15],"tags":[],"class_list":["post-95188","post","type-post","status-publish","format-standard","has-post-thumbnail","hentry","category-comunidad"],"jetpack_featured_media_url":"https:\/\/i0.wp.com\/eltrabajo.cl\/portal\/wp-content\/uploads\/2019\/11\/Santa1.jpg?fit=580%2C360&ssl=1","jetpack_sharing_enabled":true,"jetpack_likes_enabled":true,"jetpack-related-posts":[],"_links":{"self":[{"href":"https:\/\/eltrabajo.cl\/portal\/wp-json\/wp\/v2\/posts\/95188","targetHints":{"allow":["GET"]}}],"collection":[{"href":"https:\/\/eltrabajo.cl\/portal\/wp-json\/wp\/v2\/posts"}],"about":[{"href":"https:\/\/eltrabajo.cl\/portal\/wp-json\/wp\/v2\/types\/post"}],"author":[{"embeddable":true,"href":"https:\/\/eltrabajo.cl\/portal\/wp-json\/wp\/v2\/users\/482"}],"replies":[{"embeddable":true,"href":"https:\/\/eltrabajo.cl\/portal\/wp-json\/wp\/v2\/comments?post=95188"}],"version-history":[{"count":0,"href":"https:\/\/eltrabajo.cl\/portal\/wp-json\/wp\/v2\/posts\/95188\/revisions"}],"wp:featuredmedia":[{"embeddable":true,"href":"https:\/\/eltrabajo.cl\/portal\/wp-json\/wp\/v2\/media\/95189"}],"wp:attachment":[{"href":"https:\/\/eltrabajo.cl\/portal\/wp-json\/wp\/v2\/media?parent=95188"}],"wp:term":[{"taxonomy":"category","embeddable":true,"href":"https:\/\/eltrabajo.cl\/portal\/wp-json\/wp\/v2\/categories?post=95188"},{"taxonomy":"post_tag","embeddable":true,"href":"https:\/\/eltrabajo.cl\/portal\/wp-json\/wp\/v2\/tags?post=95188"}],"curies":[{"name":"wp","href":"https:\/\/api.w.org\/{rel}","templated":true}]}}