{"id":95201,"date":"2019-11-07T05:04:49","date_gmt":"2019-11-07T08:04:49","guid":{"rendered":"http:\/\/www.eltrabajo.cl\/portal\/?p=95201"},"modified":"2019-11-06T20:20:32","modified_gmt":"2019-11-06T23:20:32","slug":"condenado-a-un-ano-y-medio-de-carcel-por-conducir-vehiculo-con-319-gramos-de-alcohol","status":"publish","type":"post","link":"https:\/\/eltrabajo.cl\/portal\/condenado-a-un-ano-y-medio-de-carcel-por-conducir-vehiculo-con-319-gramos-de-alcohol\/","title":{"rendered":"Condenado a un a\u00f1o y medio de c\u00e1rcel por conducir veh\u00edculo con 3,19 gramos de alcohol"},"content":{"rendered":"<p><span style=\"color: #ff0000;\"><strong>Tribunal le cancel\u00f3 licencia de conducci\u00f3n:<\/strong><\/span><\/p>\n<ul>\n<li><strong>Fiscal\u00eda acus\u00f3 adem\u00e1s reincidencia espec\u00edfica, por cuanto el actual sentenciado ya hab\u00eda sido condenado por el mismo delito el a\u00f1o 2017. <\/strong><\/li>\n<\/ul>\n<p>En forma un\u00e1nime el Tribunal Oral en Lo Penal de San Felipe conden\u00f3 a Domingo Antonio V\u00e1squez Garc\u00eda a 541 d\u00edas de c\u00e1rcel efectiva y la cancelaci\u00f3n de su licencia de conducir.<br \/>\nLo anterior tras ser juzgado por el delito consumado de conducci\u00f3n de veh\u00edculo motorizado con 3,19 gramos de alcohol en la sangre, cometido en esta ciudad.<br \/>\nLa Fiscal\u00eda acus\u00f3 al entonces imputado por los hechos ocurridos el 15 de julio de 2017, alrededor de las 16:40 horas, en circunstancias que el acusado habr\u00eda conducido un minib\u00fas marca Hyundai, placa patente VS 18-04, en estado de ebriedad por calle Manuel Bahamondes Gonz\u00e1lez de la Villa San Camilo de San Felipe.<br \/>\nCarabineros habr\u00eda efectuado una fiscalizaci\u00f3n a dicho conductor, quien efectuaba maniobras para ingresar a un domicilio, certificando que el acusado manten\u00eda h\u00e1lito alcoh\u00f3lico e inestabilidad evidente al caminar.<br \/>\nEl informe de alcoholemia arroj\u00f3 que V\u00e1squez Garc\u00eda conduc\u00eda con 3,19 gramos de alcohol por mil en su organismo.<br \/>\nAsimismo el Ministerio Public\u00f3 acus\u00f3 reincidencia espec\u00edfica, ya que el imputado manten\u00eda su licencia de conducir suspendida tras haber sido condenado el 10 de enero de 2017 por el Juzgado de Garant\u00eda de San Felipe, por el delito de conducci\u00f3n en estado de ebriedad y no dar cuenta de un accidente de tr\u00e1nsito, siendo sentenciando a una pena de 5 a\u00f1os de suspensi\u00f3n de su licencia de conducir.<br \/>\nTras el fallo judicial, la Defensa del sentenciado elev\u00f3 un recurso de nulidad ante la Ilustr\u00edsima Corte de Apelaciones de Valpara\u00edso.<br \/>\n<strong>Pablo Salinas Sald\u00edas<\/strong><\/p>\n<figure id=\"attachment_95202\" aria-describedby=\"caption-attachment-95202\" style=\"width: 580px\" class=\"wp-caption alignnone\"><img data-recalc-dims=\"1\" loading=\"lazy\" decoding=\"async\" class=\"size-full wp-image-95202\" src=\"https:\/\/i0.wp.com\/www.eltrabajo.cl\/portal\/wp-content\/uploads\/2019\/11\/esposado.jpg?resize=580%2C358\" alt=\"El automovilista deber\u00eda cumplir la sentencia en la c\u00e1rcel tras juicio en el Tribunal Oral en Lo Penal de San Felipe. La Defensa elev\u00f3 un recurso de nulidad ante la Corte de Apelaciones de Valpara\u00edso. (Fotograf\u00eda Referencial).\" width=\"580\" height=\"358\" srcset=\"https:\/\/i0.wp.com\/eltrabajo.cl\/portal\/wp-content\/uploads\/2019\/11\/esposado.jpg?w=580&amp;ssl=1 580w, https:\/\/i0.wp.com\/eltrabajo.cl\/portal\/wp-content\/uploads\/2019\/11\/esposado.jpg?resize=200%2C123&amp;ssl=1 200w, https:\/\/i0.wp.com\/eltrabajo.cl\/portal\/wp-content\/uploads\/2019\/11\/esposado.jpg?resize=300%2C185&amp;ssl=1 300w, https:\/\/i0.wp.com\/eltrabajo.cl\/portal\/wp-content\/uploads\/2019\/11\/esposado.jpg?resize=243%2C150&amp;ssl=1 243w, https:\/\/i0.wp.com\/eltrabajo.cl\/portal\/wp-content\/uploads\/2019\/11\/esposado.jpg?resize=400%2C247&amp;ssl=1 400w\" sizes=\"auto, (max-width: 580px) 100vw, 580px\" \/><figcaption id=\"caption-attachment-95202\" class=\"wp-caption-text\">El automovilista deber\u00eda cumplir la sentencia en la c\u00e1rcel tras juicio en el Tribunal Oral en Lo Penal de San Felipe. La Defensa elev\u00f3 un recurso de nulidad ante la Corte de Apelaciones de Valpara\u00edso. (Fotograf\u00eda Referencial).<\/figcaption><\/figure>\n","protected":false},"excerpt":{"rendered":"<p>Tribunal le cancel\u00f3 licencia de conducci\u00f3n: Fiscal\u00eda acus\u00f3 adem\u00e1s reincidencia espec\u00edfica, por cuanto el actual sentenciado ya hab\u00eda sido condenado por el mismo delito el a\u00f1o 2017. En forma un\u00e1nime el Tribunal&#8230;<\/p>\n","protected":false},"author":482,"featured_media":95202,"comment_status":"open","ping_status":"open","sticky":false,"template":"","format":"standard","meta":{"advanced_seo_description":"","jetpack_seo_html_title":"","jetpack_seo_noindex":false,"_jetpack_memberships_contains_paid_content":false,"footnotes":""},"categories":[97],"tags":[],"class_list":["post-95201","post","type-post","status-publish","format-standard","has-post-thumbnail","hentry","category-tribunales"],"jetpack_featured_media_url":"https:\/\/i0.wp.com\/eltrabajo.cl\/portal\/wp-content\/uploads\/2019\/11\/esposado.jpg?fit=580%2C358&ssl=1","jetpack_sharing_enabled":true,"jetpack_likes_enabled":true,"jetpack-related-posts":[],"_links":{"self":[{"href":"https:\/\/eltrabajo.cl\/portal\/wp-json\/wp\/v2\/posts\/95201","targetHints":{"allow":["GET"]}}],"collection":[{"href":"https:\/\/eltrabajo.cl\/portal\/wp-json\/wp\/v2\/posts"}],"about":[{"href":"https:\/\/eltrabajo.cl\/portal\/wp-json\/wp\/v2\/types\/post"}],"author":[{"embeddable":true,"href":"https:\/\/eltrabajo.cl\/portal\/wp-json\/wp\/v2\/users\/482"}],"replies":[{"embeddable":true,"href":"https:\/\/eltrabajo.cl\/portal\/wp-json\/wp\/v2\/comments?post=95201"}],"version-history":[{"count":0,"href":"https:\/\/eltrabajo.cl\/portal\/wp-json\/wp\/v2\/posts\/95201\/revisions"}],"wp:featuredmedia":[{"embeddable":true,"href":"https:\/\/eltrabajo.cl\/portal\/wp-json\/wp\/v2\/media\/95202"}],"wp:attachment":[{"href":"https:\/\/eltrabajo.cl\/portal\/wp-json\/wp\/v2\/media?parent=95201"}],"wp:term":[{"taxonomy":"category","embeddable":true,"href":"https:\/\/eltrabajo.cl\/portal\/wp-json\/wp\/v2\/categories?post=95201"},{"taxonomy":"post_tag","embeddable":true,"href":"https:\/\/eltrabajo.cl\/portal\/wp-json\/wp\/v2\/tags?post=95201"}],"curies":[{"name":"wp","href":"https:\/\/api.w.org\/{rel}","templated":true}]}}