{"id":95204,"date":"2019-11-07T05:05:37","date_gmt":"2019-11-07T08:05:37","guid":{"rendered":"http:\/\/www.eltrabajo.cl\/portal\/?p=95204"},"modified":"2019-11-06T20:22:22","modified_gmt":"2019-11-06T23:22:22","slug":"espero-mas-de-14-horas-en-servicio-de-urgencias-para-que-le-aliviaran-fuertes-dolores","status":"publish","type":"post","link":"https:\/\/eltrabajo.cl\/portal\/espero-mas-de-14-horas-en-servicio-de-urgencias-para-que-le-aliviaran-fuertes-dolores\/","title":{"rendered":"Esper\u00f3 m\u00e1s de 14 horas en Servicio de Urgencias para que le aliviaran fuertes dolores"},"content":{"rendered":"<p><span style=\"color: #ff0000;\"><strong>Lleg\u00f3 a las 6:50 del lunes y sali\u00f3 el martes a las 01:30 horas:<\/strong><\/span><\/p>\n<p>Muy acongojada lleg\u00f3 hasta nuestra Sala de Redacci\u00f3n una vecina sanfelipe\u00f1a, para interponer un reclamo p\u00fablico contra el Servicio de Urgencias del Hospital San Camilo, esto porque tuvo que esperar casi veinte horas para que su nuera pudiera recibir atenci\u00f3n y medicamentos. Esto ocurri\u00f3 durante todo el d\u00eda lunes y madrugada del martes.<\/p>\n<p><span style=\"color: #ff0000;\"><strong>ESPER\u00d3 POR HORAS<\/strong><\/span><br \/>\nDo\u00f1a Silvia Arancibia Garc\u00eda habl\u00f3 con Diario El Trabajo sobre esta situaci\u00f3n: \u00abYo llev\u00e9 a mi nuera Claudia Ponce L\u00f3pez a Urgencias del Hospital San Camilo, el d\u00eda lunes a las 6:50 horas, muy temprano en la ma\u00f1ana. En ese momento s\u00f3lo hab\u00edamos tres personas en toda la sala de espera, cre\u00edmos que cuando nos llamaron a las 7:15 horas ya nos atender\u00edamos; mi nuera con fuert\u00edsimos dolores abdominales que la ten\u00edan muy mal. Luego de eso seguimos esperando y esperando (\u2026) las horas pasaban y m\u00e1s gente iba llegando, seguimos esperando as\u00ed todo el d\u00eda, sin comer nada, as\u00ed transcurri\u00f3 todo el d\u00eda, cada vez que pregunt\u00e9 por qu\u00e9 no nos atend\u00edan, nos dijeron que ten\u00edamos que esperar, pero vimos c\u00f3mo llegaban algunas personas y a veces las pasaban al tiro, a mi nuera no, hasta que eran ya las nueve de la noche, las nueve de la noche y nada que nos atend\u00edan, hasta que reclam\u00e9 al m\u00e9dico en el pasillo, y ah\u00ed me pasaron a mi nuera. Se hicieron los ex\u00e1menes y todo lo dem\u00e1s, salimos de Urgencias hasta la 1:30 de la ma\u00f1ana del martes, pr\u00e1cticamente una atenci\u00f3n de 19 horas para recibir el medicamento. Hago este reclamo porque veo tambi\u00e9n a otras personas que no reclaman, espero que esto no le ocurra nadie m\u00e1s\u00bb, dijo Arancibia.<\/p>\n<p><span style=\"color: #ff0000;\"><strong>HOSPITAL RESPONDE<\/strong><\/span><br \/>\nConsultado el centro m\u00e9dico por la lentitud en esta atenci\u00f3n, se nos respondi\u00f3 lo siguiente: \u00abLa Urgencia del Hospital San Camilo ha visto un aumento en la cantidad de pacientes que concurren hasta sus dependencias debido a la paralizaci\u00f3n de los Centros de Salud Familiar, lo que ha aumentado los tiempos de espera en aquellos casos que no son de gravedad desde el punto de vista m\u00e9dico, es decir, que de no mediar una atenci\u00f3n oportuna, pueden agravar el estado de salud del paciente. Asumiendo esta realidad, el establecimiento cuenta con las herramientas necesarias para pesquisar aquellos casos sin gravedad en que el paciente de igual manera se pueda complicar dentro de su espera, como por ejemplo, volver a categorizar, que fue lo que se hizo con esta usuaria.<br \/>\nDebido a lo anterior, la consultante (Claudia Ponce L\u00f3pez), quien ingres\u00f3 con dolor abdominal, fue atendida de igual manera con una bater\u00eda de ex\u00e1menes y aplicaci\u00f3n de los medicamentos atingentes a su dolencia, siendo derivada a su centro de salud para continuar con el tratamiento, el cual qued\u00f3 indicado dentro de la atenci\u00f3n, ya que su cuadro no requer\u00eda hospitalizaci\u00f3n.<br \/>\nEs importante mencionar que en casos de contingencia como \u00e9stas, la comunidad debe saber que existen diversas alternativas de atenci\u00f3n, como por ejemplo el fono SALUD RESPONDE, 600 360 7777, el cual permite orientar a la poblaci\u00f3n acerca de la mejor decisi\u00f3n a tomar respecto de d\u00f3nde consultar o qu\u00e9 acciones realizar. Por otro lado, el Servicio de Salud Aconcagua cuenta con una aplicaci\u00f3n para el tel\u00e9fono (triage app) que permite revisar en tiempo real el estado de las urgencias de los diversos hospitales de la red\u00bb.<br \/>\n<strong>Roberto Gonz\u00e1lez Short<\/strong><\/p>\n<figure id=\"attachment_95205\" aria-describedby=\"caption-attachment-95205\" style=\"width: 579px\" class=\"wp-caption alignnone\"><img data-recalc-dims=\"1\" loading=\"lazy\" decoding=\"async\" class=\"size-full wp-image-95205\" src=\"https:\/\/i0.wp.com\/www.eltrabajo.cl\/portal\/wp-content\/uploads\/2019\/11\/URGENCIAS_Silvia-Arancibia-Garcia.jpg?resize=579%2C602\" alt=\"Silvia Arancibia Garc\u00eda, suegra de la mujer afectada.\" width=\"579\" height=\"602\" srcset=\"https:\/\/i0.wp.com\/eltrabajo.cl\/portal\/wp-content\/uploads\/2019\/11\/URGENCIAS_Silvia-Arancibia-Garcia.jpg?w=579&amp;ssl=1 579w, https:\/\/i0.wp.com\/eltrabajo.cl\/portal\/wp-content\/uploads\/2019\/11\/URGENCIAS_Silvia-Arancibia-Garcia.jpg?resize=144%2C150&amp;ssl=1 144w, https:\/\/i0.wp.com\/eltrabajo.cl\/portal\/wp-content\/uploads\/2019\/11\/URGENCIAS_Silvia-Arancibia-Garcia.jpg?resize=289%2C300&amp;ssl=1 289w, https:\/\/i0.wp.com\/eltrabajo.cl\/portal\/wp-content\/uploads\/2019\/11\/URGENCIAS_Silvia-Arancibia-Garcia.jpg?resize=400%2C416&amp;ssl=1 400w\" sizes=\"auto, (max-width: 579px) 100vw, 579px\" \/><figcaption id=\"caption-attachment-95205\" class=\"wp-caption-text\">Silvia Arancibia Garc\u00eda, suegra de la mujer afectada.<\/figcaption><\/figure>\n<figure id=\"attachment_95206\" aria-describedby=\"caption-attachment-95206\" style=\"width: 580px\" class=\"wp-caption alignnone\"><img data-recalc-dims=\"1\" loading=\"lazy\" decoding=\"async\" class=\"size-full wp-image-95206\" src=\"https:\/\/i0.wp.com\/www.eltrabajo.cl\/portal\/wp-content\/uploads\/2019\/11\/URGENCIAS1.jpg?resize=580%2C358\" alt=\"El Servicio de Urgencias del Hospital San Camilo sigue en problemas para atender a sus usuarios. (Archivo)\" width=\"580\" height=\"358\" srcset=\"https:\/\/i0.wp.com\/eltrabajo.cl\/portal\/wp-content\/uploads\/2019\/11\/URGENCIAS1.jpg?w=580&amp;ssl=1 580w, https:\/\/i0.wp.com\/eltrabajo.cl\/portal\/wp-content\/uploads\/2019\/11\/URGENCIAS1.jpg?resize=200%2C123&amp;ssl=1 200w, https:\/\/i0.wp.com\/eltrabajo.cl\/portal\/wp-content\/uploads\/2019\/11\/URGENCIAS1.jpg?resize=300%2C185&amp;ssl=1 300w, https:\/\/i0.wp.com\/eltrabajo.cl\/portal\/wp-content\/uploads\/2019\/11\/URGENCIAS1.jpg?resize=243%2C150&amp;ssl=1 243w, https:\/\/i0.wp.com\/eltrabajo.cl\/portal\/wp-content\/uploads\/2019\/11\/URGENCIAS1.jpg?resize=400%2C247&amp;ssl=1 400w\" sizes=\"auto, (max-width: 580px) 100vw, 580px\" \/><figcaption id=\"caption-attachment-95206\" class=\"wp-caption-text\">El Servicio de Urgencias del Hospital San Camilo sigue en problemas para atender a sus usuarios. (Archivo)<\/figcaption><\/figure>\n","protected":false},"excerpt":{"rendered":"<p>Lleg\u00f3 a las 6:50 del lunes y sali\u00f3 el martes a las 01:30 horas: Muy acongojada lleg\u00f3 hasta nuestra Sala de Redacci\u00f3n una vecina sanfelipe\u00f1a, para interponer un reclamo p\u00fablico contra el&#8230;<\/p>\n","protected":false},"author":482,"featured_media":95206,"comment_status":"open","ping_status":"open","sticky":false,"template":"","format":"standard","meta":{"advanced_seo_description":"","jetpack_seo_html_title":"","jetpack_seo_noindex":false,"_jetpack_memberships_contains_paid_content":false,"footnotes":""},"categories":[15],"tags":[],"class_list":["post-95204","post","type-post","status-publish","format-standard","has-post-thumbnail","hentry","category-comunidad"],"jetpack_featured_media_url":"https:\/\/i0.wp.com\/eltrabajo.cl\/portal\/wp-content\/uploads\/2019\/11\/URGENCIAS1.jpg?fit=580%2C358&ssl=1","jetpack_sharing_enabled":true,"jetpack_likes_enabled":true,"jetpack-related-posts":[],"_links":{"self":[{"href":"https:\/\/eltrabajo.cl\/portal\/wp-json\/wp\/v2\/posts\/95204","targetHints":{"allow":["GET"]}}],"collection":[{"href":"https:\/\/eltrabajo.cl\/portal\/wp-json\/wp\/v2\/posts"}],"about":[{"href":"https:\/\/eltrabajo.cl\/portal\/wp-json\/wp\/v2\/types\/post"}],"author":[{"embeddable":true,"href":"https:\/\/eltrabajo.cl\/portal\/wp-json\/wp\/v2\/users\/482"}],"replies":[{"embeddable":true,"href":"https:\/\/eltrabajo.cl\/portal\/wp-json\/wp\/v2\/comments?post=95204"}],"version-history":[{"count":0,"href":"https:\/\/eltrabajo.cl\/portal\/wp-json\/wp\/v2\/posts\/95204\/revisions"}],"wp:featuredmedia":[{"embeddable":true,"href":"https:\/\/eltrabajo.cl\/portal\/wp-json\/wp\/v2\/media\/95206"}],"wp:attachment":[{"href":"https:\/\/eltrabajo.cl\/portal\/wp-json\/wp\/v2\/media?parent=95204"}],"wp:term":[{"taxonomy":"category","embeddable":true,"href":"https:\/\/eltrabajo.cl\/portal\/wp-json\/wp\/v2\/categories?post=95204"},{"taxonomy":"post_tag","embeddable":true,"href":"https:\/\/eltrabajo.cl\/portal\/wp-json\/wp\/v2\/tags?post=95204"}],"curies":[{"name":"wp","href":"https:\/\/api.w.org\/{rel}","templated":true}]}}