{"id":95208,"date":"2019-11-07T05:07:30","date_gmt":"2019-11-07T08:07:30","guid":{"rendered":"http:\/\/www.eltrabajo.cl\/portal\/?p=95208"},"modified":"2019-11-06T20:24:10","modified_gmt":"2019-11-06T23:24:10","slug":"mas-de-45-alumnos-resultaron-intoxicados-por-emanacion-de-pesticidas-en-catemu","status":"publish","type":"post","link":"https:\/\/eltrabajo.cl\/portal\/mas-de-45-alumnos-resultaron-intoxicados-por-emanacion-de-pesticidas-en-catemu\/","title":{"rendered":"M\u00e1s de 45 alumnos resultaron intoxicados por emanaci\u00f3n de pesticidas en Catemu"},"content":{"rendered":"<p><span style=\"color: #ff0000;\"><strong>Cursan multa a predio agr\u00edcola tras emergencia qu\u00edmica:<\/strong><\/span><\/p>\n<ul>\n<li><strong>Los estudiantes presentaron cuadros sintomatol\u00f3gicos como intensos dolores de cabeza y v\u00f3mitos durante la ma\u00f1ana de ayer mi\u00e9rcoles, debiendo ser derivados hasta distintos centros asistenciales de Catemu y Llay Llay.<\/strong><\/li>\n<\/ul>\n<p>M\u00e1s de 45 alumnos, adem\u00e1s de algunos profesores, resultaron afectados con s\u00edntomas de intoxicaci\u00f3n la ma\u00f1ana de ayer mi\u00e9rcoles, tras una fumigaci\u00f3n con la utilizaci\u00f3n de elementos qu\u00edmicos que se habr\u00eda empleado desde un predio agr\u00edcola cercano al sector Las Compuertas de la comuna de Catemu.<br \/>\nEl alcalde de esa comuna, Boris Luksic, inform\u00f3 a Diario El Trabajo que los ni\u00f1os afectados de las escuelas Rebeca Johnson y Agr\u00edcola Salesiana fueron derivados hasta distintos centros asistenciales en Catemu y Llay Llay para ser atendidos por los m\u00e9dicos, tras presentar cuadros de dolores de cabeza y v\u00f3mitos.<br \/>\n\u00abAlgunos fueron derivados hasta el Cesfam y otros al Hospital de Llay Llay, la verdad que no fue necesario un tema mayor, solo dolor de cabeza y v\u00f3mitos. Con el transporte nuestro llevamos a los ni\u00f1os a los Cesfam y Hospital. En la Escuela Agr\u00edcola Salesiana que tambi\u00e9n hab\u00eda ni\u00f1os con algunas molestias, se instalaron tres unidades del Samu para hacerles un primer chequeo a los ni\u00f1os. Desde ese punto, varios fueron devueltos, los alumnos fueron a sus hogares, la Escuela Salesiana queda a 4 kil\u00f3metros de Las Compuertas (\u2026) ya fueron todos dados de alta, hablando con el m\u00e9dico ser\u00eda bueno la ventilaci\u00f3n de las salas por 24 horas, se suspendieron las clases hasta el d\u00eda de ma\u00f1ana\u00bb (hoy).<br \/>\nLa autoridad comunal precis\u00f3 que ante la emergencia qu\u00edmica se hizo presente el personal del Servicio Agr\u00edcola y Ganadero adem\u00e1s del Servicio de Salud Aconcagua, cursando las multas correspondientes al predio agr\u00edcola desde donde se habr\u00edan utilizado pesticidas.<br \/>\n\u00abEl SAG y el Servicio de Salud fiscalizan una vez que se haya producido el problema, hay un protocolo y una normativa para las desinfecciones con agroqu\u00edmicos que pudieran ser no inocuos para la salud, y esos protocolos hablan de avisar a la comunidad, en este caso no se hizo. Planteamos al SAG y Servicio de Salud que al igual que Conaf, que alguien que quiera hacer una fogata o alguna quema debe pedir una autorizaci\u00f3n, aqu\u00ed debe ser igual. El SAG asociado con el Municipio nosotros podr\u00edamos a trav\u00e9s de Carabineros o nuestros inspectores, ver que los horarios se cumplen (\u2026) Vamos a trabajar sobre un protocolo de ese tipo, pensando en que los municipios tienen cero atribuci\u00f3n para poder hacer cumplir una normativa de ese tipo o crear una normativa de ese tipo\u00bb.<br \/>\n<strong>Pablo Salinas Sald\u00edas<\/strong><\/p>\n<figure id=\"attachment_95209\" aria-describedby=\"caption-attachment-95209\" style=\"width: 580px\" class=\"wp-caption alignnone\"><img data-recalc-dims=\"1\" loading=\"lazy\" decoding=\"async\" class=\"size-full wp-image-95209\" src=\"https:\/\/i0.wp.com\/www.eltrabajo.cl\/portal\/wp-content\/uploads\/2019\/11\/emergencia1.jpg?resize=580%2C360\" alt=\"Los organismos de emergencia se constituyeron durante la ma\u00f1ana de ayer mi\u00e9rcoles en el sector Las Compuertas de Catemu.\" width=\"580\" height=\"360\" srcset=\"https:\/\/i0.wp.com\/eltrabajo.cl\/portal\/wp-content\/uploads\/2019\/11\/emergencia1.jpg?w=580&amp;ssl=1 580w, https:\/\/i0.wp.com\/eltrabajo.cl\/portal\/wp-content\/uploads\/2019\/11\/emergencia1.jpg?resize=200%2C124&amp;ssl=1 200w, https:\/\/i0.wp.com\/eltrabajo.cl\/portal\/wp-content\/uploads\/2019\/11\/emergencia1.jpg?resize=300%2C186&amp;ssl=1 300w, https:\/\/i0.wp.com\/eltrabajo.cl\/portal\/wp-content\/uploads\/2019\/11\/emergencia1.jpg?resize=242%2C150&amp;ssl=1 242w, https:\/\/i0.wp.com\/eltrabajo.cl\/portal\/wp-content\/uploads\/2019\/11\/emergencia1.jpg?resize=400%2C248&amp;ssl=1 400w\" sizes=\"auto, (max-width: 580px) 100vw, 580px\" \/><figcaption id=\"caption-attachment-95209\" class=\"wp-caption-text\">Los organismos de emergencia se constituyeron durante la ma\u00f1ana de ayer mi\u00e9rcoles en el sector Las Compuertas de Catemu.<\/figcaption><\/figure>\n<figure id=\"attachment_95210\" aria-describedby=\"caption-attachment-95210\" style=\"width: 580px\" class=\"wp-caption alignnone\"><img data-recalc-dims=\"1\" loading=\"lazy\" decoding=\"async\" class=\"size-full wp-image-95210\" src=\"https:\/\/i0.wp.com\/www.eltrabajo.cl\/portal\/wp-content\/uploads\/2019\/11\/emergencia2.jpg?resize=580%2C306\" alt=\"Los menores afectados luego de ser atendidos en diferentes centros asistenciales, fueron derivados hasta sus hogares.\" width=\"580\" height=\"306\" srcset=\"https:\/\/i0.wp.com\/eltrabajo.cl\/portal\/wp-content\/uploads\/2019\/11\/emergencia2.jpg?w=580&amp;ssl=1 580w, https:\/\/i0.wp.com\/eltrabajo.cl\/portal\/wp-content\/uploads\/2019\/11\/emergencia2.jpg?resize=200%2C106&amp;ssl=1 200w, https:\/\/i0.wp.com\/eltrabajo.cl\/portal\/wp-content\/uploads\/2019\/11\/emergencia2.jpg?resize=300%2C158&amp;ssl=1 300w, https:\/\/i0.wp.com\/eltrabajo.cl\/portal\/wp-content\/uploads\/2019\/11\/emergencia2.jpg?resize=284%2C150&amp;ssl=1 284w, https:\/\/i0.wp.com\/eltrabajo.cl\/portal\/wp-content\/uploads\/2019\/11\/emergencia2.jpg?resize=400%2C211&amp;ssl=1 400w\" sizes=\"auto, (max-width: 580px) 100vw, 580px\" \/><figcaption id=\"caption-attachment-95210\" class=\"wp-caption-text\">Los menores afectados luego de ser atendidos en diferentes centros asistenciales, fueron derivados hasta sus hogares.<\/figcaption><\/figure>\n","protected":false},"excerpt":{"rendered":"<p>Cursan multa a predio agr\u00edcola tras emergencia qu\u00edmica: Los estudiantes presentaron cuadros sintomatol\u00f3gicos como intensos dolores de cabeza y v\u00f3mitos durante la ma\u00f1ana de ayer mi\u00e9rcoles, debiendo ser derivados hasta distintos centros&#8230;<\/p>\n","protected":false},"author":482,"featured_media":95209,"comment_status":"open","ping_status":"open","sticky":false,"template":"","format":"standard","meta":{"advanced_seo_description":"","jetpack_seo_html_title":"","jetpack_seo_noindex":false,"_jetpack_memberships_contains_paid_content":false,"footnotes":""},"categories":[21],"tags":[],"class_list":["post-95208","post","type-post","status-publish","format-standard","has-post-thumbnail","hentry","category-policial"],"jetpack_featured_media_url":"https:\/\/i0.wp.com\/eltrabajo.cl\/portal\/wp-content\/uploads\/2019\/11\/emergencia1.jpg?fit=580%2C360&ssl=1","jetpack_sharing_enabled":true,"jetpack_likes_enabled":true,"jetpack-related-posts":[],"_links":{"self":[{"href":"https:\/\/eltrabajo.cl\/portal\/wp-json\/wp\/v2\/posts\/95208","targetHints":{"allow":["GET"]}}],"collection":[{"href":"https:\/\/eltrabajo.cl\/portal\/wp-json\/wp\/v2\/posts"}],"about":[{"href":"https:\/\/eltrabajo.cl\/portal\/wp-json\/wp\/v2\/types\/post"}],"author":[{"embeddable":true,"href":"https:\/\/eltrabajo.cl\/portal\/wp-json\/wp\/v2\/users\/482"}],"replies":[{"embeddable":true,"href":"https:\/\/eltrabajo.cl\/portal\/wp-json\/wp\/v2\/comments?post=95208"}],"version-history":[{"count":0,"href":"https:\/\/eltrabajo.cl\/portal\/wp-json\/wp\/v2\/posts\/95208\/revisions"}],"wp:featuredmedia":[{"embeddable":true,"href":"https:\/\/eltrabajo.cl\/portal\/wp-json\/wp\/v2\/media\/95209"}],"wp:attachment":[{"href":"https:\/\/eltrabajo.cl\/portal\/wp-json\/wp\/v2\/media?parent=95208"}],"wp:term":[{"taxonomy":"category","embeddable":true,"href":"https:\/\/eltrabajo.cl\/portal\/wp-json\/wp\/v2\/categories?post=95208"},{"taxonomy":"post_tag","embeddable":true,"href":"https:\/\/eltrabajo.cl\/portal\/wp-json\/wp\/v2\/tags?post=95208"}],"curies":[{"name":"wp","href":"https:\/\/api.w.org\/{rel}","templated":true}]}}