{"id":95227,"date":"2019-11-08T05:04:12","date_gmt":"2019-11-08T08:04:12","guid":{"rendered":"http:\/\/www.eltrabajo.cl\/portal\/?p=95227"},"modified":"2019-11-08T01:11:56","modified_gmt":"2019-11-08T04:11:56","slug":"adulto-mayor-vende-golosinas-para-aumentar-su-pension-y-tener-vida-digna","status":"publish","type":"post","link":"https:\/\/eltrabajo.cl\/portal\/adulto-mayor-vende-golosinas-para-aumentar-su-pension-y-tener-vida-digna\/","title":{"rendered":"Adulto mayor vende golosinas para aumentar su pensi\u00f3n y tener vida digna"},"content":{"rendered":"<p>Cuando se crearon las AFP (Administradora de Fondos de Pensiones) se dijo que las jubilaciones tendr\u00edan una tasa de reemplazo de un 70%. Es decir si una persona ganaba un mill\u00f3n de pesos, su pensi\u00f3n ser\u00eda de 700 mil pesos. Luego un titular del diario El Mercurio dijo que en el a\u00f1o 2020 los chilenos se pensionar\u00edan con el 100% de su sueldo. Hecho que no ha ocurrido en su mayor\u00eda. Teniendo que ver muchas veces a nuestros adultos mayores ejerciendo el comercio ambulante en las calles, vendiendo \u2018parches curita\u2019, pidiendo plata a la gente o simplemente vendiendo golosinas.<br \/>\nEse es el caso de don Emilio Taia, un adulto mayor de 85 a\u00f1os de edad que desde hace tiempo lo podemos ver en calle Prat vendiendo precisamente dulces, en este caso gomitas de eucaliptus que le sirven para aumentar sus recursos econ\u00f3micos, ya que tiene una pensi\u00f3n de 160.000 pesos, debiendo pagar un arriendo de 70.000 pesos. Vive solo donde arrienda.<br \/>\n\u00abGano 160.000 pesos, de ah\u00ed tengo que pagar arriendo, tener para los gastos de locomoci\u00f3n, entonces no me alcanzaba con la pensi\u00f3n, iba a quedar debiendo, m\u00e1s cuando estaba cerrado el Hogar (de Cristo), tengo que pagar comida afuera, porque all\u00e1 nos dan la comida a los pensionados\u00bb, dice Emilio Tapia.<br \/>\n<strong>&#8211; \u00bfDe lunes a viernes me dec\u00eda usted?<\/strong><br \/>\n&#8211; De lunes a viernes nom\u00e1s, s\u00e1bado y domingo est\u00e1 cerrado.<br \/>\n<strong>&#8211; Esos d\u00edas se tiene que costear usted la comida.<\/strong><br \/>\n&#8211; Claro, yo mismo, y locomoci\u00f3n y todo.<br \/>\n<strong>&#8211; Con la pensi\u00f3n que tiene usted, \u00bfle alcanza para vivir o no?<\/strong><br \/>\n&#8211; Bueno, mire, para qu\u00e9 vamos a decir que vivo como rey, pero por lo menos me defiendo algo\u2026 algo me ayuda, un tanto, sino qu\u00e9 ser\u00eda de m\u00ed si no tuviera la pensi\u00f3n\u2026 imag\u00ednese.<br \/>\n<strong>&#8211; Tiene que salir igual a vender gomitas.<\/strong><br \/>\n&#8211; Es que me sirve mucho a m\u00ed, porque me ayudo yo para otros costos, la locomoci\u00f3n me ayuda, a veces para pagar la comida, para todo eso tengo que depender de esto, nada m\u00e1s, no tengo otra m\u00e1s que me ayude.<br \/>\n<strong>&#8211; Pero con la edad que tiene usted, 85 a\u00f1os, no debiera estar trabajando a estas alturas.<\/strong><br \/>\n&#8211; Todos me dicen igual, pero es que yo me aburro, porque yo estoy trabajando desde los diez a\u00f1os, hasta ahora, no he podido dejar nunca de trabajar, sea en la pega que fuera yo le hac\u00eda empe\u00f1o, hasta que me pensionaron y fue por una enfermedad que me pensionaron, porque estaba en esos tiempos enfermo de la columna, me llevaron a Los Andes y all\u00e1 me operaron, ah\u00ed qued\u00e9 bien.<br \/>\n<strong>&#8211; \u00bfLe va bien aqu\u00ed vendiendo gomitas de eucaliptus?<\/strong><br \/>\n&#8211; Uff\u2026 excelente, la gente me demuestra cari\u00f1o por m\u00ed, ser\u00e1 donde me ven as\u00ed en el estado m\u00edo.<br \/>\n<strong>&#8211; Es que uno tambi\u00e9n puede llegar a lo mismo don Emilio.<\/strong><br \/>\n&#8211; S\u00ed, m\u00e1s tarde todos vamos para all\u00e1\u2026 el mismo camino.<br \/>\n<strong>&#8211; Gracias don Emilio por su testimonio.<\/strong><br \/>\n&#8211; No, gracias a ustedes.<br \/>\nLo dejamos mientras una persona se acerca precisamente a comprarle una gomita.<\/p>\n<figure id=\"attachment_95228\" aria-describedby=\"caption-attachment-95228\" style=\"width: 580px\" class=\"wp-caption alignnone\"><img data-recalc-dims=\"1\" loading=\"lazy\" decoding=\"async\" class=\"size-full wp-image-95228\" src=\"https:\/\/i0.wp.com\/www.eltrabajo.cl\/portal\/wp-content\/uploads\/2019\/11\/AFP-Emilo-Tapia-jubilado-vende-gomitas.jpg?resize=580%2C359\" alt=\"Emilio Tapia sentado en calle Prat con el producto que vende en la mano, en este caso gomitas de eucaliptus.\" width=\"580\" height=\"359\" srcset=\"https:\/\/i0.wp.com\/eltrabajo.cl\/portal\/wp-content\/uploads\/2019\/11\/AFP-Emilo-Tapia-jubilado-vende-gomitas.jpg?w=580&amp;ssl=1 580w, https:\/\/i0.wp.com\/eltrabajo.cl\/portal\/wp-content\/uploads\/2019\/11\/AFP-Emilo-Tapia-jubilado-vende-gomitas.jpg?resize=200%2C124&amp;ssl=1 200w, https:\/\/i0.wp.com\/eltrabajo.cl\/portal\/wp-content\/uploads\/2019\/11\/AFP-Emilo-Tapia-jubilado-vende-gomitas.jpg?resize=300%2C186&amp;ssl=1 300w, https:\/\/i0.wp.com\/eltrabajo.cl\/portal\/wp-content\/uploads\/2019\/11\/AFP-Emilo-Tapia-jubilado-vende-gomitas.jpg?resize=242%2C150&amp;ssl=1 242w, https:\/\/i0.wp.com\/eltrabajo.cl\/portal\/wp-content\/uploads\/2019\/11\/AFP-Emilo-Tapia-jubilado-vende-gomitas.jpg?resize=400%2C248&amp;ssl=1 400w\" sizes=\"auto, (max-width: 580px) 100vw, 580px\" \/><figcaption id=\"caption-attachment-95228\" class=\"wp-caption-text\">Emilio Tapia sentado en calle Prat con el producto que vende en la mano, en este caso gomitas de eucaliptus.<\/figcaption><\/figure>\n<figure id=\"attachment_95229\" aria-describedby=\"caption-attachment-95229\" style=\"width: 578px\" class=\"wp-caption alignnone\"><img data-recalc-dims=\"1\" loading=\"lazy\" decoding=\"async\" class=\"size-full wp-image-95229\" src=\"https:\/\/i0.wp.com\/www.eltrabajo.cl\/portal\/wp-content\/uploads\/2019\/11\/AFP-Mercurio.jpg?resize=578%2C428\" alt=\"Titular de una nota en El Mercurio, donde dice que los chilenos se van a pensionar con el 100% de su sueldo.\" width=\"578\" height=\"428\" srcset=\"https:\/\/i0.wp.com\/eltrabajo.cl\/portal\/wp-content\/uploads\/2019\/11\/AFP-Mercurio.jpg?w=578&amp;ssl=1 578w, https:\/\/i0.wp.com\/eltrabajo.cl\/portal\/wp-content\/uploads\/2019\/11\/AFP-Mercurio.jpg?resize=200%2C148&amp;ssl=1 200w, https:\/\/i0.wp.com\/eltrabajo.cl\/portal\/wp-content\/uploads\/2019\/11\/AFP-Mercurio.jpg?resize=300%2C222&amp;ssl=1 300w, https:\/\/i0.wp.com\/eltrabajo.cl\/portal\/wp-content\/uploads\/2019\/11\/AFP-Mercurio.jpg?resize=203%2C150&amp;ssl=1 203w, https:\/\/i0.wp.com\/eltrabajo.cl\/portal\/wp-content\/uploads\/2019\/11\/AFP-Mercurio.jpg?resize=400%2C296&amp;ssl=1 400w\" sizes=\"auto, (max-width: 578px) 100vw, 578px\" \/><figcaption id=\"caption-attachment-95229\" class=\"wp-caption-text\">Titular de una nota en El Mercurio, donde dice que los chilenos se van a pensionar con el 100% de su sueldo.<\/figcaption><\/figure>\n","protected":false},"excerpt":{"rendered":"<p>Cuando se crearon las AFP (Administradora de Fondos de Pensiones) se dijo que las jubilaciones tendr\u00edan una tasa de reemplazo de un 70%. Es decir si una persona ganaba un mill\u00f3n de&#8230;<\/p>\n","protected":false},"author":482,"featured_media":95228,"comment_status":"open","ping_status":"open","sticky":false,"template":"","format":"standard","meta":{"advanced_seo_description":"","jetpack_seo_html_title":"","jetpack_seo_noindex":false,"_jetpack_memberships_contains_paid_content":false,"footnotes":""},"categories":[15],"tags":[],"class_list":["post-95227","post","type-post","status-publish","format-standard","has-post-thumbnail","hentry","category-comunidad"],"jetpack_featured_media_url":"https:\/\/i0.wp.com\/eltrabajo.cl\/portal\/wp-content\/uploads\/2019\/11\/AFP-Emilo-Tapia-jubilado-vende-gomitas.jpg?fit=580%2C359&ssl=1","jetpack_sharing_enabled":true,"jetpack_likes_enabled":true,"jetpack-related-posts":[],"_links":{"self":[{"href":"https:\/\/eltrabajo.cl\/portal\/wp-json\/wp\/v2\/posts\/95227","targetHints":{"allow":["GET"]}}],"collection":[{"href":"https:\/\/eltrabajo.cl\/portal\/wp-json\/wp\/v2\/posts"}],"about":[{"href":"https:\/\/eltrabajo.cl\/portal\/wp-json\/wp\/v2\/types\/post"}],"author":[{"embeddable":true,"href":"https:\/\/eltrabajo.cl\/portal\/wp-json\/wp\/v2\/users\/482"}],"replies":[{"embeddable":true,"href":"https:\/\/eltrabajo.cl\/portal\/wp-json\/wp\/v2\/comments?post=95227"}],"version-history":[{"count":0,"href":"https:\/\/eltrabajo.cl\/portal\/wp-json\/wp\/v2\/posts\/95227\/revisions"}],"wp:featuredmedia":[{"embeddable":true,"href":"https:\/\/eltrabajo.cl\/portal\/wp-json\/wp\/v2\/media\/95228"}],"wp:attachment":[{"href":"https:\/\/eltrabajo.cl\/portal\/wp-json\/wp\/v2\/media?parent=95227"}],"wp:term":[{"taxonomy":"category","embeddable":true,"href":"https:\/\/eltrabajo.cl\/portal\/wp-json\/wp\/v2\/categories?post=95227"},{"taxonomy":"post_tag","embeddable":true,"href":"https:\/\/eltrabajo.cl\/portal\/wp-json\/wp\/v2\/tags?post=95227"}],"curies":[{"name":"wp","href":"https:\/\/api.w.org\/{rel}","templated":true}]}}