{"id":95231,"date":"2019-11-08T05:05:01","date_gmt":"2019-11-08T08:05:01","guid":{"rendered":"http:\/\/www.eltrabajo.cl\/portal\/?p=95231"},"modified":"2019-11-08T01:13:53","modified_gmt":"2019-11-08T04:13:53","slug":"vecinos-piden-que-les-quiten-enorme-palmera-ubicada-a-la-entrada-de-su-casa","status":"publish","type":"post","link":"https:\/\/eltrabajo.cl\/portal\/vecinos-piden-que-les-quiten-enorme-palmera-ubicada-a-la-entrada-de-su-casa\/","title":{"rendered":"Vecinos piden que les quiten enorme palmera ubicada a la entrada de su casa"},"content":{"rendered":"<p><span style=\"color: #ff0000;\"><strong>Sus ra\u00edces afectan la c\u00e1mara de aguas servidas:<\/strong><\/span><\/p>\n<p>Hace poco menos de un mes en Diario El Trabajo publicamos el caso de Mar\u00eda Jos\u00e9 Toro, quien vive en Hermanos Carrera con Toro Mazote, ella en su momento expres\u00f3 su preocupaci\u00f3n por una palmera en la entrada de su casa, misma que estar\u00eda siendo quitada del lugar para dar espacio a la nueva pavimentaci\u00f3n y ampliaci\u00f3n de esa importante arteria.<br \/>\nSin embargo a pocos metros del lugar, en Hermanos Carrera con calle Am\u00e9rica pasa todo lo contrario, otros vecinos est\u00e1n en serios problemas con una palmera similar a la primera, de la que sus ra\u00edces ya est\u00e1n por debajo de la casa y tapa la salida de aguas servidas hacia el alcantarillado subterr\u00e1neo.<br \/>\nEn esta oportunidad los afectados son los vecinos Hern\u00e1n Rivera, Ximena Vergara y Victoria Dur\u00e1n, quienes ven con asombro c\u00f3mo esta palmera les est\u00e1 afectando sus viviendas y piden a la empresa encargada de los trabajos que por favor la quiten del lugar.<br \/>\n\u00abEstamos contentos con las obras, mejorar\u00e1 nuestra poblaci\u00f3n con esta avenida, pero ya que nos quitaron los arbolitos entonces tambi\u00e9n que se lleven esta palmera, sus ra\u00edces nos tapan ya las c\u00e1maras de aguas servidas, varias veces hemos tenido que traer cisterna para limpiar, porque la palmera evita la salida de aguas. La empresa nos dice que no podr\u00e1n quitar la palmera sin permiso de la Dipma, a\u00fan as\u00ed uno de los jefes nos dijo que s\u00ed la quitar\u00edan, pero en otra etapa de las obras, o sea, en unos d\u00edas m\u00e1s\u00bb, dijo a nuestro medio don Hern\u00e1n Rivera.<br \/>\nSobre este caso Diario El Trabajo consult\u00f3 a la encargada de la Dipma, Jacqueline Aguilar, quien nos inform\u00f3 que podr\u00e1 pronunciarse hasta el lunes, cuando se retomen las labores a nivel municipal.<br \/>\n<strong>Roberto Gonz\u00e1lez Short<\/strong><\/p>\n<figure id=\"attachment_95232\" aria-describedby=\"caption-attachment-95232\" style=\"width: 580px\" class=\"wp-caption alignnone\"><img data-recalc-dims=\"1\" loading=\"lazy\" decoding=\"async\" class=\"size-full wp-image-95232\" src=\"https:\/\/i0.wp.com\/www.eltrabajo.cl\/portal\/wp-content\/uploads\/2019\/11\/Palmera3.jpg?resize=580%2C360\" alt=\"VECINOS MOLESTOS.- Ellos son los vecinos Hern\u00e1n Rivera, Ximena Vergara y Victoria Dur\u00e1n, afectados por esta enorme palmera.\" width=\"580\" height=\"360\" srcset=\"https:\/\/i0.wp.com\/eltrabajo.cl\/portal\/wp-content\/uploads\/2019\/11\/Palmera3.jpg?w=580&amp;ssl=1 580w, https:\/\/i0.wp.com\/eltrabajo.cl\/portal\/wp-content\/uploads\/2019\/11\/Palmera3.jpg?resize=200%2C124&amp;ssl=1 200w, https:\/\/i0.wp.com\/eltrabajo.cl\/portal\/wp-content\/uploads\/2019\/11\/Palmera3.jpg?resize=300%2C186&amp;ssl=1 300w, https:\/\/i0.wp.com\/eltrabajo.cl\/portal\/wp-content\/uploads\/2019\/11\/Palmera3.jpg?resize=242%2C150&amp;ssl=1 242w, https:\/\/i0.wp.com\/eltrabajo.cl\/portal\/wp-content\/uploads\/2019\/11\/Palmera3.jpg?resize=400%2C248&amp;ssl=1 400w\" sizes=\"auto, (max-width: 580px) 100vw, 580px\" \/><figcaption id=\"caption-attachment-95232\" class=\"wp-caption-text\">VECINOS MOLESTOS.- Ellos son los vecinos Hern\u00e1n Rivera, Ximena Vergara y Victoria Dur\u00e1n, afectados por esta enorme palmera.<\/figcaption><\/figure>\n<figure id=\"attachment_95234\" aria-describedby=\"caption-attachment-95234\" style=\"width: 579px\" class=\"wp-caption alignnone\"><img data-recalc-dims=\"1\" loading=\"lazy\" decoding=\"async\" class=\"size-full wp-image-95234\" src=\"https:\/\/i0.wp.com\/www.eltrabajo.cl\/portal\/wp-content\/uploads\/2019\/11\/Palmera2.jpg?resize=579%2C868\" alt=\"PROFUNDAS RA\u00cdCES.- As\u00ed de profundas son las ra\u00edces de esta palmera, las que est\u00e1n ya metidas muy adentro del terreno de estos vecinos.\" width=\"579\" height=\"868\" srcset=\"https:\/\/i0.wp.com\/eltrabajo.cl\/portal\/wp-content\/uploads\/2019\/11\/Palmera2.jpg?w=579&amp;ssl=1 579w, https:\/\/i0.wp.com\/eltrabajo.cl\/portal\/wp-content\/uploads\/2019\/11\/Palmera2.jpg?resize=100%2C150&amp;ssl=1 100w, https:\/\/i0.wp.com\/eltrabajo.cl\/portal\/wp-content\/uploads\/2019\/11\/Palmera2.jpg?resize=200%2C300&amp;ssl=1 200w, https:\/\/i0.wp.com\/eltrabajo.cl\/portal\/wp-content\/uploads\/2019\/11\/Palmera2.jpg?resize=400%2C600&amp;ssl=1 400w\" sizes=\"auto, (max-width: 579px) 100vw, 579px\" \/><figcaption id=\"caption-attachment-95234\" class=\"wp-caption-text\">PROFUNDAS RA\u00cdCES.- As\u00ed de profundas son las ra\u00edces de esta palmera, las que est\u00e1n ya metidas muy adentro del terreno de estos vecinos.<\/figcaption><\/figure>\n<figure id=\"attachment_95233\" aria-describedby=\"caption-attachment-95233\" style=\"width: 579px\" class=\"wp-caption alignnone\"><img data-recalc-dims=\"1\" loading=\"lazy\" decoding=\"async\" class=\"size-full wp-image-95233\" src=\"https:\/\/i0.wp.com\/www.eltrabajo.cl\/portal\/wp-content\/uploads\/2019\/11\/Palmera1.jpg?resize=579%2C869\" alt=\"PALMERA LES AFECTA.- Estos vecinos est\u00e1n solicitando a la Dipma de San Felipe que d\u00e9 la autorizaci\u00f3n para que la empresa a cargo de las obras en Hermanos Carrera quite esta palmera de la entrada de su casa.\" width=\"579\" height=\"869\" srcset=\"https:\/\/i0.wp.com\/eltrabajo.cl\/portal\/wp-content\/uploads\/2019\/11\/Palmera1.jpg?w=579&amp;ssl=1 579w, https:\/\/i0.wp.com\/eltrabajo.cl\/portal\/wp-content\/uploads\/2019\/11\/Palmera1.jpg?resize=100%2C150&amp;ssl=1 100w, https:\/\/i0.wp.com\/eltrabajo.cl\/portal\/wp-content\/uploads\/2019\/11\/Palmera1.jpg?resize=200%2C300&amp;ssl=1 200w, https:\/\/i0.wp.com\/eltrabajo.cl\/portal\/wp-content\/uploads\/2019\/11\/Palmera1.jpg?resize=400%2C600&amp;ssl=1 400w\" sizes=\"auto, (max-width: 579px) 100vw, 579px\" \/><figcaption id=\"caption-attachment-95233\" class=\"wp-caption-text\">PALMERA LES AFECTA.- Estos vecinos est\u00e1n solicitando a la Dipma de San Felipe que d\u00e9 la autorizaci\u00f3n para que la empresa a cargo de las obras en Hermanos Carrera quite esta palmera de la entrada de su casa.<\/figcaption><\/figure>\n","protected":false},"excerpt":{"rendered":"<p>Sus ra\u00edces afectan la c\u00e1mara de aguas servidas: Hace poco menos de un mes en Diario El Trabajo publicamos el caso de Mar\u00eda Jos\u00e9 Toro, quien vive en Hermanos Carrera con Toro&#8230;<\/p>\n","protected":false},"author":482,"featured_media":95232,"comment_status":"open","ping_status":"open","sticky":false,"template":"","format":"standard","meta":{"advanced_seo_description":"","jetpack_seo_html_title":"","jetpack_seo_noindex":false,"_jetpack_memberships_contains_paid_content":false,"footnotes":""},"categories":[15],"tags":[],"class_list":["post-95231","post","type-post","status-publish","format-standard","has-post-thumbnail","hentry","category-comunidad"],"jetpack_featured_media_url":"https:\/\/i0.wp.com\/eltrabajo.cl\/portal\/wp-content\/uploads\/2019\/11\/Palmera3.jpg?fit=580%2C360&ssl=1","jetpack_sharing_enabled":true,"jetpack_likes_enabled":true,"jetpack-related-posts":[],"_links":{"self":[{"href":"https:\/\/eltrabajo.cl\/portal\/wp-json\/wp\/v2\/posts\/95231","targetHints":{"allow":["GET"]}}],"collection":[{"href":"https:\/\/eltrabajo.cl\/portal\/wp-json\/wp\/v2\/posts"}],"about":[{"href":"https:\/\/eltrabajo.cl\/portal\/wp-json\/wp\/v2\/types\/post"}],"author":[{"embeddable":true,"href":"https:\/\/eltrabajo.cl\/portal\/wp-json\/wp\/v2\/users\/482"}],"replies":[{"embeddable":true,"href":"https:\/\/eltrabajo.cl\/portal\/wp-json\/wp\/v2\/comments?post=95231"}],"version-history":[{"count":0,"href":"https:\/\/eltrabajo.cl\/portal\/wp-json\/wp\/v2\/posts\/95231\/revisions"}],"wp:featuredmedia":[{"embeddable":true,"href":"https:\/\/eltrabajo.cl\/portal\/wp-json\/wp\/v2\/media\/95232"}],"wp:attachment":[{"href":"https:\/\/eltrabajo.cl\/portal\/wp-json\/wp\/v2\/media?parent=95231"}],"wp:term":[{"taxonomy":"category","embeddable":true,"href":"https:\/\/eltrabajo.cl\/portal\/wp-json\/wp\/v2\/categories?post=95231"},{"taxonomy":"post_tag","embeddable":true,"href":"https:\/\/eltrabajo.cl\/portal\/wp-json\/wp\/v2\/tags?post=95231"}],"curies":[{"name":"wp","href":"https:\/\/api.w.org\/{rel}","templated":true}]}}