{"id":95236,"date":"2019-11-08T05:06:57","date_gmt":"2019-11-08T08:06:57","guid":{"rendered":"http:\/\/www.eltrabajo.cl\/portal\/?p=95236"},"modified":"2019-11-08T01:45:50","modified_gmt":"2019-11-08T04:45:50","slug":"desalmado-prende-fuego-a-granja-completa-con-todos-sus-animales-en-el-interior","status":"publish","type":"post","link":"https:\/\/eltrabajo.cl\/portal\/desalmado-prende-fuego-a-granja-completa-con-todos-sus-animales-en-el-interior\/","title":{"rendered":"Desalmado prende fuego a granja completa con todos sus animales en el interior"},"content":{"rendered":"<p><span style=\"color: #ff0000;\"><strong>Un potro lucha por su vida tras las graves quemaduras:<\/strong><\/span><\/p>\n<p>Una mano siniestra en la oscuridad de la madrugada de ayer jueves es la que de manera vil y cruel prendi\u00f3 fuego a un peque\u00f1o establo rural en calle Las N\u00fa\u00f1ez de Rinconada de Los Andes. Esta nefasta acci\u00f3n prendi\u00f3 fuego a la bodega y humildes corrales en los que permanec\u00edan animalitos de la granja y sus alimentos. La propiedad de Adacto Santander, de 87 a\u00f1os de edad, fue as\u00ed atacada por tercera vez (25 y 30 de octubre, y la madrugada de ayer) por desconocidos.<br \/>\nEn esta oportunidad la peor parte la sufri\u00f3 \u2018Comisario\u2019, un potro de tres a\u00f1os al que se le quem\u00f3 parte de su cuerpo y especialmente la cabeza, sus dos ojos son llagas en carne vida, el bocado o freno de \u2018Comisario\u2019 tambi\u00e9n est\u00e1 muy afectado. La familia del propietario r\u00e1pidamente acudi\u00f3 al rescate de los dem\u00e1s animales, estos salvaron ilesos, menos el potro, mismo que al ser tratado por dos veterinarios en horas de la ma\u00f1ana estaba orinando sangre.<\/p>\n<p><span style=\"color: #ff0000;\"><strong>AMARGO RELATO<\/strong><\/span><br \/>\nEn cuanto a las p\u00e9rdidas materiales, este criancero tambi\u00e9n perdi\u00f3 todos sus fardos de pasto, lo que hace que ahora quede a merced de la solidaridad de sus vecinos y de los Lectores de Diario El Trabajo.<br \/>\nLa fiscal\u00eda y PDI se est\u00e1n ya haciendo cargo de la investigaci\u00f3n sobre el paradero del peligroso pir\u00f3mano en Rinconada.<br \/>\n\u00abEsto pas\u00f3 m\u00e1s o menos a las dos y cuarto de la ma\u00f1ana de este jueves, cuando llegamos todav\u00eda Bomberos no llegaba al lugar, entonces los vecinos nos ayudaron; les doy las gracias a todos ellos por su ayuda al rescatar a nuestros animales, uno de ellos est\u00e1 muy da\u00f1ado, puede quedar ciego, esperaremos un par de d\u00edas a ver si se salva, sino vamos a tener que sacrificar al pobre animal. Perdimos el pasto que ten\u00edamos, lo perdimos todo, eran como 60 fardos de pasto los que se quemaron, todos los que ten\u00edamos (\u2026) Cuando llegamos estaba todo encendido, las llamas cubr\u00edan por completo los corrales, uno de los animales lo sacamos al tiro, al otro tuvimos que estarlo mojando para poder luego tratar de rescatarlo de las llamas en las que estaba \u00e9l incendiado tambi\u00e9n. Pens\u00e1bamos que no podr\u00edamos salvarlo (al Comisario) pues las llamas no nos daban tiempo para nada. Todo esto ocurri\u00f3 en s\u00f3lo unos 10 a 15 minutos, ya son varias veces que nos han quemado aqu\u00ed cerca de donde vive mi pap\u00e1, no sabemos con qu\u00e9 fin lo hacen, no tenemos roces ni problemas con nadie, de ning\u00fan tipo, ni pol\u00edtica ni nada, somos personas sencillas de trabajo y esfuerzo igual que cualquiera aqu\u00ed de la comuna. Ojala que esto pare ya, esta situaci\u00f3n nos tiene sobrepasados ya a nosotros y a los vecinos, estamos desesperados\u00bb, dijo a Diario El Trabajo el hijo de don Adacto, H\u00e9ctor Santander.<\/p>\n<p><span style=\"color: #ff0000;\"><strong>OFRECEN SU AYUDA<\/strong><\/span><br \/>\nPor otra parte el joven Ra\u00fal Y\u00e1\u00f1ez C\u00e1diz, coordinador del grupo social Goodwill (Buena voluntad), proyecto que desde hace meses viene llevando hortalizas de las ferias a los crianceros para paliar el hambre de sus animales, visit\u00f3 nuestra Sala de Redacci\u00f3n para ofrecer todo el apoyo de sus amigos a fin de coordinar el acopio de recursos para esta familia criancera y del mismo potro \u2018Comisario\u2019.<br \/>\n\u00abAlgo muy cruel lo que le hicieron a estos animalitos, al caballo le pas\u00f3 lo peor, ojala que logren salvarlo, el pron\u00f3stico no es el mejor, pero a\u00fan hay esperanza. Aquellos vecinos que nos quieran contactar para donar lechugas, pasto, verduras, frutas y agua, me pueden llamar al +56 9 6636 4466, nosotros haremos todo lo que est\u00e9 a nuestro alcance para hacer llegar las ayudas a estas personas\u00bb, dijo el activista. Tambi\u00e9n los interesados en contactar con la familia de Adacto Santander, pueden llamar a Tania, al +56 9 5395 6837.<br \/>\n<strong>Roberto Gonz\u00e1lez Short<\/strong><br \/>\n<strong>Fotos: Ra\u00fal Y\u00e1\u00f1ez C\u00e1diz<\/strong><\/p>\n<figure id=\"attachment_95237\" aria-describedby=\"caption-attachment-95237\" style=\"width: 580px\" class=\"wp-caption alignnone\"><img data-recalc-dims=\"1\" loading=\"lazy\" decoding=\"async\" class=\"size-full wp-image-95237\" src=\"https:\/\/i0.wp.com\/www.eltrabajo.cl\/portal\/wp-content\/uploads\/2019\/11\/Comisario1.jpg?resize=580%2C358\" alt=\"VECINOS MUY PREOCUPADOS.- Toda la comunidad del sector Las N\u00fa\u00f1ez en Rinconada de Los Andes, se mostraron asombrados por este cruel ataque a los animales, y tambi\u00e9n solidarios con sus due\u00f1os.\" width=\"580\" height=\"358\" srcset=\"https:\/\/i0.wp.com\/eltrabajo.cl\/portal\/wp-content\/uploads\/2019\/11\/Comisario1.jpg?w=580&amp;ssl=1 580w, https:\/\/i0.wp.com\/eltrabajo.cl\/portal\/wp-content\/uploads\/2019\/11\/Comisario1.jpg?resize=200%2C123&amp;ssl=1 200w, https:\/\/i0.wp.com\/eltrabajo.cl\/portal\/wp-content\/uploads\/2019\/11\/Comisario1.jpg?resize=300%2C185&amp;ssl=1 300w, https:\/\/i0.wp.com\/eltrabajo.cl\/portal\/wp-content\/uploads\/2019\/11\/Comisario1.jpg?resize=243%2C150&amp;ssl=1 243w, https:\/\/i0.wp.com\/eltrabajo.cl\/portal\/wp-content\/uploads\/2019\/11\/Comisario1.jpg?resize=400%2C247&amp;ssl=1 400w\" sizes=\"auto, (max-width: 580px) 100vw, 580px\" \/><figcaption id=\"caption-attachment-95237\" class=\"wp-caption-text\">VECINOS MUY PREOCUPADOS.- Toda la comunidad del sector Las N\u00fa\u00f1ez en Rinconada de Los Andes, se mostraron asombrados por este cruel ataque a los animales, y tambi\u00e9n solidarios con sus due\u00f1os.<\/figcaption><\/figure>\n<figure id=\"attachment_95238\" aria-describedby=\"caption-attachment-95238\" style=\"width: 580px\" class=\"wp-caption alignnone\"><img data-recalc-dims=\"1\" loading=\"lazy\" decoding=\"async\" class=\"size-full wp-image-95238\" src=\"https:\/\/i0.wp.com\/www.eltrabajo.cl\/portal\/wp-content\/uploads\/2019\/11\/Comisario2.jpg?resize=580%2C359\" alt=\"TRISTE PANORAMA.- As\u00ed qued\u00f3 el humilde establo o granja de don Adacto Santander, luego que desalmados lo incendiaran la madrugada de este jueves.\" width=\"580\" height=\"359\" srcset=\"https:\/\/i0.wp.com\/eltrabajo.cl\/portal\/wp-content\/uploads\/2019\/11\/Comisario2.jpg?w=580&amp;ssl=1 580w, https:\/\/i0.wp.com\/eltrabajo.cl\/portal\/wp-content\/uploads\/2019\/11\/Comisario2.jpg?resize=200%2C124&amp;ssl=1 200w, https:\/\/i0.wp.com\/eltrabajo.cl\/portal\/wp-content\/uploads\/2019\/11\/Comisario2.jpg?resize=300%2C186&amp;ssl=1 300w, https:\/\/i0.wp.com\/eltrabajo.cl\/portal\/wp-content\/uploads\/2019\/11\/Comisario2.jpg?resize=242%2C150&amp;ssl=1 242w, https:\/\/i0.wp.com\/eltrabajo.cl\/portal\/wp-content\/uploads\/2019\/11\/Comisario2.jpg?resize=400%2C248&amp;ssl=1 400w\" sizes=\"auto, (max-width: 580px) 100vw, 580px\" \/><figcaption id=\"caption-attachment-95238\" class=\"wp-caption-text\">TRISTE PANORAMA.- As\u00ed qued\u00f3 el humilde establo o granja de don Adacto Santander, luego que desalmados lo incendiaran la madrugada de este jueves.<\/figcaption><\/figure>\n<figure id=\"attachment_95239\" aria-describedby=\"caption-attachment-95239\" style=\"width: 579px\" class=\"wp-caption alignnone\"><img data-recalc-dims=\"1\" loading=\"lazy\" decoding=\"async\" class=\"size-full wp-image-95239\" src=\"https:\/\/i0.wp.com\/www.eltrabajo.cl\/portal\/wp-content\/uploads\/2019\/11\/Comisario3.jpg?resize=579%2C704\" alt=\"LUCHA POR SU VIDA.- Este m\u00e9dico veterinario atendi\u00f3 al pobre potro \u2018Comisario\u2019 en su lamentable estado, los due\u00f1os del animal esperan no tener que sacrificarlo.\" width=\"579\" height=\"704\" srcset=\"https:\/\/i0.wp.com\/eltrabajo.cl\/portal\/wp-content\/uploads\/2019\/11\/Comisario3.jpg?w=579&amp;ssl=1 579w, https:\/\/i0.wp.com\/eltrabajo.cl\/portal\/wp-content\/uploads\/2019\/11\/Comisario3.jpg?resize=123%2C150&amp;ssl=1 123w, https:\/\/i0.wp.com\/eltrabajo.cl\/portal\/wp-content\/uploads\/2019\/11\/Comisario3.jpg?resize=247%2C300&amp;ssl=1 247w, https:\/\/i0.wp.com\/eltrabajo.cl\/portal\/wp-content\/uploads\/2019\/11\/Comisario3.jpg?resize=400%2C486&amp;ssl=1 400w\" sizes=\"auto, (max-width: 579px) 100vw, 579px\" \/><figcaption id=\"caption-attachment-95239\" class=\"wp-caption-text\">LUCHA POR SU VIDA.- Este m\u00e9dico veterinario atendi\u00f3 al pobre potro \u2018Comisario\u2019 en su lamentable estado, los due\u00f1os del animal esperan no tener que sacrificarlo.<\/figcaption><\/figure>\n<figure id=\"attachment_95240\" aria-describedby=\"caption-attachment-95240\" style=\"width: 579px\" class=\"wp-caption alignnone\"><img data-recalc-dims=\"1\" loading=\"lazy\" decoding=\"async\" class=\"size-full wp-image-95240\" src=\"https:\/\/i0.wp.com\/www.eltrabajo.cl\/portal\/wp-content\/uploads\/2019\/11\/Comisario_Adacto-Santander.jpg?resize=579%2C570\" alt=\"NO LO POD\u00cdA CREER.- As\u00ed captaron las c\u00e1maras el semblante del criancero Adacto Santander.\" width=\"579\" height=\"570\" srcset=\"https:\/\/i0.wp.com\/eltrabajo.cl\/portal\/wp-content\/uploads\/2019\/11\/Comisario_Adacto-Santander.jpg?w=579&amp;ssl=1 579w, https:\/\/i0.wp.com\/eltrabajo.cl\/portal\/wp-content\/uploads\/2019\/11\/Comisario_Adacto-Santander.jpg?resize=152%2C150&amp;ssl=1 152w, https:\/\/i0.wp.com\/eltrabajo.cl\/portal\/wp-content\/uploads\/2019\/11\/Comisario_Adacto-Santander.jpg?resize=300%2C295&amp;ssl=1 300w, https:\/\/i0.wp.com\/eltrabajo.cl\/portal\/wp-content\/uploads\/2019\/11\/Comisario_Adacto-Santander.jpg?resize=400%2C394&amp;ssl=1 400w\" sizes=\"auto, (max-width: 579px) 100vw, 579px\" \/><figcaption id=\"caption-attachment-95240\" class=\"wp-caption-text\">NO LO POD\u00cdA CREER.- As\u00ed captaron las c\u00e1maras el semblante del criancero Adacto Santander.<\/figcaption><\/figure>\n<figure id=\"attachment_95241\" aria-describedby=\"caption-attachment-95241\" style=\"width: 579px\" class=\"wp-caption alignnone\"><img data-recalc-dims=\"1\" loading=\"lazy\" decoding=\"async\" class=\"size-full wp-image-95241\" src=\"https:\/\/i0.wp.com\/www.eltrabajo.cl\/portal\/wp-content\/uploads\/2019\/11\/Comisario_Hector-Santander-Calderon.jpg?resize=579%2C586\" alt=\"H\u00e9ctor Santander Calder\u00f3n, hijo del due\u00f1o de los animales.\" width=\"579\" height=\"586\" srcset=\"https:\/\/i0.wp.com\/eltrabajo.cl\/portal\/wp-content\/uploads\/2019\/11\/Comisario_Hector-Santander-Calderon.jpg?w=579&amp;ssl=1 579w, https:\/\/i0.wp.com\/eltrabajo.cl\/portal\/wp-content\/uploads\/2019\/11\/Comisario_Hector-Santander-Calderon.jpg?resize=148%2C150&amp;ssl=1 148w, https:\/\/i0.wp.com\/eltrabajo.cl\/portal\/wp-content\/uploads\/2019\/11\/Comisario_Hector-Santander-Calderon.jpg?resize=296%2C300&amp;ssl=1 296w, https:\/\/i0.wp.com\/eltrabajo.cl\/portal\/wp-content\/uploads\/2019\/11\/Comisario_Hector-Santander-Calderon.jpg?resize=400%2C405&amp;ssl=1 400w\" sizes=\"auto, (max-width: 579px) 100vw, 579px\" \/><figcaption id=\"caption-attachment-95241\" class=\"wp-caption-text\">H\u00e9ctor Santander Calder\u00f3n, hijo del due\u00f1o de los animales.<\/figcaption><\/figure>\n<figure id=\"attachment_95242\" aria-describedby=\"caption-attachment-95242\" style=\"width: 579px\" class=\"wp-caption alignnone\"><img data-recalc-dims=\"1\" loading=\"lazy\" decoding=\"async\" class=\"size-full wp-image-95242\" src=\"https:\/\/i0.wp.com\/www.eltrabajo.cl\/portal\/wp-content\/uploads\/2019\/11\/Comisario_Raul-Yanez.jpg?resize=579%2C594\" alt=\"Ra\u00fal Y\u00e1\u00f1ez C\u00e1diz, coordinador del grupo social Goodwill (Buena voluntad).\" width=\"579\" height=\"594\" srcset=\"https:\/\/i0.wp.com\/eltrabajo.cl\/portal\/wp-content\/uploads\/2019\/11\/Comisario_Raul-Yanez.jpg?w=579&amp;ssl=1 579w, https:\/\/i0.wp.com\/eltrabajo.cl\/portal\/wp-content\/uploads\/2019\/11\/Comisario_Raul-Yanez.jpg?resize=146%2C150&amp;ssl=1 146w, https:\/\/i0.wp.com\/eltrabajo.cl\/portal\/wp-content\/uploads\/2019\/11\/Comisario_Raul-Yanez.jpg?resize=292%2C300&amp;ssl=1 292w, https:\/\/i0.wp.com\/eltrabajo.cl\/portal\/wp-content\/uploads\/2019\/11\/Comisario_Raul-Yanez.jpg?resize=400%2C410&amp;ssl=1 400w\" sizes=\"auto, (max-width: 579px) 100vw, 579px\" \/><figcaption id=\"caption-attachment-95242\" class=\"wp-caption-text\">Ra\u00fal Y\u00e1\u00f1ez C\u00e1diz, coordinador del grupo social Goodwill (Buena voluntad).<\/figcaption><\/figure>\n","protected":false},"excerpt":{"rendered":"<p>Un potro lucha por su vida tras las graves quemaduras: Una mano siniestra en la oscuridad de la madrugada de ayer jueves es la que de manera vil y cruel prendi\u00f3 fuego&#8230;<\/p>\n","protected":false},"author":482,"featured_media":95243,"comment_status":"open","ping_status":"open","sticky":false,"template":"","format":"standard","meta":{"advanced_seo_description":"","jetpack_seo_html_title":"","jetpack_seo_noindex":false,"_jetpack_memberships_contains_paid_content":false,"footnotes":""},"categories":[15],"tags":[],"class_list":["post-95236","post","type-post","status-publish","format-standard","has-post-thumbnail","hentry","category-comunidad"],"jetpack_featured_media_url":"https:\/\/i0.wp.com\/eltrabajo.cl\/portal\/wp-content\/uploads\/2019\/11\/Comisario3-copia.jpg?fit=580%2C358&ssl=1","jetpack_sharing_enabled":true,"jetpack_likes_enabled":true,"jetpack-related-posts":[],"_links":{"self":[{"href":"https:\/\/eltrabajo.cl\/portal\/wp-json\/wp\/v2\/posts\/95236","targetHints":{"allow":["GET"]}}],"collection":[{"href":"https:\/\/eltrabajo.cl\/portal\/wp-json\/wp\/v2\/posts"}],"about":[{"href":"https:\/\/eltrabajo.cl\/portal\/wp-json\/wp\/v2\/types\/post"}],"author":[{"embeddable":true,"href":"https:\/\/eltrabajo.cl\/portal\/wp-json\/wp\/v2\/users\/482"}],"replies":[{"embeddable":true,"href":"https:\/\/eltrabajo.cl\/portal\/wp-json\/wp\/v2\/comments?post=95236"}],"version-history":[{"count":0,"href":"https:\/\/eltrabajo.cl\/portal\/wp-json\/wp\/v2\/posts\/95236\/revisions"}],"wp:featuredmedia":[{"embeddable":true,"href":"https:\/\/eltrabajo.cl\/portal\/wp-json\/wp\/v2\/media\/95243"}],"wp:attachment":[{"href":"https:\/\/eltrabajo.cl\/portal\/wp-json\/wp\/v2\/media?parent=95236"}],"wp:term":[{"taxonomy":"category","embeddable":true,"href":"https:\/\/eltrabajo.cl\/portal\/wp-json\/wp\/v2\/categories?post=95236"},{"taxonomy":"post_tag","embeddable":true,"href":"https:\/\/eltrabajo.cl\/portal\/wp-json\/wp\/v2\/tags?post=95236"}],"curies":[{"name":"wp","href":"https:\/\/api.w.org\/{rel}","templated":true}]}}