{"id":95245,"date":"2019-11-08T05:07:07","date_gmt":"2019-11-08T08:07:07","guid":{"rendered":"http:\/\/www.eltrabajo.cl\/portal\/?p=95245"},"modified":"2019-11-08T01:50:06","modified_gmt":"2019-11-08T04:50:06","slug":"vecino-de-59-anos-sufre-grave-mordedura-de-arana-de-rincon-en-su-brazo","status":"publish","type":"post","link":"https:\/\/eltrabajo.cl\/portal\/vecino-de-59-anos-sufre-grave-mordedura-de-arana-de-rincon-en-su-brazo\/","title":{"rendered":"Vecino de 59 a\u00f1os sufre grave mordedura de Ara\u00f1a de Rinc\u00f3n en su brazo"},"content":{"rendered":"<p><span style=\"color: #ff0000;\"><strong>Familia consternada realizar\u00e1 bingo ma\u00f1ana s\u00e1bado 9:<\/strong><\/span><\/p>\n<ul>\n<li><strong>Paciente permanece internado en el Hospital San Camilo de San Felipe, recibiendo un intenso tratamiento m\u00e9dico para frenar las graves consecuencias de la lesi\u00f3n.<\/strong><\/li>\n<\/ul>\n<p>Una compleja situaci\u00f3n de salud atraviesa Rub\u00e9n Gallardo Nieto, de 59 a\u00f1os de edad, temporero agr\u00edcola y padre de familia, luego de sufrir una mordedura de ara\u00f1a de rinc\u00f3n en su brazo que lo mantiene en observaci\u00f3n m\u00e9dica en el Hospital San Camilo de San Felipe.<br \/>\nEl afectado, residente en el sector Los Campos de San Felipe, cercano al cruce Los Villares, comenz\u00f3 a sentirse mal este fin de semana, debiendo solicitar ayuda en dicho centro hospitalario que habr\u00eda confirmado el temido diagn\u00f3stico tras ex\u00e1menes realizados que lo mantienen actualmente interno.<br \/>\nEn entrevista de Diario El Trabajo con la hija de don Rub\u00e9n, Kiara Gallardo Lazcano, expres\u00f3 la consternaci\u00f3n e incertidumbre que atraviesan como familia tras el grave diagn\u00f3stico m\u00e9dico, manifestando que este s\u00e1bado 9 de noviembre se realizar\u00e1 un bingo a beneficio para obtener recursos econ\u00f3micos para solventar el tratamiento hospitalario.<br \/>\n<strong>&#8211; \u00bfC\u00f3mo fueron sucediendo los hechos?<\/strong><br \/>\n&#8211; El d\u00eda s\u00e1bado a mi pap\u00e1 lo pic\u00f3 un bicho que no sab\u00eda, mi pap\u00e1 no fue a urgencias porque no quer\u00eda ir y fue el d\u00eda domingo porque se empez\u00f3 a sentir mal. En el Hospital le empezaron a hacer ex\u00e1menes de sangre y de orina y detectaron que era por una ara\u00f1a de rinc\u00f3n.<br \/>\n<strong>&#8211; \u00bfLa mordedura fue en un brazo?<\/strong><br \/>\n&#8211; S\u00ed, en el brazo izquierdo. Se le inflam\u00f3 el brazo, empez\u00f3 a tener fiebre, escalofr\u00edos.<br \/>\n<strong>&#8211; \u00bfCu\u00e1l es el estado de salud de su pap\u00e1?<\/strong><br \/>\n&#8211; \u00c9l est\u00e1 internado en cirug\u00eda. Tienen que esperar 10 d\u00edas aproximadamente para que se le empiece as\u00ed como a descascarar, para ver el da\u00f1o que le caus\u00f3 la picadura. \u00c9l est\u00e1 con antibi\u00f3ticos, anticoagulantes y corticoides para poder sacar el veneno, porque no han logrado extra\u00e9rselo. \u00c9l est\u00e1 grave, sin riesgo vital, est\u00e1n haci\u00e9ndole ex\u00e1menes a diario.<br \/>\n<strong>&#8211; \u00bfHa tenido una evoluci\u00f3n favorable?<\/strong><br \/>\n&#8211; Por lo que yo lo he visto, no ha tenido ninguna mejor\u00eda, va como empeorando. Est\u00e1 acostado en una cama, no se para porque los medicamentos que le est\u00e1n colocando son muy fuertes para detener el dolor del brazo, porque la doctora dice que es un dolor insoportable. Pasando esos diez d\u00edas tendr\u00e1n que evaluar si se toma la decisi\u00f3n de colocarle injerto, sacarle piel de su pierna y colocarla en el brazo, donde va a perder todo eso.<br \/>\n<strong>&#8211; La familia realizar\u00e1 un bingo a beneficio.<\/strong><br \/>\n&#8211; S\u00ed, lo que pasa es que mi pap\u00e1 tiene la letra C del tramo que tiene que pagar todo en el hospital, y \u00e9l est\u00e1 necesitando unas bolsitas que son congeladas y tiene que colocarse entre seis a siete diarias. Como nosotros vivimos en Los Campos y mi pap\u00e1 est\u00e1 en San Felipe, son cuatro pasajes diarios que tiene que gastar mi mam\u00e1 y mi hermana. Mi pap\u00e1 puede que pasen dos o tres meses que est\u00e9 sin poder trabajar.<br \/>\n<strong>&#8211; \u00bfD\u00f3nde y cu\u00e1ndo se realizar\u00e1?<\/strong><br \/>\n&#8211; Este s\u00e1bado 9 de noviembre a partir de las 19:00 horas en el negocio \u2018La Cholita\u2019 en Los Campos, cercano a la multicancha San Carlos, camino hacia la Hacienda Rinconada. Necesitamos que vayan a colaborar y lo que la gente desee donar por mi pap\u00e1.<br \/>\nLos lectores interesados en ayudar a esta familia se pueden comunicar con Kiara Gallardo al tel\u00e9fono +56 9 9054 3894.<br \/>\n<strong>Pablo Salinas Sald\u00edas<\/strong><\/p>\n<figure id=\"attachment_95247\" aria-describedby=\"caption-attachment-95247\" style=\"width: 579px\" class=\"wp-caption alignnone\"><img data-recalc-dims=\"1\" loading=\"lazy\" decoding=\"async\" class=\"size-full wp-image-95247\" src=\"https:\/\/i0.wp.com\/www.eltrabajo.cl\/portal\/wp-content\/uploads\/2019\/11\/ara%C3%B1a-mordedura-ara%C3%B1a.jpg?resize=579%2C773\" alt=\"La fotograf\u00eda tomada hace algunos d\u00edas muestra el estado del brazo de don Rub\u00e9n Gallardo Nieto.\" width=\"579\" height=\"773\" srcset=\"https:\/\/i0.wp.com\/eltrabajo.cl\/portal\/wp-content\/uploads\/2019\/11\/ara%C3%B1a-mordedura-ara%C3%B1a.jpg?w=579&amp;ssl=1 579w, https:\/\/i0.wp.com\/eltrabajo.cl\/portal\/wp-content\/uploads\/2019\/11\/ara%C3%B1a-mordedura-ara%C3%B1a.jpg?resize=112%2C150&amp;ssl=1 112w, https:\/\/i0.wp.com\/eltrabajo.cl\/portal\/wp-content\/uploads\/2019\/11\/ara%C3%B1a-mordedura-ara%C3%B1a.jpg?resize=225%2C300&amp;ssl=1 225w, https:\/\/i0.wp.com\/eltrabajo.cl\/portal\/wp-content\/uploads\/2019\/11\/ara%C3%B1a-mordedura-ara%C3%B1a.jpg?resize=400%2C534&amp;ssl=1 400w\" sizes=\"auto, (max-width: 579px) 100vw, 579px\" \/><figcaption id=\"caption-attachment-95247\" class=\"wp-caption-text\">La fotograf\u00eda tomada hace algunos d\u00edas muestra el estado del brazo de don Rub\u00e9n Gallardo Nieto.<\/figcaption><\/figure>\n<figure id=\"attachment_95246\" aria-describedby=\"caption-attachment-95246\" style=\"width: 580px\" class=\"wp-caption alignnone\"><img data-recalc-dims=\"1\" loading=\"lazy\" decoding=\"async\" class=\"size-full wp-image-95246\" src=\"https:\/\/i0.wp.com\/www.eltrabajo.cl\/portal\/wp-content\/uploads\/2019\/11\/ara%C3%B1a-rincon.jpg?resize=580%2C358\" alt=\"La ara\u00f1a de rinc\u00f3n reside principalmente en los hogares y el calor favorece su aparici\u00f3n. (Foto referencial).\" width=\"580\" height=\"358\" srcset=\"https:\/\/i0.wp.com\/eltrabajo.cl\/portal\/wp-content\/uploads\/2019\/11\/ara%C3%B1a-rincon.jpg?w=580&amp;ssl=1 580w, https:\/\/i0.wp.com\/eltrabajo.cl\/portal\/wp-content\/uploads\/2019\/11\/ara%C3%B1a-rincon.jpg?resize=200%2C123&amp;ssl=1 200w, https:\/\/i0.wp.com\/eltrabajo.cl\/portal\/wp-content\/uploads\/2019\/11\/ara%C3%B1a-rincon.jpg?resize=300%2C185&amp;ssl=1 300w, https:\/\/i0.wp.com\/eltrabajo.cl\/portal\/wp-content\/uploads\/2019\/11\/ara%C3%B1a-rincon.jpg?resize=243%2C150&amp;ssl=1 243w, https:\/\/i0.wp.com\/eltrabajo.cl\/portal\/wp-content\/uploads\/2019\/11\/ara%C3%B1a-rincon.jpg?resize=400%2C247&amp;ssl=1 400w\" sizes=\"auto, (max-width: 580px) 100vw, 580px\" \/><figcaption id=\"caption-attachment-95246\" class=\"wp-caption-text\">La ara\u00f1a de rinc\u00f3n reside principalmente en los hogares y el calor favorece su aparici\u00f3n. (Foto referencial).<\/figcaption><\/figure>\n","protected":false},"excerpt":{"rendered":"<p>Familia consternada realizar\u00e1 bingo ma\u00f1ana s\u00e1bado 9: Paciente permanece internado en el Hospital San Camilo de San Felipe, recibiendo un intenso tratamiento m\u00e9dico para frenar las graves consecuencias de la lesi\u00f3n. Una&#8230;<\/p>\n","protected":false},"author":482,"featured_media":95248,"comment_status":"open","ping_status":"open","sticky":false,"template":"","format":"standard","meta":{"advanced_seo_description":"","jetpack_seo_html_title":"","jetpack_seo_noindex":false,"_jetpack_memberships_contains_paid_content":false,"footnotes":""},"categories":[15],"tags":[],"class_list":["post-95245","post","type-post","status-publish","format-standard","has-post-thumbnail","hentry","category-comunidad"],"jetpack_featured_media_url":"https:\/\/i0.wp.com\/eltrabajo.cl\/portal\/wp-content\/uploads\/2019\/11\/ara%C3%B1a-mordedura-ara%C3%B1a-copia.jpg?fit=580%2C359&ssl=1","jetpack_sharing_enabled":true,"jetpack_likes_enabled":true,"jetpack-related-posts":[],"_links":{"self":[{"href":"https:\/\/eltrabajo.cl\/portal\/wp-json\/wp\/v2\/posts\/95245","targetHints":{"allow":["GET"]}}],"collection":[{"href":"https:\/\/eltrabajo.cl\/portal\/wp-json\/wp\/v2\/posts"}],"about":[{"href":"https:\/\/eltrabajo.cl\/portal\/wp-json\/wp\/v2\/types\/post"}],"author":[{"embeddable":true,"href":"https:\/\/eltrabajo.cl\/portal\/wp-json\/wp\/v2\/users\/482"}],"replies":[{"embeddable":true,"href":"https:\/\/eltrabajo.cl\/portal\/wp-json\/wp\/v2\/comments?post=95245"}],"version-history":[{"count":0,"href":"https:\/\/eltrabajo.cl\/portal\/wp-json\/wp\/v2\/posts\/95245\/revisions"}],"wp:featuredmedia":[{"embeddable":true,"href":"https:\/\/eltrabajo.cl\/portal\/wp-json\/wp\/v2\/media\/95248"}],"wp:attachment":[{"href":"https:\/\/eltrabajo.cl\/portal\/wp-json\/wp\/v2\/media?parent=95245"}],"wp:term":[{"taxonomy":"category","embeddable":true,"href":"https:\/\/eltrabajo.cl\/portal\/wp-json\/wp\/v2\/categories?post=95245"},{"taxonomy":"post_tag","embeddable":true,"href":"https:\/\/eltrabajo.cl\/portal\/wp-json\/wp\/v2\/tags?post=95245"}],"curies":[{"name":"wp","href":"https:\/\/api.w.org\/{rel}","templated":true}]}}