{"id":95280,"date":"2019-11-12T05:01:51","date_gmt":"2019-11-12T08:01:51","guid":{"rendered":"http:\/\/www.eltrabajo.cl\/portal\/?p=95280"},"modified":"2019-11-11T20:47:56","modified_gmt":"2019-11-11T23:47:56","slug":"banda-de-ritmo-cubano-y-boleros-toca-gratis-en-poblaciones-de-san-felipe","status":"publish","type":"post","link":"https:\/\/eltrabajo.cl\/portal\/banda-de-ritmo-cubano-y-boleros-toca-gratis-en-poblaciones-de-san-felipe\/","title":{"rendered":"Banda de ritmo cubano y boleros toca gratis en poblaciones de San Felipe"},"content":{"rendered":"<p><span style=\"color: #ff0000;\"><strong>Son D\u2019 Esquina con original iniciativa en tiempos convulsos:<\/strong><\/span><\/p>\n<p>\u00bfAlguien podr\u00eda imaginar que fuera posible ver el d\u00eda en que un grupo musical ofreciera sus servicios profesionales para tocar sus temas completamente gratis y a domicilio? No se trata de una broma ni humorada, tiene que ver con un original proyecto de Son D\u2019 Esquina, banda musical sanfelipe\u00f1a que est\u00e1 causando furor en el Valle de Aconcagua desde que hicieron el anuncio en Redes Sociales.<br \/>\nDiario El Trabajo habl\u00f3 con el director del grupo, Nelson Mu\u00f1oz Castro, quien nos explic\u00f3 la idea de los m\u00fasicos.<br \/>\n\u00abNuestra idea es ir a tocar el mejor son cubano y boleros, no cobramos ni un peso, buscamos alegrar los barrios sanamente, los vecinos que nos llamen deben convocar a su p\u00fablico, y poner la electricidad para conectar los instrumentos, nos podemos trasladar por toda la provincia y buscamos llevar alegr\u00eda y esparcimiento a las comunidades, que no todo sean marchas y lenguaje protestatario\u00bb, coment\u00f3 el m\u00fasico.<\/p>\n<p><strong><span style=\"color: #ff0000;\">ESENCIA MUSICAL<\/span><\/strong><br \/>\nSon D\u2019 Esquina busca establecer v\u00ednculos de amistad y por sobretodo reconocer el triunfo de la paciencia. Hace casi diez a\u00f1os en una jornada solidaria en San Felipe, Nelson Mu\u00f1oz Castro y su padre Nelson Mu\u00f1oz Tapia, junto a unos amigos que tambi\u00e9n eran padre e hijo, prepararon una tocata en la que interpretan algunos boleros. Fue en ese momento cuando surgi\u00f3 la idea de conformar un grupo de m\u00fasica cubana.<br \/>\n<strong>&#8211; \u00bfPor qu\u00e9 m\u00fasica caribe\u00f1a? <\/strong><br \/>\n&#8211; Nosotros no tenemos ninguna ascendencia comprobada del Caribe. Aunque sabemos que el mestizaje es un punto importante a considerar. Pero m\u00e1s que eso, es una relaci\u00f3n abiertamente vinculada a la historia musical de nuestra familia. El patriarca de la Familia Mu\u00f1oz es trombonista y fue el trombonista de la Orquesta Minera Andina. Ah\u00ed junto a otros m\u00fasicos cultivaron el repertorio de la Sonora Matancera, y otras orquestas del Caribe. Por lo que la banda sonora de nuestros almuerzos familiares siempre fue en torno a la m\u00fasica caribe\u00f1a.<br \/>\nEn 2015 crearon la Escuela Popular de M\u00fasica, y ah\u00ed se comienza a materializar la idea de conformar un tr\u00edo bolerista integrado por Nelson Mu\u00f1oz Tapia en las congas; Tania Montiel con su guitarra y voz; Germ\u00e1n Cifuentes en la guitarra y tiple; B\u00e1rbara Libretch con su voz y percusi\u00f3n; Ariel Gonz\u00e1lez es el bajista y productor, y el mismo Nelson Mu\u00f1oz Castro en la direcci\u00f3n.<br \/>\n\u00abEn la actualidad somos seis m\u00fasicos quienes hemos querido hacer del g\u00e9nero Son Cubano nuestro lenguaje. El conmocionado octubre de 2019 nos llev\u00f3 a reafirmar tambi\u00e9n nuestro compromiso de llevar alegr\u00eda y m\u00fasica a nuestro pueblo, y es as\u00ed como estamos proyectando el futuro de Son D\u00b4 Esquina. De la mano, en la calle, en la cadencia del bolero y en el sabor del Son\u00bb.<br \/>\nLos interesados en tener a estos chicos tocando gratuitamente en su barrio, pueden llamarlos al +56961278045.<\/p>\n<figure id=\"attachment_95282\" aria-describedby=\"caption-attachment-95282\" style=\"width: 580px\" class=\"wp-caption alignnone\"><img data-recalc-dims=\"1\" loading=\"lazy\" decoding=\"async\" class=\"size-full wp-image-95282\" src=\"https:\/\/i0.wp.com\/www.eltrabajo.cl\/portal\/wp-content\/uploads\/2019\/11\/SonDesquina2.jpg?resize=580%2C360\" alt=\"Ya de los barrios y poblaciones los vecinos est\u00e1n llamando a estos m\u00fasicos sanfelipe\u00f1os para alegrar la tarde en su comunidad.\" width=\"580\" height=\"360\" srcset=\"https:\/\/i0.wp.com\/eltrabajo.cl\/portal\/wp-content\/uploads\/2019\/11\/SonDesquina2.jpg?w=580&amp;ssl=1 580w, https:\/\/i0.wp.com\/eltrabajo.cl\/portal\/wp-content\/uploads\/2019\/11\/SonDesquina2.jpg?resize=200%2C124&amp;ssl=1 200w, https:\/\/i0.wp.com\/eltrabajo.cl\/portal\/wp-content\/uploads\/2019\/11\/SonDesquina2.jpg?resize=300%2C186&amp;ssl=1 300w, https:\/\/i0.wp.com\/eltrabajo.cl\/portal\/wp-content\/uploads\/2019\/11\/SonDesquina2.jpg?resize=242%2C150&amp;ssl=1 242w, https:\/\/i0.wp.com\/eltrabajo.cl\/portal\/wp-content\/uploads\/2019\/11\/SonDesquina2.jpg?resize=400%2C248&amp;ssl=1 400w\" sizes=\"auto, (max-width: 580px) 100vw, 580px\" \/><figcaption id=\"caption-attachment-95282\" class=\"wp-caption-text\">Ya de los barrios y poblaciones los vecinos est\u00e1n llamando a estos m\u00fasicos sanfelipe\u00f1os para alegrar la tarde en su comunidad.<\/figcaption><\/figure>\n<figure id=\"attachment_95281\" aria-describedby=\"caption-attachment-95281\" style=\"width: 580px\" class=\"wp-caption alignnone\"><img data-recalc-dims=\"1\" loading=\"lazy\" decoding=\"async\" class=\"size-full wp-image-95281\" src=\"https:\/\/i0.wp.com\/www.eltrabajo.cl\/portal\/wp-content\/uploads\/2019\/11\/SonDesquina1.jpg?resize=580%2C359\" alt=\"SON D\u2019 ESQUINA.- Aqu\u00ed vemos a estos m\u00fasicos sanfelipe\u00f1os tocando alegremente el mejor Son cubano en la Plaza de Armas de Los Andes. \" width=\"580\" height=\"359\" srcset=\"https:\/\/i0.wp.com\/eltrabajo.cl\/portal\/wp-content\/uploads\/2019\/11\/SonDesquina1.jpg?w=580&amp;ssl=1 580w, https:\/\/i0.wp.com\/eltrabajo.cl\/portal\/wp-content\/uploads\/2019\/11\/SonDesquina1.jpg?resize=200%2C124&amp;ssl=1 200w, https:\/\/i0.wp.com\/eltrabajo.cl\/portal\/wp-content\/uploads\/2019\/11\/SonDesquina1.jpg?resize=300%2C186&amp;ssl=1 300w, https:\/\/i0.wp.com\/eltrabajo.cl\/portal\/wp-content\/uploads\/2019\/11\/SonDesquina1.jpg?resize=242%2C150&amp;ssl=1 242w, https:\/\/i0.wp.com\/eltrabajo.cl\/portal\/wp-content\/uploads\/2019\/11\/SonDesquina1.jpg?resize=400%2C248&amp;ssl=1 400w\" sizes=\"auto, (max-width: 580px) 100vw, 580px\" \/><figcaption id=\"caption-attachment-95281\" class=\"wp-caption-text\">SON D\u2019 ESQUINA.- Aqu\u00ed vemos a estos m\u00fasicos sanfelipe\u00f1os tocando alegremente el mejor Son cubano en la Plaza de Armas de Los Andes.<\/figcaption><\/figure>\n<figure id=\"attachment_95283\" aria-describedby=\"caption-attachment-95283\" style=\"width: 579px\" class=\"wp-caption alignnone\"><img data-recalc-dims=\"1\" loading=\"lazy\" decoding=\"async\" class=\"size-full wp-image-95283\" src=\"https:\/\/i0.wp.com\/www.eltrabajo.cl\/portal\/wp-content\/uploads\/2019\/11\/SonDesquina_Nelson-Munoz-Castro.jpg?resize=579%2C628\" alt=\"Nelson Mu\u00f1oz Castro, director de la banda.\" width=\"579\" height=\"628\" srcset=\"https:\/\/i0.wp.com\/eltrabajo.cl\/portal\/wp-content\/uploads\/2019\/11\/SonDesquina_Nelson-Munoz-Castro.jpg?w=579&amp;ssl=1 579w, https:\/\/i0.wp.com\/eltrabajo.cl\/portal\/wp-content\/uploads\/2019\/11\/SonDesquina_Nelson-Munoz-Castro.jpg?resize=138%2C150&amp;ssl=1 138w, https:\/\/i0.wp.com\/eltrabajo.cl\/portal\/wp-content\/uploads\/2019\/11\/SonDesquina_Nelson-Munoz-Castro.jpg?resize=277%2C300&amp;ssl=1 277w, https:\/\/i0.wp.com\/eltrabajo.cl\/portal\/wp-content\/uploads\/2019\/11\/SonDesquina_Nelson-Munoz-Castro.jpg?resize=400%2C434&amp;ssl=1 400w\" sizes=\"auto, (max-width: 579px) 100vw, 579px\" \/><figcaption id=\"caption-attachment-95283\" class=\"wp-caption-text\">Nelson Mu\u00f1oz Castro, director de la banda.<\/figcaption><\/figure>\n","protected":false},"excerpt":{"rendered":"<p>Son D\u2019 Esquina con original iniciativa en tiempos convulsos: \u00bfAlguien podr\u00eda imaginar que fuera posible ver el d\u00eda en que un grupo musical ofreciera sus servicios profesionales para tocar sus temas completamente&#8230;<\/p>\n","protected":false},"author":482,"featured_media":95282,"comment_status":"open","ping_status":"open","sticky":false,"template":"","format":"standard","meta":{"advanced_seo_description":"","jetpack_seo_html_title":"","jetpack_seo_noindex":false,"_jetpack_memberships_contains_paid_content":false,"footnotes":""},"categories":[20],"tags":[],"class_list":["post-95280","post","type-post","status-publish","format-standard","has-post-thumbnail","hentry","category-arte-y-cultura"],"jetpack_featured_media_url":"https:\/\/i0.wp.com\/eltrabajo.cl\/portal\/wp-content\/uploads\/2019\/11\/SonDesquina2.jpg?fit=580%2C360&ssl=1","jetpack_sharing_enabled":true,"jetpack_likes_enabled":true,"jetpack-related-posts":[],"_links":{"self":[{"href":"https:\/\/eltrabajo.cl\/portal\/wp-json\/wp\/v2\/posts\/95280","targetHints":{"allow":["GET"]}}],"collection":[{"href":"https:\/\/eltrabajo.cl\/portal\/wp-json\/wp\/v2\/posts"}],"about":[{"href":"https:\/\/eltrabajo.cl\/portal\/wp-json\/wp\/v2\/types\/post"}],"author":[{"embeddable":true,"href":"https:\/\/eltrabajo.cl\/portal\/wp-json\/wp\/v2\/users\/482"}],"replies":[{"embeddable":true,"href":"https:\/\/eltrabajo.cl\/portal\/wp-json\/wp\/v2\/comments?post=95280"}],"version-history":[{"count":0,"href":"https:\/\/eltrabajo.cl\/portal\/wp-json\/wp\/v2\/posts\/95280\/revisions"}],"wp:featuredmedia":[{"embeddable":true,"href":"https:\/\/eltrabajo.cl\/portal\/wp-json\/wp\/v2\/media\/95282"}],"wp:attachment":[{"href":"https:\/\/eltrabajo.cl\/portal\/wp-json\/wp\/v2\/media?parent=95280"}],"wp:term":[{"taxonomy":"category","embeddable":true,"href":"https:\/\/eltrabajo.cl\/portal\/wp-json\/wp\/v2\/categories?post=95280"},{"taxonomy":"post_tag","embeddable":true,"href":"https:\/\/eltrabajo.cl\/portal\/wp-json\/wp\/v2\/tags?post=95280"}],"curies":[{"name":"wp","href":"https:\/\/api.w.org\/{rel}","templated":true}]}}