{"id":95288,"date":"2019-11-12T05:03:43","date_gmt":"2019-11-12T08:03:43","guid":{"rendered":"http:\/\/www.eltrabajo.cl\/portal\/?p=95288"},"modified":"2019-11-11T20:50:48","modified_gmt":"2019-11-11T23:50:48","slug":"partio-juicio-a-enajenado-mental-que-habria-abusado-sexualmente-de-dos-ninos","status":"publish","type":"post","link":"https:\/\/eltrabajo.cl\/portal\/partio-juicio-a-enajenado-mental-que-habria-abusado-sexualmente-de-dos-ninos\/","title":{"rendered":"Parti\u00f3 juicio a enajenado mental que habr\u00eda abusado sexualmente de dos ni\u00f1os"},"content":{"rendered":"<p><span style=\"color: #ff0000;\"><strong>Fiscal\u00eda persigue 10 a\u00f1os y un d\u00eda de internaci\u00f3n psiqui\u00e1trica:<\/strong><\/span><\/p>\n<ul>\n<li><strong>Proceso judicial se desarrolla en el Tribunal Oral en Lo Penal de San Felipe y podr\u00eda concluir ma\u00f1ana mi\u00e9rcoles.<\/strong><\/li>\n<\/ul>\n<p>Durante la jornada de ayer lunes se inici\u00f3 en el Tribunal Oral en Lo Penal de San Felipe, un proceso judicial en contra de un enajenado mental acusado por la Fiscal\u00eda de haber cometido presuntos abusos sexuales contra un ni\u00f1o y una ni\u00f1a de 5 y 8 a\u00f1os de edad en la comuna de Llay Llay.<br \/>\nEl Ministerio P\u00fablico persigue que el acusado -declarado inimputable y paciente del Hospital Psiqui\u00e1trico Philippe Pinnel de Putaendo- sea sometido a una medida de internaci\u00f3n de seguridad de 10 a\u00f1os y un d\u00eda.<br \/>\nLos hechos de la acusaci\u00f3n habr\u00edan ocurrido durante el transcurso del a\u00f1o 2017 al interior de un domicilio de la comuna de Llay Llay, donde el acusado habr\u00eda efectuado tocaciones en las partes \u00edntimas de una ni\u00f1a de 8 a\u00f1os de edad en tres episodios.<br \/>\nAsimismo se sostiene que el 19 de octubre de 2018 el acusado habr\u00eda abordado a un ni\u00f1o de 5 a\u00f1os de edad para ser presuntamente abusado sexualmente.<br \/>\nLa Fiscal\u00eda asever\u00f3 que estos cuatro episodios constituyen delitos consumados de abuso sexual de menor de 14 a\u00f1os, sancionado en el C\u00f3digo Penal de nuestro pa\u00eds, requiri\u00e9ndose dicha medida de internaci\u00f3n en un centro psiqui\u00e1trico por un periodo de 10 a\u00f1os y un d\u00eda.<br \/>\n\u00abSe persigue una medida de seguridad de 10 a\u00f1os y un d\u00eda, eso es lo que estamos pidiendo nosotros. Seg\u00fan los c\u00e1lculos estar\u00edamos concluyendo este mi\u00e9rcoles\u00bb, afirm\u00f3 a Diario El Trabajo, el Fiscal de Delitos Sexuales del Ministerio P\u00fablico de San Felipe, Alejandro Bustos Ibarra.<br \/>\n<strong>Pablo Salinas Sald\u00edas<\/strong><\/p>\n<figure id=\"attachment_95289\" aria-describedby=\"caption-attachment-95289\" style=\"width: 580px\" class=\"wp-caption alignnone\"><img data-recalc-dims=\"1\" loading=\"lazy\" decoding=\"async\" class=\"size-full wp-image-95289\" src=\"https:\/\/i0.wp.com\/www.eltrabajo.cl\/portal\/wp-content\/uploads\/2019\/11\/Ni%C3%B1os-abusados-1.jpg?resize=580%2C360\" alt=\"Las v\u00edctimas habr\u00edan sido abusadas sexualmente el a\u00f1o 2017 y 2018 en la comuna de Llay Llay. (Fotograf\u00eda Referencial).\" width=\"580\" height=\"360\" srcset=\"https:\/\/i0.wp.com\/eltrabajo.cl\/portal\/wp-content\/uploads\/2019\/11\/Ni%C3%B1os-abusados-1.jpg?w=580&amp;ssl=1 580w, https:\/\/i0.wp.com\/eltrabajo.cl\/portal\/wp-content\/uploads\/2019\/11\/Ni%C3%B1os-abusados-1.jpg?resize=200%2C124&amp;ssl=1 200w, https:\/\/i0.wp.com\/eltrabajo.cl\/portal\/wp-content\/uploads\/2019\/11\/Ni%C3%B1os-abusados-1.jpg?resize=300%2C186&amp;ssl=1 300w, https:\/\/i0.wp.com\/eltrabajo.cl\/portal\/wp-content\/uploads\/2019\/11\/Ni%C3%B1os-abusados-1.jpg?resize=242%2C150&amp;ssl=1 242w, https:\/\/i0.wp.com\/eltrabajo.cl\/portal\/wp-content\/uploads\/2019\/11\/Ni%C3%B1os-abusados-1.jpg?resize=400%2C248&amp;ssl=1 400w\" sizes=\"auto, (max-width: 580px) 100vw, 580px\" \/><figcaption id=\"caption-attachment-95289\" class=\"wp-caption-text\">Las v\u00edctimas habr\u00edan sido abusadas sexualmente el a\u00f1o 2017 y 2018 en la comuna de Llay Llay. (Fotograf\u00eda Referencial).<\/figcaption><\/figure>\n","protected":false},"excerpt":{"rendered":"<p>Fiscal\u00eda persigue 10 a\u00f1os y un d\u00eda de internaci\u00f3n psiqui\u00e1trica: Proceso judicial se desarrolla en el Tribunal Oral en Lo Penal de San Felipe y podr\u00eda concluir ma\u00f1ana mi\u00e9rcoles. Durante la jornada&#8230;<\/p>\n","protected":false},"author":482,"featured_media":95289,"comment_status":"open","ping_status":"open","sticky":false,"template":"","format":"standard","meta":{"advanced_seo_description":"","jetpack_seo_html_title":"","jetpack_seo_noindex":false,"_jetpack_memberships_contains_paid_content":false,"footnotes":""},"categories":[97],"tags":[],"class_list":["post-95288","post","type-post","status-publish","format-standard","has-post-thumbnail","hentry","category-tribunales"],"jetpack_featured_media_url":"https:\/\/i0.wp.com\/eltrabajo.cl\/portal\/wp-content\/uploads\/2019\/11\/Ni%C3%B1os-abusados-1.jpg?fit=580%2C360&ssl=1","jetpack_sharing_enabled":true,"jetpack_likes_enabled":true,"jetpack-related-posts":[],"_links":{"self":[{"href":"https:\/\/eltrabajo.cl\/portal\/wp-json\/wp\/v2\/posts\/95288","targetHints":{"allow":["GET"]}}],"collection":[{"href":"https:\/\/eltrabajo.cl\/portal\/wp-json\/wp\/v2\/posts"}],"about":[{"href":"https:\/\/eltrabajo.cl\/portal\/wp-json\/wp\/v2\/types\/post"}],"author":[{"embeddable":true,"href":"https:\/\/eltrabajo.cl\/portal\/wp-json\/wp\/v2\/users\/482"}],"replies":[{"embeddable":true,"href":"https:\/\/eltrabajo.cl\/portal\/wp-json\/wp\/v2\/comments?post=95288"}],"version-history":[{"count":0,"href":"https:\/\/eltrabajo.cl\/portal\/wp-json\/wp\/v2\/posts\/95288\/revisions"}],"wp:featuredmedia":[{"embeddable":true,"href":"https:\/\/eltrabajo.cl\/portal\/wp-json\/wp\/v2\/media\/95289"}],"wp:attachment":[{"href":"https:\/\/eltrabajo.cl\/portal\/wp-json\/wp\/v2\/media?parent=95288"}],"wp:term":[{"taxonomy":"category","embeddable":true,"href":"https:\/\/eltrabajo.cl\/portal\/wp-json\/wp\/v2\/categories?post=95288"},{"taxonomy":"post_tag","embeddable":true,"href":"https:\/\/eltrabajo.cl\/portal\/wp-json\/wp\/v2\/tags?post=95288"}],"curies":[{"name":"wp","href":"https:\/\/api.w.org\/{rel}","templated":true}]}}