{"id":95291,"date":"2019-11-12T05:04:53","date_gmt":"2019-11-12T08:04:53","guid":{"rendered":"http:\/\/www.eltrabajo.cl\/portal\/?p=95291"},"modified":"2019-11-11T20:53:12","modified_gmt":"2019-11-11T23:53:12","slug":"vecinas-afectadas-por-incendio-en-abril-de-este-ano-aun-no-pueden-retomar-sus-vidas","status":"publish","type":"post","link":"https:\/\/eltrabajo.cl\/portal\/vecinas-afectadas-por-incendio-en-abril-de-este-ano-aun-no-pueden-retomar-sus-vidas\/","title":{"rendered":"Vecinas afectadas por incendio en abril de este a\u00f1o a\u00fan no pueden retomar sus vidas"},"content":{"rendered":"<p><span style=\"color: #ff0000;\"><strong>Fuego destruy\u00f3 11 departamentos en Villa Departamental:<\/strong><\/span><\/p>\n<ul>\n<li><strong>Fuertes cr\u00edticas a la municipalidad y el Serviu por ayuda comprometida que a\u00fan no han recibido.<\/strong><\/li>\n<\/ul>\n<p>Las vecinas Mar\u00eda Ordo\u00f1ez y Francisca Villalobos Pizarro, criticaron duramente a las autoridades tanto municipales como del Serviu, en el sentido que no han cumplido su compromiso de ayudarlas luego que un incendio ocurrido el d\u00eda 17 de abril en la madrugada, el que provocara da\u00f1os de consideraci\u00f3n en sus departamentos.<br \/>\n\u00abBueno, ocurri\u00f3 el 17 de abril en la madrugada y fue provocado en el lado de atr\u00e1s del segundo piso, y ah\u00ed empez\u00f3 a tomar los terceros pisos y nos toc\u00f3 a todos nosotros. Y en esos momentos lleg\u00f3, bueno, llegaron todos, lleg\u00f3 la televisi\u00f3n, a todo esto se van a enojar conmigo, pero bueno, qu\u00e9 le vamos a hacer, nos ofrecieron ayuda, que nos iban a ayudar. Empez\u00f3 a pasar el tiempo, pasaron semanas, pasaron dos meses y empezaron a arreglar lo que era techumbre, arreglaron solamente la techumbre y ah\u00ed quedamos. Yo fui a golpear varias puertas, fui al Serviu y me dijeron que s\u00ed, que me iban a otorgar ayuda en lo que es instalaci\u00f3n el\u00e9ctrica, que es lo que falta; bueno, artefactos del ba\u00f1o y las ventanas, pero eso es lo m\u00e1s m\u00ednimo. En estos momentos la instalaci\u00f3n el\u00e9ctrica es lo que m\u00e1s costo tiene, alt\u00edsimo, porque yo consult\u00e9 a varios t\u00e9cnicos certificados, as\u00ed es que la mano de obra sale 600 mil pesos m\u00e1s los materiales, entonces en estos momento estoy trabajando as\u00ed como espor\u00e1dicamente, bueno soy comerciante, el a\u00f1o pasado luch\u00e9, luch\u00e9, luch\u00e9, luch\u00e9 para que me renovaran el permiso, dijeron que no, que la ordenanza municipal, el per\u00edmetro central&#8230;, no quisieron renovar el permiso. As\u00ed es que estoy trabajando apatronada, que no me gusta, gano s\u00faper poco, pero ah\u00ed me las estoy dando vuelta, pero no me alcanza como para comprar materiales; yo tuviera c\u00f3mo hacerlo, yo lo hago, porque yo desde que ocurri\u00f3 todo el siniestro, yo nunca me he ido a parar a ninguna parte a decir \u2018oiga ayuden, oiga aqu\u00ed vengo a molestarlos de nuevo, no\u2019, y se lo voy a decir directamente, s\u00e9 que se van a molestar conmigo y todo, pero no me va a importar: No he ido desde que ocurri\u00f3 el incendio, nunca he ido a pararme a la municipalidad, a la puerta de la municipalidad, a la alcald\u00eda, a decirle se\u00f1or alcalde ay\u00fademe, usted dijo ese d\u00eda \u2018no te preocupes, lo vamos a arreglar lo antes posible\u2019, \u00bfqu\u00e9 hago yo con un departamento con techumbre y no tengo ning\u00fan enchufe, ni un interruptor, ni una ampolleta donde encender, \u00bfc\u00f3mo voy a vivir as\u00ed?, no puedo\u00bb.<br \/>\n<strong>&#8211; Nuestro medio vino ese d\u00eda<\/strong><br \/>\n&#8211; S\u00ed, si me acuerdo que vinieron ese d\u00eda e incluso hablamos de lo que hab\u00eda pasado ese d\u00eda, a las pocas horas de que hab\u00eda pasado todo, de que hab\u00eda ocurrido todo, como fue en la madrugada.<br \/>\n<strong>&#8211; \u00bfCu\u00e1l es la situaci\u00f3n, d\u00f3nde est\u00e1 viviendo?<\/strong><br \/>\n&#8211; \u00a1Ah!, estoy de acogida, para que no suene tan feo, estoy de acogida en la casa de&#8230; mi ex pareja, as\u00ed es que \u00e9l nos acogi\u00f3 igual, nosotros ten\u00edamos una relaci\u00f3n, en el verano se termin\u00f3, pero con los hechos que pasaron&#8230;<br \/>\n<strong>&#8211; Esas circunstancias.<\/strong><br \/>\n&#8211; Esas circunstancias, y bueno igual c\u00f3mo ser humano, \u00e9l se puso que terminamos en una buena relaci\u00f3n as\u00ed es que me dijo: \u00abNo guatona, no te \u2018preocup\u00ed\u2019, qu\u00e9date por mientras ac\u00e1\u00bb, pero mientras ac\u00e1&#8230; yo pens\u00e9 que iban a ser un par de meses, m\u00e1ximo tres meses, cosas as\u00ed, pero ya estamos a cu\u00e1nto.<br \/>\n<strong>&#8211; Oiga pero esa vez de la techumbre, \u00bfno recibi\u00f3 m\u00e1s ayuda?<\/strong><br \/>\n&#8211; Nada, nada.<br \/>\n<strong>&#8211; \u00bfNi una visita de un equipo de asistentes sociales?<\/strong><br \/>\n&#8211; No, nada.<br \/>\n<strong>&#8211; \u00bfO sea fue ese d\u00eda y nada m\u00e1s?<\/strong><br \/>\n&#8211; Nada m\u00e1s, puro ese d\u00eda, como para la foto&#8230; para la tele que vino (&#8230;) Ese d\u00eda le dije al muchacho, al caballero de la tele, que no era mala onda con ellos, pero a m\u00ed no me gustaba hacer estas cosas, yo me encuentro auto suficiente y no me gusta recibir ayuda, no me gusta pedir nada, pero qu\u00e9 es lo que pasa, yo se lo voy a decir directamente, yo no tengo boca cuando se me abre.<br \/>\n<strong>&#8211; En ese mismo sentido recuerdo que del Serviu tambi\u00e9n se comprometieron como para poder asumir ellos tambi\u00e9n algunos arreglos, \u00bfqu\u00e9 pasa con eso?<\/strong><br \/>\n&#8211; S\u00ed, yo fui varias veces a preguntar e incluso me dijeron \u00abno hay respuesta\u00bb. Me ve\u00edan en la puerta y me dec\u00edan: \u00abNo, no tenemos ninguna respuesta todav\u00eda\u00bb, ya voy a venir a consultar despu\u00e9s y resulta que lo \u00faltimo que me dijo, comet\u00ed el error de no preguntarle a la persona, una se\u00f1ora que me atendi\u00f3, que me dijo as\u00ed como en simples palabras, como que ellos hab\u00edan mandado unas cartas como pidiendo un apoyo, una cosa as\u00ed, que no hab\u00edan recibido ninguna respuesta, entonces no se pod\u00eda hacer nada, o sea yo le dije literalmente tengo que arreglarlo yo, me dijo: \u00abS\u00ed\u00bb.<br \/>\n<strong>&#8211; Redondeando, graficando su casa al interior, \u00bfno se puede habitar?<\/strong><br \/>\n&#8211; No, no porque no tengo artefactos del ba\u00f1o y no tengo ventanas, la pared no se puede, desde afuera se puede apreciar que la mitad est\u00e1 quemada, entonces \u00bfc\u00f3mo vivimos en una casa as\u00ed?<br \/>\n<strong>&#8211; \u00bfQu\u00e9 se puede hacer ahora?<\/strong><br \/>\n&#8211; No s\u00e9.<br \/>\n<strong>&#8211; \u00bfQu\u00e9 cumplan con la labor ellos?<\/strong><br \/>\n&#8211; Es que yo creo que si no lo hicieron en su momento, \u00bfc\u00f3mo lo van a hacer ahora?, bueno que cuando todo sale a la luz p\u00fablica, se hace.<br \/>\nRecuerda que el d\u00eda del accidente ella estaba con sus tres hijos y con su nieto m\u00e1s peque\u00f1o.<br \/>\n\u00abPr\u00e1cticamente estamos de allegados y hacinados porque estos departamentos son de dos dormitorios, est\u00e1n los tres ni\u00f1os y mi nieto, y m\u00e1s encima el pololo de mi hija\u00bb.<br \/>\nEn el caso de la vecina Francisca Villalobos Pizarro, no sufri\u00f3 da\u00f1os en su departamento, pero s\u00ed en el entretecho producto del humo y el calor: \u00abBueno, lo m\u00edo no se incendi\u00f3 el departamento, pero s\u00ed lo que es el entretecho, por el calor, el humo, se prendi\u00f3, entonces todo lo que es electricidad se me quem\u00f3, pero el departamento no, mientras los de la municipalidad les pregunt\u00e9, me dijeron que ellos no respond\u00edan con eso, que era todo particular y Chilquinta tambi\u00e9n\u00bb, se\u00f1al\u00f3.<br \/>\n<strong>&#8211; \u00bfO sea no han recibido ayuda?<\/strong><br \/>\n&#8211; No, no y nosotros hicimos cotizaciones por fuera y nos cobran 650 mil pesos, entonces es plata que uno no tiene, de a d\u00f3nde voy a sacar esa plata, y no hemos tenido respuesta, tuvimos una reuni\u00f3n con el alcalde aqu\u00ed y \u00e9l se comprometi\u00f3 a ayudarnos, a darnos una soluci\u00f3n a todos los que no ten\u00edamos luz, y la reuni\u00f3n fue hace cu\u00e1nto\u2026 hace mucho tiempo ya y no ha respondido, no ha llegado nada, me da rabia porque \u00e9l hizo un compromiso, fue en el invierno y nosotros tenemos hijos, no pod\u00edamos lavar.<br \/>\n<strong>&#8211; \u00bfPero tiene luz, agua todo eso?<\/strong><br \/>\n&#8211; No, el vecino me da un alargador y de ese alargador tengo que sacar luz.<br \/>\nCabe recordar que el d\u00eda del incendio se hizo presente el alcalde Patricio Freire Canto, por lo que pudimos apreciar, comprometiendo ayuda, la que no ha sido suficiente y hasta el momento estas vecinas a\u00fan no pueden retomar sus vidas normales.<\/p>\n<figure id=\"attachment_95292\" aria-describedby=\"caption-attachment-95292\" style=\"width: 580px\" class=\"wp-caption alignnone\"><img data-recalc-dims=\"1\" loading=\"lazy\" decoding=\"async\" class=\"size-full wp-image-95292\" src=\"https:\/\/i0.wp.com\/www.eltrabajo.cl\/portal\/wp-content\/uploads\/2019\/11\/vecinas-incendio-villa-departamental.jpg?resize=580%2C359\" alt=\"Seis hogares fueron destruidos por el fuego, en tanto otros cinco sufrieron da\u00f1os por efecto del agua el 17 de abril de este a\u00f1o en la Villa Departamental.\" width=\"580\" height=\"359\" srcset=\"https:\/\/i0.wp.com\/eltrabajo.cl\/portal\/wp-content\/uploads\/2019\/11\/vecinas-incendio-villa-departamental.jpg?w=580&amp;ssl=1 580w, https:\/\/i0.wp.com\/eltrabajo.cl\/portal\/wp-content\/uploads\/2019\/11\/vecinas-incendio-villa-departamental.jpg?resize=200%2C124&amp;ssl=1 200w, https:\/\/i0.wp.com\/eltrabajo.cl\/portal\/wp-content\/uploads\/2019\/11\/vecinas-incendio-villa-departamental.jpg?resize=300%2C186&amp;ssl=1 300w, https:\/\/i0.wp.com\/eltrabajo.cl\/portal\/wp-content\/uploads\/2019\/11\/vecinas-incendio-villa-departamental.jpg?resize=242%2C150&amp;ssl=1 242w, https:\/\/i0.wp.com\/eltrabajo.cl\/portal\/wp-content\/uploads\/2019\/11\/vecinas-incendio-villa-departamental.jpg?resize=400%2C248&amp;ssl=1 400w\" sizes=\"auto, (max-width: 580px) 100vw, 580px\" \/><figcaption id=\"caption-attachment-95292\" class=\"wp-caption-text\">Seis hogares fueron destruidos por el fuego, en tanto otros cinco sufrieron da\u00f1os por efecto del agua el 17 de abril de este a\u00f1o en la Villa Departamental.<\/figcaption><\/figure>\n<figure id=\"attachment_95293\" aria-describedby=\"caption-attachment-95293\" style=\"width: 580px\" class=\"wp-caption alignnone\"><img data-recalc-dims=\"1\" loading=\"lazy\" decoding=\"async\" class=\"size-full wp-image-95293\" src=\"https:\/\/i0.wp.com\/www.eltrabajo.cl\/portal\/wp-content\/uploads\/2019\/11\/vecinas-maria-ordo%C3%B1ez-francisca-villalobos.jpg?resize=580%2C359\" alt=\"De izquierda a derecha Mar\u00eda Ord\u00f3\u00f1ez y Francisca Villalobos Pizarro.\" width=\"580\" height=\"359\" srcset=\"https:\/\/i0.wp.com\/eltrabajo.cl\/portal\/wp-content\/uploads\/2019\/11\/vecinas-maria-ordo%C3%B1ez-francisca-villalobos.jpg?w=580&amp;ssl=1 580w, https:\/\/i0.wp.com\/eltrabajo.cl\/portal\/wp-content\/uploads\/2019\/11\/vecinas-maria-ordo%C3%B1ez-francisca-villalobos.jpg?resize=200%2C124&amp;ssl=1 200w, https:\/\/i0.wp.com\/eltrabajo.cl\/portal\/wp-content\/uploads\/2019\/11\/vecinas-maria-ordo%C3%B1ez-francisca-villalobos.jpg?resize=300%2C186&amp;ssl=1 300w, https:\/\/i0.wp.com\/eltrabajo.cl\/portal\/wp-content\/uploads\/2019\/11\/vecinas-maria-ordo%C3%B1ez-francisca-villalobos.jpg?resize=242%2C150&amp;ssl=1 242w, https:\/\/i0.wp.com\/eltrabajo.cl\/portal\/wp-content\/uploads\/2019\/11\/vecinas-maria-ordo%C3%B1ez-francisca-villalobos.jpg?resize=400%2C248&amp;ssl=1 400w\" sizes=\"auto, (max-width: 580px) 100vw, 580px\" \/><figcaption id=\"caption-attachment-95293\" class=\"wp-caption-text\">De izquierda a derecha Mar\u00eda Ord\u00f3\u00f1ez y Francisca Villalobos Pizarro.<\/figcaption><\/figure>\n","protected":false},"excerpt":{"rendered":"<p>Fuego destruy\u00f3 11 departamentos en Villa Departamental: Fuertes cr\u00edticas a la municipalidad y el Serviu por ayuda comprometida que a\u00fan no han recibido. Las vecinas Mar\u00eda Ordo\u00f1ez y Francisca Villalobos Pizarro, criticaron&#8230;<\/p>\n","protected":false},"author":482,"featured_media":95293,"comment_status":"open","ping_status":"open","sticky":false,"template":"","format":"standard","meta":{"advanced_seo_description":"","jetpack_seo_html_title":"","jetpack_seo_noindex":false,"_jetpack_memberships_contains_paid_content":false,"footnotes":""},"categories":[15],"tags":[],"class_list":["post-95291","post","type-post","status-publish","format-standard","has-post-thumbnail","hentry","category-comunidad"],"jetpack_featured_media_url":"https:\/\/i0.wp.com\/eltrabajo.cl\/portal\/wp-content\/uploads\/2019\/11\/vecinas-maria-ordo%C3%B1ez-francisca-villalobos.jpg?fit=580%2C359&ssl=1","jetpack_sharing_enabled":true,"jetpack_likes_enabled":true,"jetpack-related-posts":[],"_links":{"self":[{"href":"https:\/\/eltrabajo.cl\/portal\/wp-json\/wp\/v2\/posts\/95291","targetHints":{"allow":["GET"]}}],"collection":[{"href":"https:\/\/eltrabajo.cl\/portal\/wp-json\/wp\/v2\/posts"}],"about":[{"href":"https:\/\/eltrabajo.cl\/portal\/wp-json\/wp\/v2\/types\/post"}],"author":[{"embeddable":true,"href":"https:\/\/eltrabajo.cl\/portal\/wp-json\/wp\/v2\/users\/482"}],"replies":[{"embeddable":true,"href":"https:\/\/eltrabajo.cl\/portal\/wp-json\/wp\/v2\/comments?post=95291"}],"version-history":[{"count":0,"href":"https:\/\/eltrabajo.cl\/portal\/wp-json\/wp\/v2\/posts\/95291\/revisions"}],"wp:featuredmedia":[{"embeddable":true,"href":"https:\/\/eltrabajo.cl\/portal\/wp-json\/wp\/v2\/media\/95293"}],"wp:attachment":[{"href":"https:\/\/eltrabajo.cl\/portal\/wp-json\/wp\/v2\/media?parent=95291"}],"wp:term":[{"taxonomy":"category","embeddable":true,"href":"https:\/\/eltrabajo.cl\/portal\/wp-json\/wp\/v2\/categories?post=95291"},{"taxonomy":"post_tag","embeddable":true,"href":"https:\/\/eltrabajo.cl\/portal\/wp-json\/wp\/v2\/tags?post=95291"}],"curies":[{"name":"wp","href":"https:\/\/api.w.org\/{rel}","templated":true}]}}