{"id":95295,"date":"2019-11-12T05:05:26","date_gmt":"2019-11-12T08:05:26","guid":{"rendered":"http:\/\/www.eltrabajo.cl\/portal\/?p=95295"},"modified":"2019-11-11T20:55:07","modified_gmt":"2019-11-11T23:55:07","slug":"necesitan-12-dadores-de-sangre-para-joven-que-fue-apunalado-en-putaendo","status":"publish","type":"post","link":"https:\/\/eltrabajo.cl\/portal\/necesitan-12-dadores-de-sangre-para-joven-que-fue-apunalado-en-putaendo\/","title":{"rendered":"Necesitan 12 dadores de sangre para joven que fue apu\u00f1alado en Putaendo"},"content":{"rendered":"<p><span style=\"color: #ff0000;\"><strong>Paciente permanece grave en la UCI del Hospital San Camilo:<\/strong><\/span><\/p>\n<ul>\n<li><strong>Madre clama ayuda a la comunidad por el cr\u00edtico estado de salud del afectado de 29 a\u00f1os de edad, quien fue agredido con un arma blanca el pasado 4 de noviembre, cuyo agresor fue detenido y formalizado por homicidio frustrado.<\/strong><\/li>\n<\/ul>\n<p>Doce dadores de sangre necesita Juan Carlos Berr\u00edos Munizaga, de 29 de edad, quien permanece en estado grave en la UCI del Hospital San Camilo de San Felipe, luego que el pasado 5 de noviembre fue apu\u00f1alado por la espalda en el sector La Gruta en Putaendo, por un sujeto actualmente en prisi\u00f3n preventiva.<br \/>\nLa madre del afectado, Jacqueline Munizaga Espinoza, en entrevista con Diario El Trabajo formul\u00f3 un llamado a la comunidad, a quienes puedan donar sangre para su hijo en el Hospital San Camilo, expresando adem\u00e1s el angustiante estado que atraviesa la familia tras el violento ataque sufrido por Juan Carlos.<br \/>\n<strong>&#8211; \u00bfCu\u00e1l es el estado de salud de su hijo?<\/strong><br \/>\n&#8211; En estos momentos \u00e9l est\u00e1 con riesgo pulmonar, le dio neumon\u00eda por lo mismo, est\u00e1 con derrame, est\u00e1 entubado su pulm\u00f3n, con respiraci\u00f3n mec\u00e1nica, estable dentro de su gravedad. \u00c9l fue apu\u00f1alado por la espalda.<br \/>\n<strong>&#8211; \u00bfHa logrado saber qu\u00e9 es lo que ocurri\u00f3 ese d\u00eda?<\/strong><br \/>\n&#8211; No, no he podido hablar con \u00e9l sobre eso todav\u00eda.<br \/>\n<strong>&#8211; \u00bfNecesitan dadores de sangre?<\/strong><br \/>\n&#8211; Doce dadores de sangre estamos necesitando. Estamos s\u00faper mal como familia, sobre todo yo, mi hija, el pap\u00e1 que no trabaja bien por todo esto.<br \/>\n<strong>&#8211; \u00bfQu\u00e9 le han dicho los m\u00e9dicos, hay alguna evoluci\u00f3n?<\/strong><br \/>\n&#8211; Est\u00e1 estable, el tratamiento ha resultado exitoso, el problema que \u00e9l tiene es su pulm\u00f3n que est\u00e1 m\u00e1s da\u00f1ado, su coraz\u00f3n ha funcionado bien, el tratamiento bien, pero es su pulm\u00f3n el que tiene m\u00e1s complicado porque ha tenido pulmon\u00eda, derrame pulmonar. Por los eventos ha estado muy grave. El m\u00e9dico me dice que un d\u00eda puede amanecer bien, otro d\u00eda m\u00e1s mal porque es su reacci\u00f3n del pulm\u00f3n.<br \/>\n<strong>&#8211; \u00bfHan hecho cadenas de oraci\u00f3n?<\/strong><br \/>\n&#8211; S\u00ed, hemos hecho cadenas de oraci\u00f3n, mucha gente me ha ayudado en oraciones, hemos hecho hartas peticiones a Dios para que salga adelante, porque nadie tiene derecho a quitarle la vida a nadie.<br \/>\n<strong>&#8211; \u00bfEl agresor de su hijo est\u00e1 en la c\u00e1rcel?<\/strong><br \/>\n&#8211; S\u00ed, est\u00e1 detenido. Porque as\u00ed como le pas\u00f3 a mi hijo, le puede haber pasado a otro m\u00e1s.<br \/>\n<strong>&#8211; \u00bfUsted conoc\u00eda a esta persona?<\/strong><br \/>\n&#8211; No, no lo conozco.<br \/>\nLa entrevistada reiter\u00f3 el llamado a la comunidad, a quienes puedan donar sangre para su hijo, favor solicitar hora al tel\u00e9fono del Hospital San Camilo Fono: 342 49 34 28 a nombre del paciente UCI Juan Carlos Berr\u00edos Munizaga Rut: 17.300.884-8.<br \/>\n<strong>Pablo Salinas Sald\u00edas<\/strong><\/p>\n<figure id=\"attachment_95296\" aria-describedby=\"caption-attachment-95296\" style=\"width: 580px\" class=\"wp-caption alignnone\"><img data-recalc-dims=\"1\" loading=\"lazy\" decoding=\"async\" class=\"size-full wp-image-95296\" src=\"https:\/\/i0.wp.com\/www.eltrabajo.cl\/portal\/wp-content\/uploads\/2019\/11\/sangre-juan-carlos-berrios.jpg?resize=580%2C359\" alt=\"Juan Carlos Berr\u00edos Munizaga, de 29 a\u00f1os de edad, permanece grave en la UCI del Hospital San Camilo de San Felipe.\" width=\"580\" height=\"359\" srcset=\"https:\/\/i0.wp.com\/eltrabajo.cl\/portal\/wp-content\/uploads\/2019\/11\/sangre-juan-carlos-berrios.jpg?w=580&amp;ssl=1 580w, https:\/\/i0.wp.com\/eltrabajo.cl\/portal\/wp-content\/uploads\/2019\/11\/sangre-juan-carlos-berrios.jpg?resize=200%2C124&amp;ssl=1 200w, https:\/\/i0.wp.com\/eltrabajo.cl\/portal\/wp-content\/uploads\/2019\/11\/sangre-juan-carlos-berrios.jpg?resize=300%2C186&amp;ssl=1 300w, https:\/\/i0.wp.com\/eltrabajo.cl\/portal\/wp-content\/uploads\/2019\/11\/sangre-juan-carlos-berrios.jpg?resize=242%2C150&amp;ssl=1 242w, https:\/\/i0.wp.com\/eltrabajo.cl\/portal\/wp-content\/uploads\/2019\/11\/sangre-juan-carlos-berrios.jpg?resize=400%2C248&amp;ssl=1 400w\" sizes=\"auto, (max-width: 580px) 100vw, 580px\" \/><figcaption id=\"caption-attachment-95296\" class=\"wp-caption-text\">Juan Carlos Berr\u00edos Munizaga, de 29 a\u00f1os de edad, permanece grave en la UCI del Hospital San Camilo de San Felipe.<\/figcaption><\/figure>\n<figure id=\"attachment_95297\" aria-describedby=\"caption-attachment-95297\" style=\"width: 580px\" class=\"wp-caption alignnone\"><img data-recalc-dims=\"1\" loading=\"lazy\" decoding=\"async\" class=\"size-full wp-image-95297\" src=\"https:\/\/i0.wp.com\/www.eltrabajo.cl\/portal\/wp-content\/uploads\/2019\/11\/sangre-sitio-del-suceso-Putaendo.jpg?resize=580%2C360\" alt=\"La v\u00edctima fue agredida por la espalda con un cuchillo el pasado 4 de noviembre en el sector La Gruta de Putaendo.  El agresor fue detenido por Carabineros, siendo formalizado por la Fiscal\u00eda por homicidio frustrado.\" width=\"580\" height=\"360\" srcset=\"https:\/\/i0.wp.com\/eltrabajo.cl\/portal\/wp-content\/uploads\/2019\/11\/sangre-sitio-del-suceso-Putaendo.jpg?w=580&amp;ssl=1 580w, https:\/\/i0.wp.com\/eltrabajo.cl\/portal\/wp-content\/uploads\/2019\/11\/sangre-sitio-del-suceso-Putaendo.jpg?resize=200%2C124&amp;ssl=1 200w, https:\/\/i0.wp.com\/eltrabajo.cl\/portal\/wp-content\/uploads\/2019\/11\/sangre-sitio-del-suceso-Putaendo.jpg?resize=300%2C186&amp;ssl=1 300w, https:\/\/i0.wp.com\/eltrabajo.cl\/portal\/wp-content\/uploads\/2019\/11\/sangre-sitio-del-suceso-Putaendo.jpg?resize=242%2C150&amp;ssl=1 242w, https:\/\/i0.wp.com\/eltrabajo.cl\/portal\/wp-content\/uploads\/2019\/11\/sangre-sitio-del-suceso-Putaendo.jpg?resize=400%2C248&amp;ssl=1 400w\" sizes=\"auto, (max-width: 580px) 100vw, 580px\" \/><figcaption id=\"caption-attachment-95297\" class=\"wp-caption-text\">La v\u00edctima fue agredida por la espalda con un cuchillo el pasado 4 de noviembre en el sector La Gruta de Putaendo. El agresor fue detenido por Carabineros, siendo formalizado por la Fiscal\u00eda por homicidio frustrado.<\/figcaption><\/figure>\n","protected":false},"excerpt":{"rendered":"<p>Paciente permanece grave en la UCI del Hospital San Camilo: Madre clama ayuda a la comunidad por el cr\u00edtico estado de salud del afectado de 29 a\u00f1os de edad, quien fue agredido&#8230;<\/p>\n","protected":false},"author":482,"featured_media":95296,"comment_status":"open","ping_status":"open","sticky":false,"template":"","format":"standard","meta":{"advanced_seo_description":"","jetpack_seo_html_title":"","jetpack_seo_noindex":false,"_jetpack_memberships_contains_paid_content":false,"footnotes":""},"categories":[15],"tags":[],"class_list":["post-95295","post","type-post","status-publish","format-standard","has-post-thumbnail","hentry","category-comunidad"],"jetpack_featured_media_url":"https:\/\/i0.wp.com\/eltrabajo.cl\/portal\/wp-content\/uploads\/2019\/11\/sangre-juan-carlos-berrios.jpg?fit=580%2C359&ssl=1","jetpack_sharing_enabled":true,"jetpack_likes_enabled":true,"jetpack-related-posts":[],"_links":{"self":[{"href":"https:\/\/eltrabajo.cl\/portal\/wp-json\/wp\/v2\/posts\/95295","targetHints":{"allow":["GET"]}}],"collection":[{"href":"https:\/\/eltrabajo.cl\/portal\/wp-json\/wp\/v2\/posts"}],"about":[{"href":"https:\/\/eltrabajo.cl\/portal\/wp-json\/wp\/v2\/types\/post"}],"author":[{"embeddable":true,"href":"https:\/\/eltrabajo.cl\/portal\/wp-json\/wp\/v2\/users\/482"}],"replies":[{"embeddable":true,"href":"https:\/\/eltrabajo.cl\/portal\/wp-json\/wp\/v2\/comments?post=95295"}],"version-history":[{"count":0,"href":"https:\/\/eltrabajo.cl\/portal\/wp-json\/wp\/v2\/posts\/95295\/revisions"}],"wp:featuredmedia":[{"embeddable":true,"href":"https:\/\/eltrabajo.cl\/portal\/wp-json\/wp\/v2\/media\/95296"}],"wp:attachment":[{"href":"https:\/\/eltrabajo.cl\/portal\/wp-json\/wp\/v2\/media?parent=95295"}],"wp:term":[{"taxonomy":"category","embeddable":true,"href":"https:\/\/eltrabajo.cl\/portal\/wp-json\/wp\/v2\/categories?post=95295"},{"taxonomy":"post_tag","embeddable":true,"href":"https:\/\/eltrabajo.cl\/portal\/wp-json\/wp\/v2\/tags?post=95295"}],"curies":[{"name":"wp","href":"https:\/\/api.w.org\/{rel}","templated":true}]}}