{"id":95299,"date":"2019-11-12T05:07:15","date_gmt":"2019-11-12T08:07:15","guid":{"rendered":"http:\/\/www.eltrabajo.cl\/portal\/?p=95299"},"modified":"2019-11-11T20:57:12","modified_gmt":"2019-11-11T23:57:12","slug":"esta-a-punto-de-quedar-ciego-para-toda-la-vida-si-no-logra-que-lo-operen-pronto","status":"publish","type":"post","link":"https:\/\/eltrabajo.cl\/portal\/esta-a-punto-de-quedar-ciego-para-toda-la-vida-si-no-logra-que-lo-operen-pronto\/","title":{"rendered":"Est\u00e1 a punto de quedar ciego para toda la vida si no logra que lo operen pronto"},"content":{"rendered":"<p><span style=\"color: #ff0000;\"><strong>Ex trabajador agr\u00edcola critica la burocracia que existe:<\/strong><\/span><\/p>\n<p>Un verdadero drama est\u00e1 viviendo un ex trabajador agr\u00edcola de 59 a\u00f1os de edad, quien literalmente perdi\u00f3 la vista. Se trata de Francisco Lorca Contreras, quien por a\u00f1os trabaj\u00f3 en una empresa vin\u00edcola. Actualmente dice que apenas ve sombras. No le gusta mucho andar acompa\u00f1ado, porque se siente auto Valente. Lo m\u00e1s lamentable que debido a la burocracia deber\u00e1 seguir esperando una operaci\u00f3n a sus ojos que le devuelva un 85% de visi\u00f3n.<br \/>\n\u00abEstoy sin ver gracias al sistema burocr\u00e1tico que tenemos. Yo cuando me ten\u00eda que operar me encontraron un problema en el coraz\u00f3n y me hospitalizaron, le avis\u00e9 a la doctora Vargas que trabaja en medicina, que es una doctora peruana, ella hizo todas las gestiones y cuando mandaron un papel que mandan de medicina hacia oftalmolog\u00eda, ese papel nunca lleg\u00f3 a oftalmolog\u00eda, me dieron de alta y ahora en septiembre qued\u00e9 sano completamente de lo que ten\u00eda en el coraz\u00f3n, y ahora estoy esperando que me operen y aqu\u00ed estoy, como usted me ve, no veo casi nada, veo el 5%-10% y no he podido trabajar de diciembre y ah\u00ed estoy\u00bb, dice Francisco.<br \/>\n<strong>&#8211; \u00bfCu\u00e1ndo tienen que operarlo a usted?<\/strong><br \/>\n&#8211; Es que no tengo hora, aqu\u00ed ando con el papel de Fonasa que vine ahora y por lo que me ley\u00f3 el caballero, que yo tengo que seguir esperando, porque tienen que darle prioridad a los que ya estaban con n\u00famero para esta fecha. Tengo que esperar si hay alg\u00fan cupo, sino seguir esperando o sino hac\u00e9rmela particular.<br \/>\n<strong>&#8211; \u00bfCu\u00e1nto le sale particular?<\/strong><br \/>\n&#8211; Dos millones y medio de pesos, eso es lo que me sale porque me voy a tener que ver todos los ex\u00e1menes otra vez, y la operaci\u00f3n me sale 500 mil pesos de cada ojo, incluidos los lentes que me tienen que poner.<br \/>\n<strong>&#8211; Don Francisco, \u00bfesa operaci\u00f3n es fundamental para poder volver a ver o recuperar algo la vista?<\/strong><br \/>\n&#8211; S\u00ed, el m\u00e9dico que me estaba viendo en el hospital, que no s\u00e9 c\u00f3mo se llama, me dijo que yo iba a recuperar el 85% de mi visi\u00f3n.<br \/>\n<strong>&#8211; \u00bfCon esa operaci\u00f3n que est\u00e1 esperando usted de cu\u00e1ndo?<\/strong><br \/>\n&#8211; S\u00ed con esa operaci\u00f3n que estoy esperando, como le dec\u00eda yo ten\u00eda para agosto en el hospital, y desde el 23 de septiembre estoy esperando todav\u00eda y no tengo para cu\u00e1ndo, que fue cuando me dieron de alta la segunda vez.<br \/>\n<strong>&#8211; Es un verdadero problema para usted, porque en su momento vio, entreg\u00f3 su vida a una empresa.<\/strong><br \/>\n&#8211; S\u00ed, estaba trabajando cuando me empez\u00f3, me sucedi\u00f3.<br \/>\n<strong>&#8211; \u00bfC\u00f3mo le sucedi\u00f3 o empez\u00f3?<\/strong><br \/>\n&#8211; Como a ver borroso, a ver borroso no m\u00e1s, como mirarse en un espejo empa\u00f1ado, y fue un desprendimiento repentino de la enfermedad que tengo, la catarata, hacia mi visi\u00f3n y me dej\u00f3 desde diciembre hasta junio ya no pude hacer nada m\u00e1s.<br \/>\n<strong>&#8211; \u00bfEn qu\u00e9 trabajaba usted?<\/strong><br \/>\n&#8211; Yo soy trabajador agr\u00edcola, trabajaba en la empresa Concha y Toro, en la Cono Sur en realidad que es de la Concha y Toro vi\u00f1a y de ah\u00ed no pude trabajar m\u00e1s.<br \/>\n<strong>&#8211; \u00bfQu\u00e9 labor cumpl\u00eda?<\/strong><br \/>\n&#8211; Nosotros prest\u00e1bamos servicios, atend\u00edamos toda la vi\u00f1a, empez\u00e1bamos labores de poda hasta entregarla lista para la cosecha.<br \/>\n<strong>&#8211; \u00bfAh\u00ed comenz\u00f3 todo?<\/strong><br \/>\n&#8211; S\u00ed, ya en diciembre no pude trabajar m\u00e1s, trat\u00e9 de hacerlo ahora en mayo cuando entramos a la faena, pero ya no pude.<\/p>\n<figure id=\"attachment_95301\" aria-describedby=\"caption-attachment-95301\" style=\"width: 580px\" class=\"wp-caption alignnone\"><img data-recalc-dims=\"1\" loading=\"lazy\" decoding=\"async\" class=\"size-full wp-image-95301\" src=\"https:\/\/i0.wp.com\/www.eltrabajo.cl\/portal\/wp-content\/uploads\/2019\/11\/Francisco-Lorca-Contreras-afectado-por-la-ceguera..jpg?resize=580%2C358\" alt=\"Francisco Lorca Contreras, ex trabajador agr\u00edcola afectado.\" width=\"580\" height=\"358\" srcset=\"https:\/\/i0.wp.com\/eltrabajo.cl\/portal\/wp-content\/uploads\/2019\/11\/Francisco-Lorca-Contreras-afectado-por-la-ceguera..jpg?w=580&amp;ssl=1 580w, https:\/\/i0.wp.com\/eltrabajo.cl\/portal\/wp-content\/uploads\/2019\/11\/Francisco-Lorca-Contreras-afectado-por-la-ceguera..jpg?resize=200%2C123&amp;ssl=1 200w, https:\/\/i0.wp.com\/eltrabajo.cl\/portal\/wp-content\/uploads\/2019\/11\/Francisco-Lorca-Contreras-afectado-por-la-ceguera..jpg?resize=300%2C185&amp;ssl=1 300w, https:\/\/i0.wp.com\/eltrabajo.cl\/portal\/wp-content\/uploads\/2019\/11\/Francisco-Lorca-Contreras-afectado-por-la-ceguera..jpg?resize=243%2C150&amp;ssl=1 243w, https:\/\/i0.wp.com\/eltrabajo.cl\/portal\/wp-content\/uploads\/2019\/11\/Francisco-Lorca-Contreras-afectado-por-la-ceguera..jpg?resize=400%2C247&amp;ssl=1 400w\" sizes=\"auto, (max-width: 580px) 100vw, 580px\" \/><figcaption id=\"caption-attachment-95301\" class=\"wp-caption-text\">Francisco Lorca Contreras, ex trabajador agr\u00edcola afectado.<\/figcaption><\/figure>\n<figure id=\"attachment_95300\" aria-describedby=\"caption-attachment-95300\" style=\"width: 579px\" class=\"wp-caption alignnone\"><img data-recalc-dims=\"1\" loading=\"lazy\" decoding=\"async\" class=\"size-full wp-image-95300\" src=\"https:\/\/i0.wp.com\/www.eltrabajo.cl\/portal\/wp-content\/uploads\/2019\/11\/ciego-documento-fonasa.jpg?resize=579%2C742\" alt=\"Certificado entregado en Fonasa, donde se le indica que debe seguir esperando.\" width=\"579\" height=\"742\" srcset=\"https:\/\/i0.wp.com\/eltrabajo.cl\/portal\/wp-content\/uploads\/2019\/11\/ciego-documento-fonasa.jpg?w=579&amp;ssl=1 579w, https:\/\/i0.wp.com\/eltrabajo.cl\/portal\/wp-content\/uploads\/2019\/11\/ciego-documento-fonasa.jpg?resize=117%2C150&amp;ssl=1 117w, https:\/\/i0.wp.com\/eltrabajo.cl\/portal\/wp-content\/uploads\/2019\/11\/ciego-documento-fonasa.jpg?resize=234%2C300&amp;ssl=1 234w, https:\/\/i0.wp.com\/eltrabajo.cl\/portal\/wp-content\/uploads\/2019\/11\/ciego-documento-fonasa.jpg?resize=400%2C513&amp;ssl=1 400w\" sizes=\"auto, (max-width: 579px) 100vw, 579px\" \/><figcaption id=\"caption-attachment-95300\" class=\"wp-caption-text\">Certificado entregado en Fonasa, donde se le indica que debe seguir esperando.<\/figcaption><\/figure>\n","protected":false},"excerpt":{"rendered":"<p>Ex trabajador agr\u00edcola critica la burocracia que existe: Un verdadero drama est\u00e1 viviendo un ex trabajador agr\u00edcola de 59 a\u00f1os de edad, quien literalmente perdi\u00f3 la vista. Se trata de Francisco Lorca&#8230;<\/p>\n","protected":false},"author":482,"featured_media":95301,"comment_status":"open","ping_status":"open","sticky":false,"template":"","format":"standard","meta":{"advanced_seo_description":"","jetpack_seo_html_title":"","jetpack_seo_noindex":false,"_jetpack_memberships_contains_paid_content":false,"footnotes":""},"categories":[15],"tags":[],"class_list":["post-95299","post","type-post","status-publish","format-standard","has-post-thumbnail","hentry","category-comunidad"],"jetpack_featured_media_url":"https:\/\/i0.wp.com\/eltrabajo.cl\/portal\/wp-content\/uploads\/2019\/11\/Francisco-Lorca-Contreras-afectado-por-la-ceguera..jpg?fit=580%2C358&ssl=1","jetpack_sharing_enabled":true,"jetpack_likes_enabled":true,"jetpack-related-posts":[],"_links":{"self":[{"href":"https:\/\/eltrabajo.cl\/portal\/wp-json\/wp\/v2\/posts\/95299","targetHints":{"allow":["GET"]}}],"collection":[{"href":"https:\/\/eltrabajo.cl\/portal\/wp-json\/wp\/v2\/posts"}],"about":[{"href":"https:\/\/eltrabajo.cl\/portal\/wp-json\/wp\/v2\/types\/post"}],"author":[{"embeddable":true,"href":"https:\/\/eltrabajo.cl\/portal\/wp-json\/wp\/v2\/users\/482"}],"replies":[{"embeddable":true,"href":"https:\/\/eltrabajo.cl\/portal\/wp-json\/wp\/v2\/comments?post=95299"}],"version-history":[{"count":0,"href":"https:\/\/eltrabajo.cl\/portal\/wp-json\/wp\/v2\/posts\/95299\/revisions"}],"wp:featuredmedia":[{"embeddable":true,"href":"https:\/\/eltrabajo.cl\/portal\/wp-json\/wp\/v2\/media\/95301"}],"wp:attachment":[{"href":"https:\/\/eltrabajo.cl\/portal\/wp-json\/wp\/v2\/media?parent=95299"}],"wp:term":[{"taxonomy":"category","embeddable":true,"href":"https:\/\/eltrabajo.cl\/portal\/wp-json\/wp\/v2\/categories?post=95299"},{"taxonomy":"post_tag","embeddable":true,"href":"https:\/\/eltrabajo.cl\/portal\/wp-json\/wp\/v2\/tags?post=95299"}],"curies":[{"name":"wp","href":"https:\/\/api.w.org\/{rel}","templated":true}]}}