{"id":95315,"date":"2019-11-12T18:33:52","date_gmt":"2019-11-12T21:33:52","guid":{"rendered":"http:\/\/www.eltrabajo.cl\/portal\/?p=95315"},"modified":"2019-11-12T18:33:48","modified_gmt":"2019-11-12T21:33:48","slug":"destruyen-e-incendian-oficinas-y-casetas-de-peaje-las-vegas-de-llay-llay","status":"publish","type":"post","link":"https:\/\/eltrabajo.cl\/portal\/destruyen-e-incendian-oficinas-y-casetas-de-peaje-las-vegas-de-llay-llay\/","title":{"rendered":"Destruyen e incendian oficinas y casetas de Peaje Las Vegas de Llay Llay"},"content":{"rendered":"<p><span style=\"color: #ff0000;\"><strong>Segundo ataque tras estallido social:<\/strong><\/span><\/p>\n<ul>\n<li><strong>Grupo de encapuchados concurri\u00f3 hasta las dependencias emplazadas en la ruta 5 Norte durante la jornada de hoy martes.<\/strong><\/li>\n<\/ul>\n<p>Completamente destruida e incendiada resultaron las oficinas y habit\u00e1culos de cobro del Peaje Las Vegas hoy martes, luego que un alto n\u00famero de manifestantes encapuchados encendieran fuego a las instalaciones ubicadas en la ruta 5 Norte en Llay Llay.<\/p>\n<p>Los registros audiovisuales dan cuenta de este violento accionar, confirm\u00e1ndose que los sujetos a rostro cubierto destruyeron las casetas aplicando presumiblemente alg\u00fan tipo de acelerante para originar r\u00e1pidamente el fuego.<\/p>\n<p>Esta misma situaci\u00f3n ocurri\u00f3 en las oficinas administrativas que fueron destruidas, origin\u00e1ndose intensas llamas desde el interior.<\/p>\n<p>El ataque incendiario es el segundo que se registra en el Peaje Las Vegas de Llay Llay, desde que inici\u00f3 el estallido social en nuestro pa\u00eds.<\/p>\n<p><strong>Pablo Salinas Sald\u00edas<\/strong><\/p>\n<figure id=\"attachment_95322\" aria-describedby=\"caption-attachment-95322\" style=\"width: 580px\" class=\"wp-caption alignnone\"><img data-recalc-dims=\"1\" loading=\"lazy\" decoding=\"async\" class=\"size-full wp-image-95322\" src=\"https:\/\/i0.wp.com\/www.eltrabajo.cl\/portal\/wp-content\/uploads\/2019\/11\/peaje-2.jpg?resize=580%2C360\" alt=\"Las casetas de cobro del peaje fueron destruidas e incendiadas.\" width=\"580\" height=\"360\" srcset=\"https:\/\/i0.wp.com\/eltrabajo.cl\/portal\/wp-content\/uploads\/2019\/11\/peaje-2.jpg?w=580&amp;ssl=1 580w, https:\/\/i0.wp.com\/eltrabajo.cl\/portal\/wp-content\/uploads\/2019\/11\/peaje-2.jpg?resize=200%2C124&amp;ssl=1 200w, https:\/\/i0.wp.com\/eltrabajo.cl\/portal\/wp-content\/uploads\/2019\/11\/peaje-2.jpg?resize=300%2C186&amp;ssl=1 300w, https:\/\/i0.wp.com\/eltrabajo.cl\/portal\/wp-content\/uploads\/2019\/11\/peaje-2.jpg?resize=242%2C150&amp;ssl=1 242w, https:\/\/i0.wp.com\/eltrabajo.cl\/portal\/wp-content\/uploads\/2019\/11\/peaje-2.jpg?resize=400%2C248&amp;ssl=1 400w\" sizes=\"auto, (max-width: 580px) 100vw, 580px\" \/><figcaption id=\"caption-attachment-95322\" class=\"wp-caption-text\">Las casetas de cobro del peaje fueron destruidas e incendiadas.<\/figcaption><\/figure>\n<figure id=\"attachment_95323\" aria-describedby=\"caption-attachment-95323\" style=\"width: 580px\" class=\"wp-caption alignnone\"><img data-recalc-dims=\"1\" loading=\"lazy\" decoding=\"async\" class=\"size-full wp-image-95323\" src=\"https:\/\/i0.wp.com\/www.eltrabajo.cl\/portal\/wp-content\/uploads\/2019\/11\/peaje-3.jpg?resize=580%2C360\" alt=\"Un grupo de manifestantes se encontraba en la Ruta 5 Norte durante la jornada de ayer martes.\" width=\"580\" height=\"360\" srcset=\"https:\/\/i0.wp.com\/eltrabajo.cl\/portal\/wp-content\/uploads\/2019\/11\/peaje-3.jpg?w=580&amp;ssl=1 580w, https:\/\/i0.wp.com\/eltrabajo.cl\/portal\/wp-content\/uploads\/2019\/11\/peaje-3.jpg?resize=200%2C124&amp;ssl=1 200w, https:\/\/i0.wp.com\/eltrabajo.cl\/portal\/wp-content\/uploads\/2019\/11\/peaje-3.jpg?resize=300%2C186&amp;ssl=1 300w, https:\/\/i0.wp.com\/eltrabajo.cl\/portal\/wp-content\/uploads\/2019\/11\/peaje-3.jpg?resize=242%2C150&amp;ssl=1 242w, https:\/\/i0.wp.com\/eltrabajo.cl\/portal\/wp-content\/uploads\/2019\/11\/peaje-3.jpg?resize=400%2C248&amp;ssl=1 400w\" sizes=\"auto, (max-width: 580px) 100vw, 580px\" \/><figcaption id=\"caption-attachment-95323\" class=\"wp-caption-text\">Un grupo de manifestantes se encontraba en la Ruta 5 Norte durante la jornada de ayer martes.<\/figcaption><\/figure>\n<figure id=\"attachment_95321\" aria-describedby=\"caption-attachment-95321\" style=\"width: 580px\" class=\"wp-caption alignnone\"><img data-recalc-dims=\"1\" loading=\"lazy\" decoding=\"async\" class=\"size-full wp-image-95321\" src=\"https:\/\/i0.wp.com\/www.eltrabajo.cl\/portal\/wp-content\/uploads\/2019\/11\/peaje-1.jpg?resize=580%2C359\" alt=\"Encapuchados incendiaron las oficinas administrativas del Peaje Las Vegas de Llay Llay.\" width=\"580\" height=\"359\" srcset=\"https:\/\/i0.wp.com\/eltrabajo.cl\/portal\/wp-content\/uploads\/2019\/11\/peaje-1.jpg?w=580&amp;ssl=1 580w, https:\/\/i0.wp.com\/eltrabajo.cl\/portal\/wp-content\/uploads\/2019\/11\/peaje-1.jpg?resize=200%2C124&amp;ssl=1 200w, https:\/\/i0.wp.com\/eltrabajo.cl\/portal\/wp-content\/uploads\/2019\/11\/peaje-1.jpg?resize=300%2C186&amp;ssl=1 300w, https:\/\/i0.wp.com\/eltrabajo.cl\/portal\/wp-content\/uploads\/2019\/11\/peaje-1.jpg?resize=242%2C150&amp;ssl=1 242w, https:\/\/i0.wp.com\/eltrabajo.cl\/portal\/wp-content\/uploads\/2019\/11\/peaje-1.jpg?resize=400%2C248&amp;ssl=1 400w\" sizes=\"auto, (max-width: 580px) 100vw, 580px\" \/><figcaption id=\"caption-attachment-95321\" class=\"wp-caption-text\">Encapuchados incendiaron las oficinas administrativas del Peaje Las Vegas de Llay Llay.<\/figcaption><\/figure>\n","protected":false},"excerpt":{"rendered":"<p>Segundo ataque tras estallido social: Grupo de encapuchados concurri\u00f3 hasta las dependencias emplazadas en la ruta 5 Norte durante la jornada de hoy martes. Completamente destruida e incendiada resultaron las oficinas y&#8230;<\/p>\n","protected":false},"author":482,"featured_media":95322,"comment_status":"open","ping_status":"open","sticky":false,"template":"","format":"standard","meta":{"advanced_seo_description":"","jetpack_seo_html_title":"","jetpack_seo_noindex":false,"_jetpack_memberships_contains_paid_content":false,"footnotes":""},"categories":[21],"tags":[],"class_list":["post-95315","post","type-post","status-publish","format-standard","has-post-thumbnail","hentry","category-policial"],"jetpack_featured_media_url":"https:\/\/i0.wp.com\/eltrabajo.cl\/portal\/wp-content\/uploads\/2019\/11\/peaje-2.jpg?fit=580%2C360&ssl=1","jetpack_sharing_enabled":true,"jetpack_likes_enabled":true,"jetpack-related-posts":[],"_links":{"self":[{"href":"https:\/\/eltrabajo.cl\/portal\/wp-json\/wp\/v2\/posts\/95315","targetHints":{"allow":["GET"]}}],"collection":[{"href":"https:\/\/eltrabajo.cl\/portal\/wp-json\/wp\/v2\/posts"}],"about":[{"href":"https:\/\/eltrabajo.cl\/portal\/wp-json\/wp\/v2\/types\/post"}],"author":[{"embeddable":true,"href":"https:\/\/eltrabajo.cl\/portal\/wp-json\/wp\/v2\/users\/482"}],"replies":[{"embeddable":true,"href":"https:\/\/eltrabajo.cl\/portal\/wp-json\/wp\/v2\/comments?post=95315"}],"version-history":[{"count":0,"href":"https:\/\/eltrabajo.cl\/portal\/wp-json\/wp\/v2\/posts\/95315\/revisions"}],"wp:featuredmedia":[{"embeddable":true,"href":"https:\/\/eltrabajo.cl\/portal\/wp-json\/wp\/v2\/media\/95322"}],"wp:attachment":[{"href":"https:\/\/eltrabajo.cl\/portal\/wp-json\/wp\/v2\/media?parent=95315"}],"wp:term":[{"taxonomy":"category","embeddable":true,"href":"https:\/\/eltrabajo.cl\/portal\/wp-json\/wp\/v2\/categories?post=95315"},{"taxonomy":"post_tag","embeddable":true,"href":"https:\/\/eltrabajo.cl\/portal\/wp-json\/wp\/v2\/tags?post=95315"}],"curies":[{"name":"wp","href":"https:\/\/api.w.org\/{rel}","templated":true}]}}