{"id":95332,"date":"2019-11-12T18:34:44","date_gmt":"2019-11-12T21:34:44","guid":{"rendered":"http:\/\/www.eltrabajo.cl\/portal\/?p=95332"},"modified":"2019-11-12T18:33:38","modified_gmt":"2019-11-12T21:33:38","slug":"mas-de-5-000-personas-marcharon-este-medio-dia-por-calles-y-alamedas-de-san-felipe","status":"publish","type":"post","link":"https:\/\/eltrabajo.cl\/portal\/mas-de-5-000-personas-marcharon-este-medio-dia-por-calles-y-alamedas-de-san-felipe\/","title":{"rendered":"M\u00e1s de 5.000 personas marcharon este medio d\u00eda por calles y alamedas de San Felipe"},"content":{"rendered":"<p>Como nunca antes en el Valle de Aconcagua las Fuerzas Vivas se tomaron las c\u00e9ntricas calles de San Felipe, fueron miles de personas las que este martes desde tempranas horas de la ma\u00f1ana paralizaron la ciudad, situaci\u00f3n que \u00a0tambi\u00e9n se vivi\u00f3 a nivel nacional.<\/p>\n<p>Las c\u00e1maras de <strong>Diario El Trabajo<\/strong> recorrieron paso a paso la ruta trazada para la primera marcha convocada a las 11:00 horas, misma que parti\u00f3 desde la esquina de la cancha de tenis, bajaron por Avenida Chacabuco y continuaron por Maip\u00fa hacia calle Merced.<\/p>\n<p>El ambiente fue pac\u00edfico, sin ataques a los edificios o locales comerciales. Lo cierto del caso es que como medio de comunicaci\u00f3n podemos certificar que fue la m\u00e1s multitudinaria convocatoria vista en San Felipe desde que el 18 de octubre pasado iniciaron las protestas en Chile.<\/p>\n<p>Luego la multitud subi\u00f3 por calle Merced, la mayor\u00eda de locales estaban cerrados, un grupo de motoqueros encabezaban la caravana rugiendo sus estridentes motores y generando gran cantidad de humo al quemar las llantas en el pavimento. Hubo participaci\u00f3n de personas de todas las edades, guaguas chicas eran llevadas en brazos, otros en coche, algunos en bicicleta y caminando. Al pasar los marchantes por los sectores populosos de nuestra ciudad, muchos vecinos salieron para ofrecerles agua o alguna bebida para refrescarse.<\/p>\n<p>Al final de la jornada, cerca de las 13:00 horas, la muchedumbre se concentr\u00f3 en la Plaza C\u00edvica, saltaron, prendieron fuego a unos cartones y se tomaron pac\u00edficamente la Plaza de Armas, hasta que poco a poco cada uno se dispuso a regresar a sus hogares. Algunos en cambio se quedaron a la espera de la marcha anunciada para las 19:00 horas.<\/p>\n<p>&nbsp;<\/p>\n<p><span style=\"color: #ff0000;\"><strong>PROFES EN MARCHA<\/strong><\/span><\/p>\n<p><strong>Diario El Trabajo<\/strong> habl\u00f3 con el presidente del Colegio Provincial de Profesores de San Felipe, <strong>Juan Iturrieta<\/strong>, quien se refiri\u00f3 a la participaci\u00f3n de los profesores en esta jornada: <em>\u00abLa convocatoria de este martes de los profesores se hizo a nivel nacional, por lo que San Felipe como cabeza de provincia tambi\u00e9n respondi\u00f3 a este llamado con todos los profesores de la comuna y de otras del valle. Llegaron colegas de Putaendo, Llay Llay, Catemu, Santa Mar\u00eda y Panquehue, pr\u00e1cticamente de todo el valle. Adem\u00e1s en esta convocatoria no solamente estamos los profesores, tambi\u00e9n estamos todos los que trabajamos en Educaci\u00f3n, asistentes y auxiliares; este fue un llamado de Educaci\u00f3n <\/em>(\u2026) <em>Muy satisfecho de la forma en que se desarroll\u00f3 la manifestaci\u00f3n, no hubo provocaciones ni disturbios, porque el Pueblo de Chile y nosotros especialmente ac\u00e1 en San Felipe quisimos demostrar nuestra situaci\u00f3n de controversia que tenemos con todas estas cosas que tenemos en nuestro pa\u00eds, pero lo hicimos de una forma sana y en una forma en que ya es un decir de muchos que en nuestro pa\u00eds y en San Felipe tambi\u00e9n estamos despertando<\/em>\u00bb, dijo Iturrieta.<\/p>\n<p>Importante destacar que el sector Salud tambi\u00e9n se pleg\u00f3 al movimiento. Hasta el cierre de esta nota period\u00edstica no se hab\u00edan presentado disturbios ni interacci\u00f3n entre Carabineros y manifestantes en la ciudad de San Felipe.<\/p>\n<p><strong>Roberto Gonz\u00e1lez Short<\/strong><\/p>\n<figure id=\"attachment_95333\" aria-describedby=\"caption-attachment-95333\" style=\"width: 580px\" class=\"wp-caption alignnone\"><img data-recalc-dims=\"1\" loading=\"lazy\" decoding=\"async\" class=\"size-full wp-image-95333\" src=\"https:\/\/i0.wp.com\/www.eltrabajo.cl\/portal\/wp-content\/uploads\/2019\/11\/Marchas1-1.jpg?resize=580%2C359\" alt=\"FUERZA SINDICAL.- Sindicatos de todas partes del Valle de Aconcagua tambi\u00e9n se hicieron sentir en la mega marcha de hoy martes en la ciudad de San Felipe.\" width=\"580\" height=\"359\" srcset=\"https:\/\/i0.wp.com\/eltrabajo.cl\/portal\/wp-content\/uploads\/2019\/11\/Marchas1-1.jpg?w=580&amp;ssl=1 580w, https:\/\/i0.wp.com\/eltrabajo.cl\/portal\/wp-content\/uploads\/2019\/11\/Marchas1-1.jpg?resize=200%2C124&amp;ssl=1 200w, https:\/\/i0.wp.com\/eltrabajo.cl\/portal\/wp-content\/uploads\/2019\/11\/Marchas1-1.jpg?resize=300%2C186&amp;ssl=1 300w, https:\/\/i0.wp.com\/eltrabajo.cl\/portal\/wp-content\/uploads\/2019\/11\/Marchas1-1.jpg?resize=242%2C150&amp;ssl=1 242w, https:\/\/i0.wp.com\/eltrabajo.cl\/portal\/wp-content\/uploads\/2019\/11\/Marchas1-1.jpg?resize=400%2C248&amp;ssl=1 400w\" sizes=\"auto, (max-width: 580px) 100vw, 580px\" \/><figcaption id=\"caption-attachment-95333\" class=\"wp-caption-text\">FUERZA SINDICAL.- Sindicatos de todas partes del Valle de Aconcagua tambi\u00e9n se hicieron sentir en la mega marcha de hoy martes en la ciudad de San Felipe.<\/figcaption><\/figure>\n<figure id=\"attachment_95334\" aria-describedby=\"caption-attachment-95334\" style=\"width: 580px\" class=\"wp-caption alignnone\"><img data-recalc-dims=\"1\" loading=\"lazy\" decoding=\"async\" class=\"size-full wp-image-95334\" src=\"https:\/\/i0.wp.com\/www.eltrabajo.cl\/portal\/wp-content\/uploads\/2019\/11\/Marchas2-1.jpg?resize=580%2C360\" alt=\"PROFES EN LA LUCHA.- Algunos colegios particulares y municipalizados no impartieron clases, pues sus docentes dedicaron su d\u00eda a protestar en tanto los alumnos no tuvieron locomoci\u00f3n.\" width=\"580\" height=\"360\" srcset=\"https:\/\/i0.wp.com\/eltrabajo.cl\/portal\/wp-content\/uploads\/2019\/11\/Marchas2-1.jpg?w=580&amp;ssl=1 580w, https:\/\/i0.wp.com\/eltrabajo.cl\/portal\/wp-content\/uploads\/2019\/11\/Marchas2-1.jpg?resize=200%2C124&amp;ssl=1 200w, https:\/\/i0.wp.com\/eltrabajo.cl\/portal\/wp-content\/uploads\/2019\/11\/Marchas2-1.jpg?resize=300%2C186&amp;ssl=1 300w, https:\/\/i0.wp.com\/eltrabajo.cl\/portal\/wp-content\/uploads\/2019\/11\/Marchas2-1.jpg?resize=242%2C150&amp;ssl=1 242w, https:\/\/i0.wp.com\/eltrabajo.cl\/portal\/wp-content\/uploads\/2019\/11\/Marchas2-1.jpg?resize=400%2C248&amp;ssl=1 400w\" sizes=\"auto, (max-width: 580px) 100vw, 580px\" \/><figcaption id=\"caption-attachment-95334\" class=\"wp-caption-text\">PROFES EN LA LUCHA.- Algunos colegios particulares y municipalizados no impartieron clases, pues sus docentes dedicaron su d\u00eda a protestar en tanto los alumnos no tuvieron locomoci\u00f3n.<\/figcaption><\/figure>\n<figure id=\"attachment_95335\" aria-describedby=\"caption-attachment-95335\" style=\"width: 580px\" class=\"wp-caption alignnone\"><img data-recalc-dims=\"1\" loading=\"lazy\" decoding=\"async\" class=\"size-full wp-image-95335\" src=\"https:\/\/i0.wp.com\/www.eltrabajo.cl\/portal\/wp-content\/uploads\/2019\/11\/Marchas3.jpg?resize=580%2C359\" alt=\"NO M\u00c1S BALINES.- Estas profesionales del sector Salud se consolidaron con Gustavo Gatica, un joven que sigue sufriendo en carne viva la p\u00e9rdida de uno de sus ojos.\" width=\"580\" height=\"359\" srcset=\"https:\/\/i0.wp.com\/eltrabajo.cl\/portal\/wp-content\/uploads\/2019\/11\/Marchas3.jpg?w=580&amp;ssl=1 580w, https:\/\/i0.wp.com\/eltrabajo.cl\/portal\/wp-content\/uploads\/2019\/11\/Marchas3.jpg?resize=200%2C124&amp;ssl=1 200w, https:\/\/i0.wp.com\/eltrabajo.cl\/portal\/wp-content\/uploads\/2019\/11\/Marchas3.jpg?resize=300%2C186&amp;ssl=1 300w, https:\/\/i0.wp.com\/eltrabajo.cl\/portal\/wp-content\/uploads\/2019\/11\/Marchas3.jpg?resize=242%2C150&amp;ssl=1 242w, https:\/\/i0.wp.com\/eltrabajo.cl\/portal\/wp-content\/uploads\/2019\/11\/Marchas3.jpg?resize=400%2C248&amp;ssl=1 400w\" sizes=\"auto, (max-width: 580px) 100vw, 580px\" \/><figcaption id=\"caption-attachment-95335\" class=\"wp-caption-text\">NO M\u00c1S BALINES.- Estas profesionales del sector Salud se consolidaron con Gustavo Gatica, un joven que sigue sufriendo en carne viva la p\u00e9rdida de uno de sus ojos.<\/figcaption><\/figure>\n<figure id=\"attachment_95336\" aria-describedby=\"caption-attachment-95336\" style=\"width: 580px\" class=\"wp-caption alignnone\"><img data-recalc-dims=\"1\" loading=\"lazy\" decoding=\"async\" class=\"size-full wp-image-95336\" src=\"https:\/\/i0.wp.com\/www.eltrabajo.cl\/portal\/wp-content\/uploads\/2019\/11\/Marchas4-1.jpg?resize=580%2C359\" alt=\"A HONORARIOS.- Los trabajadores a Honorarios de la Municipalidad de San Felipe, una inmensa mayor\u00eda, tambi\u00e9n se empoderaron durante la marcha.\" width=\"580\" height=\"359\" srcset=\"https:\/\/i0.wp.com\/eltrabajo.cl\/portal\/wp-content\/uploads\/2019\/11\/Marchas4-1.jpg?w=580&amp;ssl=1 580w, https:\/\/i0.wp.com\/eltrabajo.cl\/portal\/wp-content\/uploads\/2019\/11\/Marchas4-1.jpg?resize=200%2C124&amp;ssl=1 200w, https:\/\/i0.wp.com\/eltrabajo.cl\/portal\/wp-content\/uploads\/2019\/11\/Marchas4-1.jpg?resize=300%2C186&amp;ssl=1 300w, https:\/\/i0.wp.com\/eltrabajo.cl\/portal\/wp-content\/uploads\/2019\/11\/Marchas4-1.jpg?resize=242%2C150&amp;ssl=1 242w, https:\/\/i0.wp.com\/eltrabajo.cl\/portal\/wp-content\/uploads\/2019\/11\/Marchas4-1.jpg?resize=400%2C248&amp;ssl=1 400w\" sizes=\"auto, (max-width: 580px) 100vw, 580px\" \/><figcaption id=\"caption-attachment-95336\" class=\"wp-caption-text\">A HONORARIOS.- Los trabajadores a Honorarios de la Municipalidad de San Felipe, una inmensa mayor\u00eda, tambi\u00e9n se empoderaron durante la marcha.<\/figcaption><\/figure>\n<figure id=\"attachment_95337\" aria-describedby=\"caption-attachment-95337\" style=\"width: 580px\" class=\"wp-caption alignnone\"><img data-recalc-dims=\"1\" loading=\"lazy\" decoding=\"async\" class=\"size-full wp-image-95337\" src=\"https:\/\/i0.wp.com\/www.eltrabajo.cl\/portal\/wp-content\/uploads\/2019\/11\/Marchas5-1.jpg?resize=580%2C360\" alt=\"PROFES COLEGIADOS.- El Colegio de Profesores Provincial San Felipe lider\u00f3 tambi\u00e9n este movimiento nacional.\" width=\"580\" height=\"360\" srcset=\"https:\/\/i0.wp.com\/eltrabajo.cl\/portal\/wp-content\/uploads\/2019\/11\/Marchas5-1.jpg?w=580&amp;ssl=1 580w, https:\/\/i0.wp.com\/eltrabajo.cl\/portal\/wp-content\/uploads\/2019\/11\/Marchas5-1.jpg?resize=200%2C124&amp;ssl=1 200w, https:\/\/i0.wp.com\/eltrabajo.cl\/portal\/wp-content\/uploads\/2019\/11\/Marchas5-1.jpg?resize=300%2C186&amp;ssl=1 300w, https:\/\/i0.wp.com\/eltrabajo.cl\/portal\/wp-content\/uploads\/2019\/11\/Marchas5-1.jpg?resize=242%2C150&amp;ssl=1 242w, https:\/\/i0.wp.com\/eltrabajo.cl\/portal\/wp-content\/uploads\/2019\/11\/Marchas5-1.jpg?resize=400%2C248&amp;ssl=1 400w\" sizes=\"auto, (max-width: 580px) 100vw, 580px\" \/><figcaption id=\"caption-attachment-95337\" class=\"wp-caption-text\">PROFES COLEGIADOS.- El Colegio de Profesores Provincial San Felipe lider\u00f3 tambi\u00e9n este movimiento nacional.<\/figcaption><\/figure>\n<figure id=\"attachment_95339\" aria-describedby=\"caption-attachment-95339\" style=\"width: 580px\" class=\"wp-caption alignnone\"><img data-recalc-dims=\"1\" loading=\"lazy\" decoding=\"async\" class=\"size-full wp-image-95339\" src=\"https:\/\/i0.wp.com\/www.eltrabajo.cl\/portal\/wp-content\/uploads\/2019\/11\/Marchas7.jpg?resize=580%2C360\" alt=\"El Colegio de Profesores de Putaendo atendi\u00f3 este llamado, nadie qued\u00f3 indiferente este martes con las problem\u00e1ticas del pa\u00eds.\" width=\"580\" height=\"360\" srcset=\"https:\/\/i0.wp.com\/eltrabajo.cl\/portal\/wp-content\/uploads\/2019\/11\/Marchas7.jpg?w=580&amp;ssl=1 580w, https:\/\/i0.wp.com\/eltrabajo.cl\/portal\/wp-content\/uploads\/2019\/11\/Marchas7.jpg?resize=200%2C124&amp;ssl=1 200w, https:\/\/i0.wp.com\/eltrabajo.cl\/portal\/wp-content\/uploads\/2019\/11\/Marchas7.jpg?resize=300%2C186&amp;ssl=1 300w, https:\/\/i0.wp.com\/eltrabajo.cl\/portal\/wp-content\/uploads\/2019\/11\/Marchas7.jpg?resize=242%2C150&amp;ssl=1 242w, https:\/\/i0.wp.com\/eltrabajo.cl\/portal\/wp-content\/uploads\/2019\/11\/Marchas7.jpg?resize=400%2C248&amp;ssl=1 400w\" sizes=\"auto, (max-width: 580px) 100vw, 580px\" \/><figcaption id=\"caption-attachment-95339\" class=\"wp-caption-text\">El Colegio de Profesores de Putaendo atendi\u00f3 este llamado, nadie qued\u00f3 indiferente este martes con las problem\u00e1ticas del pa\u00eds.<\/figcaption><\/figure>\n<figure id=\"attachment_95340\" aria-describedby=\"caption-attachment-95340\" style=\"width: 580px\" class=\"wp-caption alignnone\"><img data-recalc-dims=\"1\" loading=\"lazy\" decoding=\"async\" class=\"size-full wp-image-95340\" src=\"https:\/\/i0.wp.com\/www.eltrabajo.cl\/portal\/wp-content\/uploads\/2019\/11\/Marchas8.jpg?resize=580%2C359\" alt=\"MENSAJES DIRECTOS.- Como se muestra en esta gr\u00e1fica, los ciudadanos se pronuncian con fuerza y mensajes muy directos.\" width=\"580\" height=\"359\" srcset=\"https:\/\/i0.wp.com\/eltrabajo.cl\/portal\/wp-content\/uploads\/2019\/11\/Marchas8.jpg?w=580&amp;ssl=1 580w, https:\/\/i0.wp.com\/eltrabajo.cl\/portal\/wp-content\/uploads\/2019\/11\/Marchas8.jpg?resize=200%2C124&amp;ssl=1 200w, https:\/\/i0.wp.com\/eltrabajo.cl\/portal\/wp-content\/uploads\/2019\/11\/Marchas8.jpg?resize=300%2C186&amp;ssl=1 300w, https:\/\/i0.wp.com\/eltrabajo.cl\/portal\/wp-content\/uploads\/2019\/11\/Marchas8.jpg?resize=242%2C150&amp;ssl=1 242w, https:\/\/i0.wp.com\/eltrabajo.cl\/portal\/wp-content\/uploads\/2019\/11\/Marchas8.jpg?resize=400%2C248&amp;ssl=1 400w\" sizes=\"auto, (max-width: 580px) 100vw, 580px\" \/><figcaption id=\"caption-attachment-95340\" class=\"wp-caption-text\">MENSAJES DIRECTOS.- Como se muestra en esta gr\u00e1fica, los ciudadanos se pronuncian con fuerza y mensajes muy directos.<\/figcaption><\/figure>\n<figure id=\"attachment_95341\" aria-describedby=\"caption-attachment-95341\" style=\"width: 580px\" class=\"wp-caption alignnone\"><img data-recalc-dims=\"1\" loading=\"lazy\" decoding=\"async\" class=\"size-full wp-image-95341\" src=\"https:\/\/i0.wp.com\/www.eltrabajo.cl\/portal\/wp-content\/uploads\/2019\/11\/Marchas9.jpg?resize=580%2C359\" alt=\"ELLAS TAMBI\u00c9N.- Las educadoras de p\u00e1rvulos dijeron presente en esta jornada de protestas en San Felipe.\" width=\"580\" height=\"359\" srcset=\"https:\/\/i0.wp.com\/eltrabajo.cl\/portal\/wp-content\/uploads\/2019\/11\/Marchas9.jpg?w=580&amp;ssl=1 580w, https:\/\/i0.wp.com\/eltrabajo.cl\/portal\/wp-content\/uploads\/2019\/11\/Marchas9.jpg?resize=200%2C124&amp;ssl=1 200w, https:\/\/i0.wp.com\/eltrabajo.cl\/portal\/wp-content\/uploads\/2019\/11\/Marchas9.jpg?resize=300%2C186&amp;ssl=1 300w, https:\/\/i0.wp.com\/eltrabajo.cl\/portal\/wp-content\/uploads\/2019\/11\/Marchas9.jpg?resize=242%2C150&amp;ssl=1 242w, https:\/\/i0.wp.com\/eltrabajo.cl\/portal\/wp-content\/uploads\/2019\/11\/Marchas9.jpg?resize=400%2C248&amp;ssl=1 400w\" sizes=\"auto, (max-width: 580px) 100vw, 580px\" \/><figcaption id=\"caption-attachment-95341\" class=\"wp-caption-text\">ELLAS TAMBI\u00c9N.- Las educadoras de p\u00e1rvulos dijeron presente en esta jornada de protestas en San Felipe.<\/figcaption><\/figure>\n<figure id=\"attachment_95343\" aria-describedby=\"caption-attachment-95343\" style=\"width: 580px\" class=\"wp-caption alignnone\"><img data-recalc-dims=\"1\" loading=\"lazy\" decoding=\"async\" class=\"size-full wp-image-95343\" src=\"https:\/\/i0.wp.com\/www.eltrabajo.cl\/portal\/wp-content\/uploads\/2019\/11\/Marchas11.jpg?resize=580%2C359\" alt=\"FUERZAS VIVAS.- Cada grupo de personas levant\u00f3 su voz para reclamar sus demandas, no qued\u00f3 espacio para la timidez.\" width=\"580\" height=\"359\" srcset=\"https:\/\/i0.wp.com\/eltrabajo.cl\/portal\/wp-content\/uploads\/2019\/11\/Marchas11.jpg?w=580&amp;ssl=1 580w, https:\/\/i0.wp.com\/eltrabajo.cl\/portal\/wp-content\/uploads\/2019\/11\/Marchas11.jpg?resize=200%2C124&amp;ssl=1 200w, https:\/\/i0.wp.com\/eltrabajo.cl\/portal\/wp-content\/uploads\/2019\/11\/Marchas11.jpg?resize=300%2C186&amp;ssl=1 300w, https:\/\/i0.wp.com\/eltrabajo.cl\/portal\/wp-content\/uploads\/2019\/11\/Marchas11.jpg?resize=242%2C150&amp;ssl=1 242w, https:\/\/i0.wp.com\/eltrabajo.cl\/portal\/wp-content\/uploads\/2019\/11\/Marchas11.jpg?resize=400%2C248&amp;ssl=1 400w\" sizes=\"auto, (max-width: 580px) 100vw, 580px\" \/><figcaption id=\"caption-attachment-95343\" class=\"wp-caption-text\">FUERZAS VIVAS.- Cada grupo de personas levant\u00f3 su voz para reclamar sus demandas, no qued\u00f3 espacio para la timidez.<\/figcaption><\/figure>\n<figure id=\"attachment_95344\" aria-describedby=\"caption-attachment-95344\" style=\"width: 580px\" class=\"wp-caption alignnone\"><img data-recalc-dims=\"1\" loading=\"lazy\" decoding=\"async\" class=\"size-full wp-image-95344\" src=\"https:\/\/i0.wp.com\/www.eltrabajo.cl\/portal\/wp-content\/uploads\/2019\/11\/Marchas12.jpg?resize=580%2C359\" alt=\"APAGA LA TELE.- Este fue un mensaje claro, menos televisi\u00f3n y m\u00e1s pensamiento cr\u00edtico.\" width=\"580\" height=\"359\" srcset=\"https:\/\/i0.wp.com\/eltrabajo.cl\/portal\/wp-content\/uploads\/2019\/11\/Marchas12.jpg?w=580&amp;ssl=1 580w, https:\/\/i0.wp.com\/eltrabajo.cl\/portal\/wp-content\/uploads\/2019\/11\/Marchas12.jpg?resize=200%2C124&amp;ssl=1 200w, https:\/\/i0.wp.com\/eltrabajo.cl\/portal\/wp-content\/uploads\/2019\/11\/Marchas12.jpg?resize=300%2C186&amp;ssl=1 300w, https:\/\/i0.wp.com\/eltrabajo.cl\/portal\/wp-content\/uploads\/2019\/11\/Marchas12.jpg?resize=242%2C150&amp;ssl=1 242w, https:\/\/i0.wp.com\/eltrabajo.cl\/portal\/wp-content\/uploads\/2019\/11\/Marchas12.jpg?resize=400%2C248&amp;ssl=1 400w\" sizes=\"auto, (max-width: 580px) 100vw, 580px\" \/><figcaption id=\"caption-attachment-95344\" class=\"wp-caption-text\">APAGA LA TELE.- Este fue un mensaje claro, menos televisi\u00f3n y m\u00e1s pensamiento cr\u00edtico.<\/figcaption><\/figure>\n<figure id=\"attachment_95345\" aria-describedby=\"caption-attachment-95345\" style=\"width: 580px\" class=\"wp-caption alignnone\"><img data-recalc-dims=\"1\" loading=\"lazy\" decoding=\"async\" class=\"size-full wp-image-95345\" src=\"https:\/\/i0.wp.com\/www.eltrabajo.cl\/portal\/wp-content\/uploads\/2019\/11\/Marchas13.jpg?resize=580%2C359\" alt=\"PROTESTA SOBRE RUEDAS.- Los motoqueros sanfelipe\u00f1os fueron quienes mostraron la ruta a seguir a los marchantes.\" width=\"580\" height=\"359\" srcset=\"https:\/\/i0.wp.com\/eltrabajo.cl\/portal\/wp-content\/uploads\/2019\/11\/Marchas13.jpg?w=580&amp;ssl=1 580w, https:\/\/i0.wp.com\/eltrabajo.cl\/portal\/wp-content\/uploads\/2019\/11\/Marchas13.jpg?resize=200%2C124&amp;ssl=1 200w, https:\/\/i0.wp.com\/eltrabajo.cl\/portal\/wp-content\/uploads\/2019\/11\/Marchas13.jpg?resize=300%2C186&amp;ssl=1 300w, https:\/\/i0.wp.com\/eltrabajo.cl\/portal\/wp-content\/uploads\/2019\/11\/Marchas13.jpg?resize=242%2C150&amp;ssl=1 242w, https:\/\/i0.wp.com\/eltrabajo.cl\/portal\/wp-content\/uploads\/2019\/11\/Marchas13.jpg?resize=400%2C248&amp;ssl=1 400w\" sizes=\"auto, (max-width: 580px) 100vw, 580px\" \/><figcaption id=\"caption-attachment-95345\" class=\"wp-caption-text\">PROTESTA SOBRE RUEDAS.- Los motoqueros sanfelipe\u00f1os fueron quienes mostraron la ruta a seguir a los marchantes.<\/figcaption><\/figure>\n<figure id=\"attachment_95346\" aria-describedby=\"caption-attachment-95346\" style=\"width: 580px\" class=\"wp-caption alignnone\"><img data-recalc-dims=\"1\" loading=\"lazy\" decoding=\"async\" class=\"size-full wp-image-95346\" src=\"https:\/\/i0.wp.com\/www.eltrabajo.cl\/portal\/wp-content\/uploads\/2019\/11\/Marchas14.jpg?resize=580%2C359\" alt=\"CUT PRESENTE.- La CUT provincial de San Felipe march\u00f3 con gran energ\u00eda, en casi todas las marchas esta delegaci\u00f3n ha estado presente.\" width=\"580\" height=\"359\" srcset=\"https:\/\/i0.wp.com\/eltrabajo.cl\/portal\/wp-content\/uploads\/2019\/11\/Marchas14.jpg?w=580&amp;ssl=1 580w, https:\/\/i0.wp.com\/eltrabajo.cl\/portal\/wp-content\/uploads\/2019\/11\/Marchas14.jpg?resize=200%2C124&amp;ssl=1 200w, https:\/\/i0.wp.com\/eltrabajo.cl\/portal\/wp-content\/uploads\/2019\/11\/Marchas14.jpg?resize=300%2C186&amp;ssl=1 300w, https:\/\/i0.wp.com\/eltrabajo.cl\/portal\/wp-content\/uploads\/2019\/11\/Marchas14.jpg?resize=242%2C150&amp;ssl=1 242w, https:\/\/i0.wp.com\/eltrabajo.cl\/portal\/wp-content\/uploads\/2019\/11\/Marchas14.jpg?resize=400%2C248&amp;ssl=1 400w\" sizes=\"auto, (max-width: 580px) 100vw, 580px\" \/><figcaption id=\"caption-attachment-95346\" class=\"wp-caption-text\">CUT PRESENTE.- La CUT provincial de San Felipe march\u00f3 con gran energ\u00eda, en casi todas las marchas esta delegaci\u00f3n ha estado presente.<\/figcaption><\/figure>\n<figure id=\"attachment_95347\" aria-describedby=\"caption-attachment-95347\" style=\"width: 580px\" class=\"wp-caption alignnone\"><img data-recalc-dims=\"1\" loading=\"lazy\" decoding=\"async\" class=\"size-full wp-image-95347\" src=\"https:\/\/i0.wp.com\/www.eltrabajo.cl\/portal\/wp-content\/uploads\/2019\/11\/Marchas15.jpg?resize=580%2C359\" alt=\"MUCHOS CACEROLAZOS.- A este vecino ya no le queda plato para seguir, nos asegur\u00f3 que guardar\u00e1 este como recuerdo.\" width=\"580\" height=\"359\" srcset=\"https:\/\/i0.wp.com\/eltrabajo.cl\/portal\/wp-content\/uploads\/2019\/11\/Marchas15.jpg?w=580&amp;ssl=1 580w, https:\/\/i0.wp.com\/eltrabajo.cl\/portal\/wp-content\/uploads\/2019\/11\/Marchas15.jpg?resize=200%2C124&amp;ssl=1 200w, https:\/\/i0.wp.com\/eltrabajo.cl\/portal\/wp-content\/uploads\/2019\/11\/Marchas15.jpg?resize=300%2C186&amp;ssl=1 300w, https:\/\/i0.wp.com\/eltrabajo.cl\/portal\/wp-content\/uploads\/2019\/11\/Marchas15.jpg?resize=242%2C150&amp;ssl=1 242w, https:\/\/i0.wp.com\/eltrabajo.cl\/portal\/wp-content\/uploads\/2019\/11\/Marchas15.jpg?resize=400%2C248&amp;ssl=1 400w\" sizes=\"auto, (max-width: 580px) 100vw, 580px\" \/><figcaption id=\"caption-attachment-95347\" class=\"wp-caption-text\">MUCHOS CACEROLAZOS.- A este vecino ya no le queda plato para seguir, nos asegur\u00f3 que guardar\u00e1 este como recuerdo.<\/figcaption><\/figure>\n<figure id=\"attachment_95348\" aria-describedby=\"caption-attachment-95348\" style=\"width: 580px\" class=\"wp-caption alignnone\"><img data-recalc-dims=\"1\" loading=\"lazy\" decoding=\"async\" class=\"size-full wp-image-95348\" src=\"https:\/\/i0.wp.com\/www.eltrabajo.cl\/portal\/wp-content\/uploads\/2019\/11\/Marchas16.jpg?resize=580%2C360\" alt=\"MILLARES MARCHARON.- Cada uno se hidrat\u00f3 como le fue posible, en total se estima que al menos unas 5.500 personas marcharon ayer al mediod\u00eda.\" width=\"580\" height=\"360\" srcset=\"https:\/\/i0.wp.com\/eltrabajo.cl\/portal\/wp-content\/uploads\/2019\/11\/Marchas16.jpg?w=580&amp;ssl=1 580w, https:\/\/i0.wp.com\/eltrabajo.cl\/portal\/wp-content\/uploads\/2019\/11\/Marchas16.jpg?resize=200%2C124&amp;ssl=1 200w, https:\/\/i0.wp.com\/eltrabajo.cl\/portal\/wp-content\/uploads\/2019\/11\/Marchas16.jpg?resize=300%2C186&amp;ssl=1 300w, https:\/\/i0.wp.com\/eltrabajo.cl\/portal\/wp-content\/uploads\/2019\/11\/Marchas16.jpg?resize=242%2C150&amp;ssl=1 242w, https:\/\/i0.wp.com\/eltrabajo.cl\/portal\/wp-content\/uploads\/2019\/11\/Marchas16.jpg?resize=400%2C248&amp;ssl=1 400w\" sizes=\"auto, (max-width: 580px) 100vw, 580px\" \/><figcaption id=\"caption-attachment-95348\" class=\"wp-caption-text\">MILLARES MARCHARON.- Cada uno se hidrat\u00f3 como le fue posible, en total se estima que al menos unas 5.500 personas marcharon ayer al mediod\u00eda.<\/figcaption><\/figure>\n<figure id=\"attachment_95349\" aria-describedby=\"caption-attachment-95349\" style=\"width: 580px\" class=\"wp-caption alignnone\"><img data-recalc-dims=\"1\" loading=\"lazy\" decoding=\"async\" class=\"size-full wp-image-95349\" src=\"https:\/\/i0.wp.com\/www.eltrabajo.cl\/portal\/wp-content\/uploads\/2019\/11\/Marchas17.jpg?resize=580%2C359\" alt=\"ACONCAGUA VIVE.- De todas partes del Valle de Aconcagua llegaron delegaciones para marchar y protestar en las c\u00e9ntricas calles de San Felipe.\" width=\"580\" height=\"359\" srcset=\"https:\/\/i0.wp.com\/eltrabajo.cl\/portal\/wp-content\/uploads\/2019\/11\/Marchas17.jpg?w=580&amp;ssl=1 580w, https:\/\/i0.wp.com\/eltrabajo.cl\/portal\/wp-content\/uploads\/2019\/11\/Marchas17.jpg?resize=200%2C124&amp;ssl=1 200w, https:\/\/i0.wp.com\/eltrabajo.cl\/portal\/wp-content\/uploads\/2019\/11\/Marchas17.jpg?resize=300%2C186&amp;ssl=1 300w, https:\/\/i0.wp.com\/eltrabajo.cl\/portal\/wp-content\/uploads\/2019\/11\/Marchas17.jpg?resize=242%2C150&amp;ssl=1 242w, https:\/\/i0.wp.com\/eltrabajo.cl\/portal\/wp-content\/uploads\/2019\/11\/Marchas17.jpg?resize=400%2C248&amp;ssl=1 400w\" sizes=\"auto, (max-width: 580px) 100vw, 580px\" \/><figcaption id=\"caption-attachment-95349\" class=\"wp-caption-text\">ACONCAGUA VIVE.- De todas partes del Valle de Aconcagua llegaron delegaciones para marchar y protestar en las c\u00e9ntricas calles de San Felipe.<\/figcaption><\/figure>\n<figure id=\"attachment_95351\" aria-describedby=\"caption-attachment-95351\" style=\"width: 580px\" class=\"wp-caption alignnone\"><img data-recalc-dims=\"1\" loading=\"lazy\" decoding=\"async\" class=\"size-full wp-image-95351\" src=\"https:\/\/i0.wp.com\/www.eltrabajo.cl\/portal\/wp-content\/uploads\/2019\/11\/Marchas20.jpg?resize=580%2C359\" alt=\"CAUSAS Y PETICIONES.- Hasta por el mar y las semillas protestaron algunos con sus carteles. Pareciera que lleg\u00f3 la hora de nivelar todo en Chile.\" width=\"580\" height=\"359\" srcset=\"https:\/\/i0.wp.com\/eltrabajo.cl\/portal\/wp-content\/uploads\/2019\/11\/Marchas20.jpg?w=580&amp;ssl=1 580w, https:\/\/i0.wp.com\/eltrabajo.cl\/portal\/wp-content\/uploads\/2019\/11\/Marchas20.jpg?resize=200%2C124&amp;ssl=1 200w, https:\/\/i0.wp.com\/eltrabajo.cl\/portal\/wp-content\/uploads\/2019\/11\/Marchas20.jpg?resize=300%2C186&amp;ssl=1 300w, https:\/\/i0.wp.com\/eltrabajo.cl\/portal\/wp-content\/uploads\/2019\/11\/Marchas20.jpg?resize=242%2C150&amp;ssl=1 242w, https:\/\/i0.wp.com\/eltrabajo.cl\/portal\/wp-content\/uploads\/2019\/11\/Marchas20.jpg?resize=400%2C248&amp;ssl=1 400w\" sizes=\"auto, (max-width: 580px) 100vw, 580px\" \/><figcaption id=\"caption-attachment-95351\" class=\"wp-caption-text\">CAUSAS Y PETICIONES.- Hasta por el mar y las semillas protestaron algunos con sus carteles. Pareciera que lleg\u00f3 la hora de nivelar todo en Chile.<\/figcaption><\/figure>\n<figure id=\"attachment_95352\" aria-describedby=\"caption-attachment-95352\" style=\"width: 580px\" class=\"wp-caption alignnone\"><img data-recalc-dims=\"1\" loading=\"lazy\" decoding=\"async\" class=\"size-full wp-image-95352\" src=\"https:\/\/i0.wp.com\/www.eltrabajo.cl\/portal\/wp-content\/uploads\/2019\/11\/Marchas21.jpg?resize=580%2C359\" alt=\"QUEMANDO LLANTAS.- Algunos motoqueros quemaron las llantas de sus motos para potenciar su presencia en la jornada.\" width=\"580\" height=\"359\" srcset=\"https:\/\/i0.wp.com\/eltrabajo.cl\/portal\/wp-content\/uploads\/2019\/11\/Marchas21.jpg?w=580&amp;ssl=1 580w, https:\/\/i0.wp.com\/eltrabajo.cl\/portal\/wp-content\/uploads\/2019\/11\/Marchas21.jpg?resize=200%2C124&amp;ssl=1 200w, https:\/\/i0.wp.com\/eltrabajo.cl\/portal\/wp-content\/uploads\/2019\/11\/Marchas21.jpg?resize=300%2C186&amp;ssl=1 300w, https:\/\/i0.wp.com\/eltrabajo.cl\/portal\/wp-content\/uploads\/2019\/11\/Marchas21.jpg?resize=242%2C150&amp;ssl=1 242w, https:\/\/i0.wp.com\/eltrabajo.cl\/portal\/wp-content\/uploads\/2019\/11\/Marchas21.jpg?resize=400%2C248&amp;ssl=1 400w\" sizes=\"auto, (max-width: 580px) 100vw, 580px\" \/><figcaption id=\"caption-attachment-95352\" class=\"wp-caption-text\">QUEMANDO LLANTAS.- Algunos motoqueros quemaron las llantas de sus motos para potenciar su presencia en la jornada.<\/figcaption><\/figure>\n<figure id=\"attachment_95353\" aria-describedby=\"caption-attachment-95353\" style=\"width: 580px\" class=\"wp-caption alignnone\"><img data-recalc-dims=\"1\" loading=\"lazy\" decoding=\"async\" class=\"size-full wp-image-95353\" src=\"https:\/\/i0.wp.com\/www.eltrabajo.cl\/portal\/wp-content\/uploads\/2019\/11\/Marchas22.jpg?resize=580%2C360\" alt=\"CECOF PROTESTA.- Funcionarios del Cecof Padre Hugo Cornelissen de Quebrada Herrera, levantaron su voz durante esta importante manifestaci\u00f3n.\" width=\"580\" height=\"360\" srcset=\"https:\/\/i0.wp.com\/eltrabajo.cl\/portal\/wp-content\/uploads\/2019\/11\/Marchas22.jpg?w=580&amp;ssl=1 580w, https:\/\/i0.wp.com\/eltrabajo.cl\/portal\/wp-content\/uploads\/2019\/11\/Marchas22.jpg?resize=200%2C124&amp;ssl=1 200w, https:\/\/i0.wp.com\/eltrabajo.cl\/portal\/wp-content\/uploads\/2019\/11\/Marchas22.jpg?resize=300%2C186&amp;ssl=1 300w, https:\/\/i0.wp.com\/eltrabajo.cl\/portal\/wp-content\/uploads\/2019\/11\/Marchas22.jpg?resize=242%2C150&amp;ssl=1 242w, https:\/\/i0.wp.com\/eltrabajo.cl\/portal\/wp-content\/uploads\/2019\/11\/Marchas22.jpg?resize=400%2C248&amp;ssl=1 400w\" sizes=\"auto, (max-width: 580px) 100vw, 580px\" \/><figcaption id=\"caption-attachment-95353\" class=\"wp-caption-text\">CECOF PROTESTA.- Funcionarios del Cecof Padre Hugo Cornelissen de Quebrada Herrera, levantaron su voz durante esta importante manifestaci\u00f3n.<\/figcaption><\/figure>\n<figure id=\"attachment_95354\" aria-describedby=\"caption-attachment-95354\" style=\"width: 580px\" class=\"wp-caption alignnone\"><img data-recalc-dims=\"1\" loading=\"lazy\" decoding=\"async\" class=\"size-full wp-image-95354\" src=\"https:\/\/i0.wp.com\/www.eltrabajo.cl\/portal\/wp-content\/uploads\/2019\/11\/Marchas23.jpg?resize=580%2C360\" alt=\"MU\u00d1ECO EN LLAMAS.- Aqu\u00ed nuestras c\u00e1maras registran el instante cuando queman el \u2018Mu\u00f1eco\u2019 simb\u00f3lico.\" width=\"580\" height=\"360\" srcset=\"https:\/\/i0.wp.com\/eltrabajo.cl\/portal\/wp-content\/uploads\/2019\/11\/Marchas23.jpg?w=580&amp;ssl=1 580w, https:\/\/i0.wp.com\/eltrabajo.cl\/portal\/wp-content\/uploads\/2019\/11\/Marchas23.jpg?resize=200%2C124&amp;ssl=1 200w, https:\/\/i0.wp.com\/eltrabajo.cl\/portal\/wp-content\/uploads\/2019\/11\/Marchas23.jpg?resize=300%2C186&amp;ssl=1 300w, https:\/\/i0.wp.com\/eltrabajo.cl\/portal\/wp-content\/uploads\/2019\/11\/Marchas23.jpg?resize=242%2C150&amp;ssl=1 242w, https:\/\/i0.wp.com\/eltrabajo.cl\/portal\/wp-content\/uploads\/2019\/11\/Marchas23.jpg?resize=400%2C248&amp;ssl=1 400w\" sizes=\"auto, (max-width: 580px) 100vw, 580px\" \/><figcaption id=\"caption-attachment-95354\" class=\"wp-caption-text\">MU\u00d1ECO EN LLAMAS.- Aqu\u00ed nuestras c\u00e1maras registran el instante cuando queman el \u2018Mu\u00f1eco\u2019 simb\u00f3lico.<\/figcaption><\/figure>\n<figure id=\"attachment_95355\" aria-describedby=\"caption-attachment-95355\" style=\"width: 580px\" class=\"wp-caption alignnone\"><img data-recalc-dims=\"1\" loading=\"lazy\" decoding=\"async\" class=\"size-full wp-image-95355\" src=\"https:\/\/i0.wp.com\/www.eltrabajo.cl\/portal\/wp-content\/uploads\/2019\/11\/Marchas24.jpg?resize=580%2C359\" alt=\"FUEGO EN LA CALLE.- En el centro de San Felipe, frente a la Plaza C\u00edvica, este fue el m\u00e1ximo desorden, s\u00f3lo unos cartones ardiendo.\" width=\"580\" height=\"359\" srcset=\"https:\/\/i0.wp.com\/eltrabajo.cl\/portal\/wp-content\/uploads\/2019\/11\/Marchas24.jpg?w=580&amp;ssl=1 580w, https:\/\/i0.wp.com\/eltrabajo.cl\/portal\/wp-content\/uploads\/2019\/11\/Marchas24.jpg?resize=200%2C124&amp;ssl=1 200w, https:\/\/i0.wp.com\/eltrabajo.cl\/portal\/wp-content\/uploads\/2019\/11\/Marchas24.jpg?resize=300%2C186&amp;ssl=1 300w, https:\/\/i0.wp.com\/eltrabajo.cl\/portal\/wp-content\/uploads\/2019\/11\/Marchas24.jpg?resize=242%2C150&amp;ssl=1 242w, https:\/\/i0.wp.com\/eltrabajo.cl\/portal\/wp-content\/uploads\/2019\/11\/Marchas24.jpg?resize=400%2C248&amp;ssl=1 400w\" sizes=\"auto, (max-width: 580px) 100vw, 580px\" \/><figcaption id=\"caption-attachment-95355\" class=\"wp-caption-text\">FUEGO EN LA CALLE.- En el centro de San Felipe, frente a la Plaza C\u00edvica, este fue el m\u00e1ximo desorden, s\u00f3lo unos cartones ardiendo.<\/figcaption><\/figure>\n<figure id=\"attachment_95338\" aria-describedby=\"caption-attachment-95338\" style=\"width: 579px\" class=\"wp-caption alignnone\"><img data-recalc-dims=\"1\" loading=\"lazy\" decoding=\"async\" class=\"size-full wp-image-95338\" src=\"https:\/\/i0.wp.com\/www.eltrabajo.cl\/portal\/wp-content\/uploads\/2019\/11\/Marchas6.jpg?resize=579%2C762\" alt=\"TODAS LAS EDADES.- Este peque\u00f1ito fue cargado en hombros, pues por su estatura le es casi imposible marchar sin ser pisoteado.\" width=\"579\" height=\"762\" srcset=\"https:\/\/i0.wp.com\/eltrabajo.cl\/portal\/wp-content\/uploads\/2019\/11\/Marchas6.jpg?w=579&amp;ssl=1 579w, https:\/\/i0.wp.com\/eltrabajo.cl\/portal\/wp-content\/uploads\/2019\/11\/Marchas6.jpg?resize=114%2C150&amp;ssl=1 114w, https:\/\/i0.wp.com\/eltrabajo.cl\/portal\/wp-content\/uploads\/2019\/11\/Marchas6.jpg?resize=228%2C300&amp;ssl=1 228w, https:\/\/i0.wp.com\/eltrabajo.cl\/portal\/wp-content\/uploads\/2019\/11\/Marchas6.jpg?resize=400%2C526&amp;ssl=1 400w\" sizes=\"auto, (max-width: 579px) 100vw, 579px\" \/><figcaption id=\"caption-attachment-95338\" class=\"wp-caption-text\">TODAS LAS EDADES.- Este peque\u00f1ito fue cargado en hombros, pues por su estatura le es casi imposible marchar sin ser pisoteado.<\/figcaption><\/figure>\n<figure id=\"attachment_95342\" aria-describedby=\"caption-attachment-95342\" style=\"width: 579px\" class=\"wp-caption alignnone\"><img data-recalc-dims=\"1\" loading=\"lazy\" decoding=\"async\" class=\"size-full wp-image-95342\" src=\"https:\/\/i0.wp.com\/www.eltrabajo.cl\/portal\/wp-content\/uploads\/2019\/11\/Marchas10.jpg?resize=579%2C783\" alt=\"PEQUE\u00d1OS GUERREROS.- Estos peque\u00f1itos se montaron en su motoneta de juguete y hallaron un lugar entre la muchedumbre.\" width=\"579\" height=\"783\" srcset=\"https:\/\/i0.wp.com\/eltrabajo.cl\/portal\/wp-content\/uploads\/2019\/11\/Marchas10.jpg?w=579&amp;ssl=1 579w, https:\/\/i0.wp.com\/eltrabajo.cl\/portal\/wp-content\/uploads\/2019\/11\/Marchas10.jpg?resize=111%2C150&amp;ssl=1 111w, https:\/\/i0.wp.com\/eltrabajo.cl\/portal\/wp-content\/uploads\/2019\/11\/Marchas10.jpg?resize=222%2C300&amp;ssl=1 222w, https:\/\/i0.wp.com\/eltrabajo.cl\/portal\/wp-content\/uploads\/2019\/11\/Marchas10.jpg?resize=400%2C541&amp;ssl=1 400w\" sizes=\"auto, (max-width: 579px) 100vw, 579px\" \/><figcaption id=\"caption-attachment-95342\" class=\"wp-caption-text\">PEQUE\u00d1OS GUERREROS.- Estos peque\u00f1itos se montaron en su motoneta de juguete y hallaron un lugar entre la muchedumbre.<\/figcaption><\/figure>\n<figure id=\"attachment_95357\" aria-describedby=\"caption-attachment-95357\" style=\"width: 579px\" class=\"wp-caption alignnone\"><img data-recalc-dims=\"1\" loading=\"lazy\" decoding=\"async\" class=\"size-full wp-image-95357\" src=\"https:\/\/i0.wp.com\/www.eltrabajo.cl\/portal\/wp-content\/uploads\/2019\/11\/Marchas_Juan-Iturrieta.jpg?resize=579%2C594\" alt=\"Presidente del Colegio Provincial de Profesores de San Felipe, Juan Iturrieta.\" width=\"579\" height=\"594\" srcset=\"https:\/\/i0.wp.com\/eltrabajo.cl\/portal\/wp-content\/uploads\/2019\/11\/Marchas_Juan-Iturrieta.jpg?w=579&amp;ssl=1 579w, https:\/\/i0.wp.com\/eltrabajo.cl\/portal\/wp-content\/uploads\/2019\/11\/Marchas_Juan-Iturrieta.jpg?resize=146%2C150&amp;ssl=1 146w, https:\/\/i0.wp.com\/eltrabajo.cl\/portal\/wp-content\/uploads\/2019\/11\/Marchas_Juan-Iturrieta.jpg?resize=292%2C300&amp;ssl=1 292w, https:\/\/i0.wp.com\/eltrabajo.cl\/portal\/wp-content\/uploads\/2019\/11\/Marchas_Juan-Iturrieta.jpg?resize=400%2C410&amp;ssl=1 400w\" sizes=\"auto, (max-width: 579px) 100vw, 579px\" \/><figcaption id=\"caption-attachment-95357\" class=\"wp-caption-text\">Presidente del Colegio Provincial de Profesores de San Felipe, Juan Iturrieta.<\/figcaption><\/figure>\n<figure id=\"attachment_95356\" aria-describedby=\"caption-attachment-95356\" style=\"width: 579px\" class=\"wp-caption alignnone\"><img data-recalc-dims=\"1\" loading=\"lazy\" decoding=\"async\" class=\"size-full wp-image-95356\" src=\"https:\/\/i0.wp.com\/www.eltrabajo.cl\/portal\/wp-content\/uploads\/2019\/11\/Marchas25.jpg?resize=579%2C766\" alt=\"NUEVA BANDERA.- En el edificio de la Gobernaci\u00f3n de San Felipe fue instalada la bandera Pueblo Mapuche, y quitada la chilena.\" width=\"579\" height=\"766\" srcset=\"https:\/\/i0.wp.com\/eltrabajo.cl\/portal\/wp-content\/uploads\/2019\/11\/Marchas25.jpg?w=579&amp;ssl=1 579w, https:\/\/i0.wp.com\/eltrabajo.cl\/portal\/wp-content\/uploads\/2019\/11\/Marchas25.jpg?resize=113%2C150&amp;ssl=1 113w, https:\/\/i0.wp.com\/eltrabajo.cl\/portal\/wp-content\/uploads\/2019\/11\/Marchas25.jpg?resize=227%2C300&amp;ssl=1 227w, https:\/\/i0.wp.com\/eltrabajo.cl\/portal\/wp-content\/uploads\/2019\/11\/Marchas25.jpg?resize=400%2C529&amp;ssl=1 400w\" sizes=\"auto, (max-width: 579px) 100vw, 579px\" \/><figcaption id=\"caption-attachment-95356\" class=\"wp-caption-text\">NUEVA BANDERA.- En el edificio de la Gobernaci\u00f3n de San Felipe fue instalada la bandera Pueblo Mapuche, y quitada la chilena.<\/figcaption><\/figure>\n","protected":false},"excerpt":{"rendered":"<p>Como nunca antes en el Valle de Aconcagua las Fuerzas Vivas se tomaron las c\u00e9ntricas calles de San Felipe, fueron miles de personas las que este martes desde tempranas horas de la&#8230;<\/p>\n","protected":false},"author":482,"featured_media":95351,"comment_status":"open","ping_status":"open","sticky":false,"template":"","format":"standard","meta":{"advanced_seo_description":"","jetpack_seo_html_title":"","jetpack_seo_noindex":false,"_jetpack_memberships_contains_paid_content":false,"footnotes":""},"categories":[15],"tags":[],"class_list":["post-95332","post","type-post","status-publish","format-standard","has-post-thumbnail","hentry","category-comunidad"],"jetpack_featured_media_url":"https:\/\/i0.wp.com\/eltrabajo.cl\/portal\/wp-content\/uploads\/2019\/11\/Marchas20.jpg?fit=580%2C359&ssl=1","jetpack_sharing_enabled":true,"jetpack_likes_enabled":true,"jetpack-related-posts":[],"_links":{"self":[{"href":"https:\/\/eltrabajo.cl\/portal\/wp-json\/wp\/v2\/posts\/95332","targetHints":{"allow":["GET"]}}],"collection":[{"href":"https:\/\/eltrabajo.cl\/portal\/wp-json\/wp\/v2\/posts"}],"about":[{"href":"https:\/\/eltrabajo.cl\/portal\/wp-json\/wp\/v2\/types\/post"}],"author":[{"embeddable":true,"href":"https:\/\/eltrabajo.cl\/portal\/wp-json\/wp\/v2\/users\/482"}],"replies":[{"embeddable":true,"href":"https:\/\/eltrabajo.cl\/portal\/wp-json\/wp\/v2\/comments?post=95332"}],"version-history":[{"count":0,"href":"https:\/\/eltrabajo.cl\/portal\/wp-json\/wp\/v2\/posts\/95332\/revisions"}],"wp:featuredmedia":[{"embeddable":true,"href":"https:\/\/eltrabajo.cl\/portal\/wp-json\/wp\/v2\/media\/95351"}],"wp:attachment":[{"href":"https:\/\/eltrabajo.cl\/portal\/wp-json\/wp\/v2\/media?parent=95332"}],"wp:term":[{"taxonomy":"category","embeddable":true,"href":"https:\/\/eltrabajo.cl\/portal\/wp-json\/wp\/v2\/categories?post=95332"},{"taxonomy":"post_tag","embeddable":true,"href":"https:\/\/eltrabajo.cl\/portal\/wp-json\/wp\/v2\/tags?post=95332"}],"curies":[{"name":"wp","href":"https:\/\/api.w.org\/{rel}","templated":true}]}}