{"id":95369,"date":"2019-11-14T05:04:24","date_gmt":"2019-11-14T08:04:24","guid":{"rendered":"http:\/\/www.eltrabajo.cl\/portal\/?p=95369"},"modified":"2019-11-13T20:56:01","modified_gmt":"2019-11-13T23:56:01","slug":"desconocidos-atacan-a-pedradas-reten-de-carabineros-en-curimon","status":"publish","type":"post","link":"https:\/\/eltrabajo.cl\/portal\/desconocidos-atacan-a-pedradas-reten-de-carabineros-en-curimon\/","title":{"rendered":"Desconocidos atacan a pedradas Ret\u00e9n de Carabineros en Curim\u00f3n"},"content":{"rendered":"<p><span style=\"color: #ff0000;\"><strong>Funcionarios repelieron actos vand\u00e1licos:<\/strong><\/span><\/p>\n<ul>\n<li><strong>El hecho ocurri\u00f3 en medio de las multitudinarias manifestaciones registradas durante la jornada del martes. Carabineros inform\u00f3 que no hubo personas detenidas ni da\u00f1os al cuartel policial.<\/strong><\/li>\n<\/ul>\n<p>Durante la jornada de este martes Carabineros confirm\u00f3 el ataque a pedradas contra el Ret\u00e9n de Curim\u00f3n por un grupo minoritario de sujetos, sin lograr provocar da\u00f1os a las dependencias.<br \/>\nLos hechos se originaron en medio de las manifestaciones que se produc\u00edan en distintos puntos de las provincias de San Felipe y Los Andes.<br \/>\nEn este sentido un grupo de sujetos habr\u00edan arrojado piedras hacia el cuartel policial, acto que fue repelido por los funcionarios uniformados, quienes al salir a enfrentar a los atacantes, \u00e9stos se fugaron en direcci\u00f3n a la Villa Curim\u00f3n.<br \/>\nCarabineros inform\u00f3 que tras este ataque no se lograron producir da\u00f1os a la propiedad ni funcionarios policiales lesionados, como tampoco personas detenidas.<br \/>\nAl mismo tiempo la patrulla policial se encontraba asistiendo las barricadas encendidas en distintos puntos de la ruta que une las comunas de San Felipe y Los Andes.<br \/>\n<strong>Pablo Salinas Sald\u00edas<\/strong><\/p>\n<figure id=\"attachment_95370\" aria-describedby=\"caption-attachment-95370\" style=\"width: 580px\" class=\"wp-caption alignnone\"><img data-recalc-dims=\"1\" loading=\"lazy\" decoding=\"async\" class=\"size-full wp-image-95370\" src=\"https:\/\/i0.wp.com\/www.eltrabajo.cl\/portal\/wp-content\/uploads\/2019\/11\/ataque-reten-curimon-1.jpg?resize=580%2C359\" alt=\"Grupo de manifestantes habr\u00edan apedreado las dependencias del Ret\u00e9n de Carabineros de Curim\u00f3n.\" width=\"580\" height=\"359\" srcset=\"https:\/\/i0.wp.com\/eltrabajo.cl\/portal\/wp-content\/uploads\/2019\/11\/ataque-reten-curimon-1.jpg?w=580&amp;ssl=1 580w, https:\/\/i0.wp.com\/eltrabajo.cl\/portal\/wp-content\/uploads\/2019\/11\/ataque-reten-curimon-1.jpg?resize=200%2C124&amp;ssl=1 200w, https:\/\/i0.wp.com\/eltrabajo.cl\/portal\/wp-content\/uploads\/2019\/11\/ataque-reten-curimon-1.jpg?resize=300%2C186&amp;ssl=1 300w, https:\/\/i0.wp.com\/eltrabajo.cl\/portal\/wp-content\/uploads\/2019\/11\/ataque-reten-curimon-1.jpg?resize=242%2C150&amp;ssl=1 242w, https:\/\/i0.wp.com\/eltrabajo.cl\/portal\/wp-content\/uploads\/2019\/11\/ataque-reten-curimon-1.jpg?resize=400%2C248&amp;ssl=1 400w\" sizes=\"auto, (max-width: 580px) 100vw, 580px\" \/><figcaption id=\"caption-attachment-95370\" class=\"wp-caption-text\">Grupo de manifestantes habr\u00edan apedreado las dependencias del Ret\u00e9n de Carabineros de Curim\u00f3n.<\/figcaption><\/figure>\n<figure id=\"attachment_95371\" aria-describedby=\"caption-attachment-95371\" style=\"width: 580px\" class=\"wp-caption alignnone\"><img data-recalc-dims=\"1\" loading=\"lazy\" decoding=\"async\" class=\"size-full wp-image-95371\" src=\"https:\/\/i0.wp.com\/www.eltrabajo.cl\/portal\/wp-content\/uploads\/2019\/11\/ataque-reten-curimon-2.jpg?resize=580%2C359\" alt=\"Carabineros recolect\u00f3 las piedras arrojadas hacia el cuartel policial.\" width=\"580\" height=\"359\" srcset=\"https:\/\/i0.wp.com\/eltrabajo.cl\/portal\/wp-content\/uploads\/2019\/11\/ataque-reten-curimon-2.jpg?w=580&amp;ssl=1 580w, https:\/\/i0.wp.com\/eltrabajo.cl\/portal\/wp-content\/uploads\/2019\/11\/ataque-reten-curimon-2.jpg?resize=200%2C124&amp;ssl=1 200w, https:\/\/i0.wp.com\/eltrabajo.cl\/portal\/wp-content\/uploads\/2019\/11\/ataque-reten-curimon-2.jpg?resize=300%2C186&amp;ssl=1 300w, https:\/\/i0.wp.com\/eltrabajo.cl\/portal\/wp-content\/uploads\/2019\/11\/ataque-reten-curimon-2.jpg?resize=242%2C150&amp;ssl=1 242w, https:\/\/i0.wp.com\/eltrabajo.cl\/portal\/wp-content\/uploads\/2019\/11\/ataque-reten-curimon-2.jpg?resize=400%2C248&amp;ssl=1 400w\" sizes=\"auto, (max-width: 580px) 100vw, 580px\" \/><figcaption id=\"caption-attachment-95371\" class=\"wp-caption-text\">Carabineros recolect\u00f3 las piedras arrojadas hacia el cuartel policial.<\/figcaption><\/figure>\n","protected":false},"excerpt":{"rendered":"<p>Funcionarios repelieron actos vand\u00e1licos: El hecho ocurri\u00f3 en medio de las multitudinarias manifestaciones registradas durante la jornada del martes. Carabineros inform\u00f3 que no hubo personas detenidas ni da\u00f1os al cuartel policial. Durante&#8230;<\/p>\n","protected":false},"author":482,"featured_media":95370,"comment_status":"open","ping_status":"open","sticky":false,"template":"","format":"standard","meta":{"advanced_seo_description":"","jetpack_seo_html_title":"","jetpack_seo_noindex":false,"_jetpack_memberships_contains_paid_content":false,"footnotes":""},"categories":[21],"tags":[],"class_list":["post-95369","post","type-post","status-publish","format-standard","has-post-thumbnail","hentry","category-policial"],"jetpack_featured_media_url":"https:\/\/i0.wp.com\/eltrabajo.cl\/portal\/wp-content\/uploads\/2019\/11\/ataque-reten-curimon-1.jpg?fit=580%2C359&ssl=1","jetpack_sharing_enabled":true,"jetpack_likes_enabled":true,"jetpack-related-posts":[],"_links":{"self":[{"href":"https:\/\/eltrabajo.cl\/portal\/wp-json\/wp\/v2\/posts\/95369","targetHints":{"allow":["GET"]}}],"collection":[{"href":"https:\/\/eltrabajo.cl\/portal\/wp-json\/wp\/v2\/posts"}],"about":[{"href":"https:\/\/eltrabajo.cl\/portal\/wp-json\/wp\/v2\/types\/post"}],"author":[{"embeddable":true,"href":"https:\/\/eltrabajo.cl\/portal\/wp-json\/wp\/v2\/users\/482"}],"replies":[{"embeddable":true,"href":"https:\/\/eltrabajo.cl\/portal\/wp-json\/wp\/v2\/comments?post=95369"}],"version-history":[{"count":0,"href":"https:\/\/eltrabajo.cl\/portal\/wp-json\/wp\/v2\/posts\/95369\/revisions"}],"wp:featuredmedia":[{"embeddable":true,"href":"https:\/\/eltrabajo.cl\/portal\/wp-json\/wp\/v2\/media\/95370"}],"wp:attachment":[{"href":"https:\/\/eltrabajo.cl\/portal\/wp-json\/wp\/v2\/media?parent=95369"}],"wp:term":[{"taxonomy":"category","embeddable":true,"href":"https:\/\/eltrabajo.cl\/portal\/wp-json\/wp\/v2\/categories?post=95369"},{"taxonomy":"post_tag","embeddable":true,"href":"https:\/\/eltrabajo.cl\/portal\/wp-json\/wp\/v2\/tags?post=95369"}],"curies":[{"name":"wp","href":"https:\/\/api.w.org\/{rel}","templated":true}]}}