{"id":95373,"date":"2019-11-14T05:05:26","date_gmt":"2019-11-14T08:05:26","guid":{"rendered":"http:\/\/www.eltrabajo.cl\/portal\/?p=95373"},"modified":"2019-11-13T20:59:05","modified_gmt":"2019-11-13T23:59:05","slug":"adulto-mayor-de-77-anos-debe-seguir-trabajando-para-aumentar-baja-pension","status":"publish","type":"post","link":"https:\/\/eltrabajo.cl\/portal\/adulto-mayor-de-77-anos-debe-seguir-trabajando-para-aumentar-baja-pension\/","title":{"rendered":"Adulto mayor de 77 a\u00f1os debe seguir trabajando para aumentar baja pensi\u00f3n"},"content":{"rendered":"<p><span style=\"color: #ff0000;\"><strong>Vendiendo cecinas logra apenas sobrevivir:<\/strong><\/span><\/p>\n<p>Don <strong>Nibaldo Paulino G\u00f3mez Ahumada<\/strong> es un hombre de 77 a\u00f1os de edad que, debido a su baja pensi\u00f3n, debe seguir trabajando, al igual como lo debe hacer la inmensa mayor\u00eda de pensionados. Lo encontramos esperando locomoci\u00f3n y lo entrevistamos, accediendo amablemente para contarnos su realidad a prop\u00f3sito que hoy las pensiones de los adultos mayores es un tema de la contingencia nacional.<\/p>\n<p>\u00ab<em>Bueno, si empezamos de la g\u00e9nesis de esta situaci\u00f3n, fue un robo en despoblado que se les hizo a todos, los fondos previsionales de todos los chilenos, que en su \u00e9poca seg\u00fan el diario que dice la verdad, El Mercurio, dec\u00eda que para el a\u00f1o 2020 todos los pensionados iban a ganar lo mismo que cuando terminaran de trabajar, con el mismo sueldo, y no fue as\u00ed\u00bb.<\/em><\/p>\n<p>&#8211; <strong>\u00bfEn el caso suyo? <\/strong><\/p>\n<p>&#8211; Bueno mi pensi\u00f3n qued\u00f3 m\u00e1s o menos, de 500 mil pesos, qued\u00f3 en 180 mil pesos, mucho menos del 50 por ciento.<\/p>\n<p>&#8211; <strong>\u00bfSe logra manejar bien o debe trabajar?\u00a0 <\/strong><\/p>\n<p>&#8211; No, estoy trabajando, por eso mismo tengo que seguir trabajando. Otra cosa, la finalidad de la pensi\u00f3n es justamente para\u00a0 cuando uno hace un proceso de trabajo, enriquecimiento del pa\u00eds, salga y disfrute de ese beneficio, y todos los pensionados no pueden disfrutar de esa jubilaci\u00f3n, de esa pensi\u00f3n mejor dicho.<\/p>\n<p>&#8211; <strong>\u00bfCu\u00e1ntos a\u00f1os tiene usted?<\/strong><\/p>\n<p>&#8211; Yo tengo 77 a\u00f1os.<\/p>\n<p>&#8211; \u00bf<strong>En qu\u00e9 trabaja o en qu\u00e9 \u00e1rea?<\/strong><\/p>\n<p>&#8211; Yo soy vendedor de cecinas.<\/p>\n<p>&#8211; <strong>Tiene que seguir trabajando por que la pensi\u00f3n no le alcanza.<\/strong><\/p>\n<p>&#8211; No pues, y ahora el Gobierno me da por fuera, da un subsidio de 42 mil pesos, por ah\u00ed y con eso saco m\u00e1s o menos 220 mil pesos, eso m\u00e1s o menos.<\/p>\n<p>&#8211; <strong>\u00bfUsted cotiz\u00f3 toda la vida?<\/strong><\/p>\n<p>&#8211; Tuve algunas lagunas, eso tambi\u00e9n, bueno pero en todo caso igual no alcanza.<\/p>\n<p>&#8211; <strong>\u00bfQu\u00e9 opini\u00f3n le merecen como adulto mayor todas\u00a0 estas manifestaciones?<\/strong><\/p>\n<p>&#8211; La verdad de las cosas, estas son justas, de partida son justas, no tan s\u00f3lo las pensiones, a todo nivel social han sido paup\u00e9rrimas las cosas que est\u00e1n pasando, miserable, la atenci\u00f3n m\u00e9dica, el colegio, las pensiones y fuera m\u00e1s encima las cachetadas que nos han dado con las colusiones de las grandes empresas, tenemos el caso m\u00e1s emblem\u00e1tico de los se\u00f1ores Matte con el Confort, que es una familia que parece que era intachable, incorrupta, y resulta que no es as\u00ed, adem\u00e1s condonaciones a grandes empresas.<\/p>\n<p>Lo dejamos porque estaba esperando locomoci\u00f3n para seguir trabajando, pese a sus 77 a\u00f1os de edad.<\/p>\n<figure id=\"attachment_95374\" aria-describedby=\"caption-attachment-95374\" style=\"width: 580px\" class=\"wp-caption alignnone\"><img data-recalc-dims=\"1\" loading=\"lazy\" decoding=\"async\" class=\"size-full wp-image-95374\" src=\"https:\/\/i0.wp.com\/www.eltrabajo.cl\/portal\/wp-content\/uploads\/2019\/11\/Nibaldo-Gomez-Ahumada-Pensionado.jpg?resize=580%2C359\" alt=\"Nibaldo G\u00f3mez Ahumada, jubilado de 77 a\u00f1os de edad que debe seguir trabajando porque la pensi\u00f3n no le alcanza.\" width=\"580\" height=\"359\" srcset=\"https:\/\/i0.wp.com\/eltrabajo.cl\/portal\/wp-content\/uploads\/2019\/11\/Nibaldo-Gomez-Ahumada-Pensionado.jpg?w=580&amp;ssl=1 580w, https:\/\/i0.wp.com\/eltrabajo.cl\/portal\/wp-content\/uploads\/2019\/11\/Nibaldo-Gomez-Ahumada-Pensionado.jpg?resize=200%2C124&amp;ssl=1 200w, https:\/\/i0.wp.com\/eltrabajo.cl\/portal\/wp-content\/uploads\/2019\/11\/Nibaldo-Gomez-Ahumada-Pensionado.jpg?resize=300%2C186&amp;ssl=1 300w, https:\/\/i0.wp.com\/eltrabajo.cl\/portal\/wp-content\/uploads\/2019\/11\/Nibaldo-Gomez-Ahumada-Pensionado.jpg?resize=242%2C150&amp;ssl=1 242w, https:\/\/i0.wp.com\/eltrabajo.cl\/portal\/wp-content\/uploads\/2019\/11\/Nibaldo-Gomez-Ahumada-Pensionado.jpg?resize=400%2C248&amp;ssl=1 400w\" sizes=\"auto, (max-width: 580px) 100vw, 580px\" \/><figcaption id=\"caption-attachment-95374\" class=\"wp-caption-text\">Nibaldo G\u00f3mez Ahumada, jubilado de 77 a\u00f1os de edad que debe seguir trabajando porque la pensi\u00f3n no le alcanza.<\/figcaption><\/figure>\n","protected":false},"excerpt":{"rendered":"<p>Vendiendo cecinas logra apenas sobrevivir: Don Nibaldo Paulino G\u00f3mez Ahumada es un hombre de 77 a\u00f1os de edad que, debido a su baja pensi\u00f3n, debe seguir trabajando, al igual como lo debe&#8230;<\/p>\n","protected":false},"author":482,"featured_media":95374,"comment_status":"open","ping_status":"open","sticky":false,"template":"","format":"standard","meta":{"advanced_seo_description":"","jetpack_seo_html_title":"","jetpack_seo_noindex":false,"_jetpack_memberships_contains_paid_content":false,"footnotes":""},"categories":[15],"tags":[],"class_list":["post-95373","post","type-post","status-publish","format-standard","has-post-thumbnail","hentry","category-comunidad"],"jetpack_featured_media_url":"https:\/\/i0.wp.com\/eltrabajo.cl\/portal\/wp-content\/uploads\/2019\/11\/Nibaldo-Gomez-Ahumada-Pensionado.jpg?fit=580%2C359&ssl=1","jetpack_sharing_enabled":true,"jetpack_likes_enabled":true,"jetpack-related-posts":[],"_links":{"self":[{"href":"https:\/\/eltrabajo.cl\/portal\/wp-json\/wp\/v2\/posts\/95373","targetHints":{"allow":["GET"]}}],"collection":[{"href":"https:\/\/eltrabajo.cl\/portal\/wp-json\/wp\/v2\/posts"}],"about":[{"href":"https:\/\/eltrabajo.cl\/portal\/wp-json\/wp\/v2\/types\/post"}],"author":[{"embeddable":true,"href":"https:\/\/eltrabajo.cl\/portal\/wp-json\/wp\/v2\/users\/482"}],"replies":[{"embeddable":true,"href":"https:\/\/eltrabajo.cl\/portal\/wp-json\/wp\/v2\/comments?post=95373"}],"version-history":[{"count":0,"href":"https:\/\/eltrabajo.cl\/portal\/wp-json\/wp\/v2\/posts\/95373\/revisions"}],"wp:featuredmedia":[{"embeddable":true,"href":"https:\/\/eltrabajo.cl\/portal\/wp-json\/wp\/v2\/media\/95374"}],"wp:attachment":[{"href":"https:\/\/eltrabajo.cl\/portal\/wp-json\/wp\/v2\/media?parent=95373"}],"wp:term":[{"taxonomy":"category","embeddable":true,"href":"https:\/\/eltrabajo.cl\/portal\/wp-json\/wp\/v2\/categories?post=95373"},{"taxonomy":"post_tag","embeddable":true,"href":"https:\/\/eltrabajo.cl\/portal\/wp-json\/wp\/v2\/tags?post=95373"}],"curies":[{"name":"wp","href":"https:\/\/api.w.org\/{rel}","templated":true}]}}