{"id":95376,"date":"2019-11-14T05:06:19","date_gmt":"2019-11-14T08:06:19","guid":{"rendered":"http:\/\/www.eltrabajo.cl\/portal\/?p=95376"},"modified":"2019-11-13T21:02:28","modified_gmt":"2019-11-14T00:02:28","slug":"cuantiosos-danos-y-hasta-un-camion-quemado-en-av-manso-de-velasco-deja-noche-de-violencia","status":"publish","type":"post","link":"https:\/\/eltrabajo.cl\/portal\/cuantiosos-danos-y-hasta-un-camion-quemado-en-av-manso-de-velasco-deja-noche-de-violencia\/","title":{"rendered":"Cuantiosos da\u00f1os y hasta un cami\u00f3n quemado en Av. Manso de Velasco deja noche de violencia"},"content":{"rendered":"<p><span style=\"color: #ff0000;\"><strong>Triste panorama en entrada principal a San Felipe:<\/strong><\/span><\/p>\n<ul>\n<li><strong>Los disturbios se concentraron en Puente El Rey durante la noche de este martes, en medio del convocado Paro Nacional.<\/strong><\/li>\n<\/ul>\n<p>Violentos desmanes, saqueos y el incendio a un cami\u00f3n fueron parte de los sucesos que se desataron en Avenida Manso de Velasco, a pasos de Puente El Rey en San Felipe, donde se concentr\u00f3 un alto n\u00famero de manifestantes desde las 19:00 horas de este martes hasta la madrugada.<\/p>\n<p>Los desmanes comenzaron luego que un grupo de ciudadanos se concentr\u00f3 durante la tarde en el sector de la Cancha de Tenis, donde nuevamente se encendieron barricadas para bloquear el flujo vehicular.<\/p>\n<p>Posteriormente los manifestantes fueron circulando por Alameda Chacabuco en direcci\u00f3n a Puente El Rey, donde se comenzaron a realizar diversos disturbios al caer la noche. En este sentido, ambas bencineras ubicadas en Avenida Manso de Velasco fueron saqueadas con diversos art\u00edculos para ser quemadas en las barricadas.<\/p>\n<p>Asimismo, las c\u00e1maras de seguridad y lectora de patentes instaladas en este punto fueron destruidas por los manifestantes. Mismo situaci\u00f3n fue la que ocurri\u00f3 con un cami\u00f3n estacionado que fue volcado por los violentistas y posteriormente incendiado en medio de la calzada.<\/p>\n<p><strong>Pablo Salinas Sald\u00edas<\/strong><\/p>\n<figure id=\"attachment_95377\" aria-describedby=\"caption-attachment-95377\" style=\"width: 580px\" class=\"wp-caption alignnone\"><img data-recalc-dims=\"1\" loading=\"lazy\" decoding=\"async\" class=\"size-full wp-image-95377\" src=\"https:\/\/i0.wp.com\/www.eltrabajo.cl\/portal\/wp-content\/uploads\/2019\/11\/saldo1.jpg?resize=580%2C360\" alt=\"El triste panorama en la entrada principal hacia San Felipe en Puente El Rey tras el encendido de barricadas.\" width=\"580\" height=\"360\" srcset=\"https:\/\/i0.wp.com\/eltrabajo.cl\/portal\/wp-content\/uploads\/2019\/11\/saldo1.jpg?w=580&amp;ssl=1 580w, https:\/\/i0.wp.com\/eltrabajo.cl\/portal\/wp-content\/uploads\/2019\/11\/saldo1.jpg?resize=200%2C124&amp;ssl=1 200w, https:\/\/i0.wp.com\/eltrabajo.cl\/portal\/wp-content\/uploads\/2019\/11\/saldo1.jpg?resize=300%2C186&amp;ssl=1 300w, https:\/\/i0.wp.com\/eltrabajo.cl\/portal\/wp-content\/uploads\/2019\/11\/saldo1.jpg?resize=242%2C150&amp;ssl=1 242w, https:\/\/i0.wp.com\/eltrabajo.cl\/portal\/wp-content\/uploads\/2019\/11\/saldo1.jpg?resize=400%2C248&amp;ssl=1 400w\" sizes=\"auto, (max-width: 580px) 100vw, 580px\" \/><figcaption id=\"caption-attachment-95377\" class=\"wp-caption-text\">El triste panorama en la entrada principal hacia San Felipe en Puente El Rey tras el encendido de barricadas.<\/figcaption><\/figure>\n<figure id=\"attachment_95378\" aria-describedby=\"caption-attachment-95378\" style=\"width: 578px\" class=\"wp-caption alignnone\"><img data-recalc-dims=\"1\" loading=\"lazy\" decoding=\"async\" class=\"size-full wp-image-95378\" src=\"https:\/\/i0.wp.com\/www.eltrabajo.cl\/portal\/wp-content\/uploads\/2019\/11\/saldo2.jpg?resize=578%2C360\" alt=\"El cami\u00f3n fue volcado e incendiado por grupo de manifestantes.\" width=\"578\" height=\"360\" srcset=\"https:\/\/i0.wp.com\/eltrabajo.cl\/portal\/wp-content\/uploads\/2019\/11\/saldo2.jpg?w=578&amp;ssl=1 578w, https:\/\/i0.wp.com\/eltrabajo.cl\/portal\/wp-content\/uploads\/2019\/11\/saldo2.jpg?resize=200%2C125&amp;ssl=1 200w, https:\/\/i0.wp.com\/eltrabajo.cl\/portal\/wp-content\/uploads\/2019\/11\/saldo2.jpg?resize=300%2C187&amp;ssl=1 300w, https:\/\/i0.wp.com\/eltrabajo.cl\/portal\/wp-content\/uploads\/2019\/11\/saldo2.jpg?resize=241%2C150&amp;ssl=1 241w, https:\/\/i0.wp.com\/eltrabajo.cl\/portal\/wp-content\/uploads\/2019\/11\/saldo2.jpg?resize=400%2C249&amp;ssl=1 400w\" sizes=\"auto, (max-width: 578px) 100vw, 578px\" \/><figcaption id=\"caption-attachment-95378\" class=\"wp-caption-text\">El cami\u00f3n fue volcado e incendiado por grupo de manifestantes.<\/figcaption><\/figure>\n<figure id=\"attachment_95379\" aria-describedby=\"caption-attachment-95379\" style=\"width: 580px\" class=\"wp-caption alignnone\"><img data-recalc-dims=\"1\" loading=\"lazy\" decoding=\"async\" class=\"size-full wp-image-95379\" src=\"https:\/\/i0.wp.com\/www.eltrabajo.cl\/portal\/wp-content\/uploads\/2019\/11\/saldo3.jpg?resize=580%2C359\" alt=\"Las bencineras Shell y Copec ubicadas en Avenida Manso de Velasco, fueron saqueadas por los manifestantes.\" width=\"580\" height=\"359\" srcset=\"https:\/\/i0.wp.com\/eltrabajo.cl\/portal\/wp-content\/uploads\/2019\/11\/saldo3.jpg?w=580&amp;ssl=1 580w, https:\/\/i0.wp.com\/eltrabajo.cl\/portal\/wp-content\/uploads\/2019\/11\/saldo3.jpg?resize=200%2C124&amp;ssl=1 200w, https:\/\/i0.wp.com\/eltrabajo.cl\/portal\/wp-content\/uploads\/2019\/11\/saldo3.jpg?resize=300%2C186&amp;ssl=1 300w, https:\/\/i0.wp.com\/eltrabajo.cl\/portal\/wp-content\/uploads\/2019\/11\/saldo3.jpg?resize=242%2C150&amp;ssl=1 242w, https:\/\/i0.wp.com\/eltrabajo.cl\/portal\/wp-content\/uploads\/2019\/11\/saldo3.jpg?resize=400%2C248&amp;ssl=1 400w\" sizes=\"auto, (max-width: 580px) 100vw, 580px\" \/><figcaption id=\"caption-attachment-95379\" class=\"wp-caption-text\">Las bencineras Shell y Copec ubicadas en Avenida Manso de Velasco, fueron saqueadas por los manifestantes.<\/figcaption><\/figure>\n","protected":false},"excerpt":{"rendered":"<p>Triste panorama en entrada principal a San Felipe: Los disturbios se concentraron en Puente El Rey durante la noche de este martes, en medio del convocado Paro Nacional. Violentos desmanes, saqueos y&#8230;<\/p>\n","protected":false},"author":482,"featured_media":95377,"comment_status":"open","ping_status":"open","sticky":false,"template":"","format":"standard","meta":{"advanced_seo_description":"","jetpack_seo_html_title":"","jetpack_seo_noindex":false,"_jetpack_memberships_contains_paid_content":false,"footnotes":""},"categories":[21],"tags":[],"class_list":["post-95376","post","type-post","status-publish","format-standard","has-post-thumbnail","hentry","category-policial"],"jetpack_featured_media_url":"https:\/\/i0.wp.com\/eltrabajo.cl\/portal\/wp-content\/uploads\/2019\/11\/saldo1.jpg?fit=580%2C360&ssl=1","jetpack_sharing_enabled":true,"jetpack_likes_enabled":true,"jetpack-related-posts":[],"_links":{"self":[{"href":"https:\/\/eltrabajo.cl\/portal\/wp-json\/wp\/v2\/posts\/95376","targetHints":{"allow":["GET"]}}],"collection":[{"href":"https:\/\/eltrabajo.cl\/portal\/wp-json\/wp\/v2\/posts"}],"about":[{"href":"https:\/\/eltrabajo.cl\/portal\/wp-json\/wp\/v2\/types\/post"}],"author":[{"embeddable":true,"href":"https:\/\/eltrabajo.cl\/portal\/wp-json\/wp\/v2\/users\/482"}],"replies":[{"embeddable":true,"href":"https:\/\/eltrabajo.cl\/portal\/wp-json\/wp\/v2\/comments?post=95376"}],"version-history":[{"count":0,"href":"https:\/\/eltrabajo.cl\/portal\/wp-json\/wp\/v2\/posts\/95376\/revisions"}],"wp:featuredmedia":[{"embeddable":true,"href":"https:\/\/eltrabajo.cl\/portal\/wp-json\/wp\/v2\/media\/95377"}],"wp:attachment":[{"href":"https:\/\/eltrabajo.cl\/portal\/wp-json\/wp\/v2\/media?parent=95376"}],"wp:term":[{"taxonomy":"category","embeddable":true,"href":"https:\/\/eltrabajo.cl\/portal\/wp-json\/wp\/v2\/categories?post=95376"},{"taxonomy":"post_tag","embeddable":true,"href":"https:\/\/eltrabajo.cl\/portal\/wp-json\/wp\/v2\/tags?post=95376"}],"curies":[{"name":"wp","href":"https:\/\/api.w.org\/{rel}","templated":true}]}}