{"id":95387,"date":"2019-11-14T05:07:57","date_gmt":"2019-11-14T08:07:57","guid":{"rendered":"http:\/\/www.eltrabajo.cl\/portal\/?p=95387"},"modified":"2019-11-13T21:10:52","modified_gmt":"2019-11-14T00:10:52","slug":"siete-detenidos-por-saqueos-a-dos-supermercados-de-san-felipe","status":"publish","type":"post","link":"https:\/\/eltrabajo.cl\/portal\/siete-detenidos-por-saqueos-a-dos-supermercados-de-san-felipe\/","title":{"rendered":"Siete detenidos por incidentes y saqueos a dos supermercados de San Felipe"},"content":{"rendered":"<p><span style=\"color: #ff0000;\"><strong>Incidentes afectaron a tienda en calle Traslavi\u00f1a:<\/strong><\/span><\/p>\n<ul>\n<li><strong>Manifestantes atacaron AFP Capital y apedrearon ventanales de sucursal de Servi Estado de calle Santo Domingo en San Felipe, durante los disturbios ocurridos este martes.<\/strong><\/li>\n<\/ul>\n<p>Nuevamente saqueos a dos supermercados de la comuna de San Felipe, Confecciones Pimpo, AFP Capital y apedreos a la sucursal ServiEstado de calle Santo Domingo, fueron el negativo balance de la violenta noche de incidentes ocurridos este martes.<\/p>\n<p>As\u00ed lo confirm\u00f3 el gobernador de San Felipe, <strong>Claudio Rodr\u00edguez Cataldo<\/strong>, quien junto con repudiar estos actos vand\u00e1licos y llamar a la paz social, detall\u00f3 los disturbios ocurridos durante la jornada de movilizaciones, resultando personas detenidas por diferentes hechos.<\/p>\n<p>\u00abManifestantes efectuaron barricadas con destrucci\u00f3n de se\u00f1al\u00e9ticas en la intersecci\u00f3n de las alamedas Yungay con Chacabuco, por lo que Carabineros debi\u00f3 actuar registr\u00e1ndose un total de siete detenidos por des\u00f3rdenes p\u00fablicos, de igual manera se efectuaron da\u00f1os y saqueos en el sector de Puente El Rey, que afectaron a ambas estaciones de servicios tanto Shell como Copec, adem\u00e1s de provocar cortes de suministro el\u00e9ctrico y la quema de un cami\u00f3n \u00be que estaba en las inmediaciones del lugar\u00bb.<\/p>\n<p>Asimismo la autoridad provincial sostuvo que durante la noche de este martes, se efectuaron da\u00f1os a la propiedad y saqueos de los Supermercados Santa Isabel de Avenida Yungay y Unimarc de Avenida Enc\u00f3n.<\/p>\n<p>\u00abTambi\u00e9n se efectuaron saqueos en el supermercado Unimarc en el sector, Enc\u00f3n donde se procedi\u00f3 a la detenci\u00f3n de siete adultos y un menor por robo en lugar no habitado. Tambi\u00e9n se produjo saqueos en el supermercado Santa Isabel de Avenida Yungay. Sujetos tambi\u00e9n procedieron a saquear Tienda Pimpo Confecciones, ubicada en Calle Traslavi\u00f1a N\u00ba289 y desconocidos procedieron a saquear las oficinas de la AFP Capital y apedrear ventanales de la oficina de ServiEstado\u00bb.<\/p>\n<p><strong>Pablo Salinas Sald\u00edas<\/strong><\/p>\n<figure id=\"attachment_95388\" aria-describedby=\"caption-attachment-95388\" style=\"width: 580px\" class=\"wp-caption alignnone\"><img data-recalc-dims=\"1\" loading=\"lazy\" decoding=\"async\" class=\"size-full wp-image-95388\" src=\"https:\/\/i0.wp.com\/www.eltrabajo.cl\/portal\/wp-content\/uploads\/2019\/11\/martes1.jpg?resize=580%2C360\" alt=\"La oficina de ServiEstado de Calle Santo Domingo fue apedreada por manifestantes.\" width=\"580\" height=\"360\" srcset=\"https:\/\/i0.wp.com\/eltrabajo.cl\/portal\/wp-content\/uploads\/2019\/11\/martes1.jpg?w=580&amp;ssl=1 580w, https:\/\/i0.wp.com\/eltrabajo.cl\/portal\/wp-content\/uploads\/2019\/11\/martes1.jpg?resize=200%2C124&amp;ssl=1 200w, https:\/\/i0.wp.com\/eltrabajo.cl\/portal\/wp-content\/uploads\/2019\/11\/martes1.jpg?resize=300%2C186&amp;ssl=1 300w, https:\/\/i0.wp.com\/eltrabajo.cl\/portal\/wp-content\/uploads\/2019\/11\/martes1.jpg?resize=242%2C150&amp;ssl=1 242w, https:\/\/i0.wp.com\/eltrabajo.cl\/portal\/wp-content\/uploads\/2019\/11\/martes1.jpg?resize=400%2C248&amp;ssl=1 400w\" sizes=\"auto, (max-width: 580px) 100vw, 580px\" \/><figcaption id=\"caption-attachment-95388\" class=\"wp-caption-text\">La oficina de ServiEstado de Calle Santo Domingo fue apedreada por manifestantes.<\/figcaption><\/figure>\n<figure id=\"attachment_95389\" aria-describedby=\"caption-attachment-95389\" style=\"width: 580px\" class=\"wp-caption alignnone\"><img data-recalc-dims=\"1\" loading=\"lazy\" decoding=\"async\" class=\"size-full wp-image-95389\" src=\"https:\/\/i0.wp.com\/www.eltrabajo.cl\/portal\/wp-content\/uploads\/2019\/11\/martes2.jpg?resize=580%2C359\" alt=\"P\u00e9rdidas millonarias para Tienda Pimpo Confecciones, ubicada en Calle Traslavi\u00f1a de San Felipe.\" width=\"580\" height=\"359\" srcset=\"https:\/\/i0.wp.com\/eltrabajo.cl\/portal\/wp-content\/uploads\/2019\/11\/martes2.jpg?w=580&amp;ssl=1 580w, https:\/\/i0.wp.com\/eltrabajo.cl\/portal\/wp-content\/uploads\/2019\/11\/martes2.jpg?resize=200%2C124&amp;ssl=1 200w, https:\/\/i0.wp.com\/eltrabajo.cl\/portal\/wp-content\/uploads\/2019\/11\/martes2.jpg?resize=300%2C186&amp;ssl=1 300w, https:\/\/i0.wp.com\/eltrabajo.cl\/portal\/wp-content\/uploads\/2019\/11\/martes2.jpg?resize=242%2C150&amp;ssl=1 242w, https:\/\/i0.wp.com\/eltrabajo.cl\/portal\/wp-content\/uploads\/2019\/11\/martes2.jpg?resize=400%2C248&amp;ssl=1 400w\" sizes=\"auto, (max-width: 580px) 100vw, 580px\" \/><figcaption id=\"caption-attachment-95389\" class=\"wp-caption-text\">P\u00e9rdidas millonarias para Tienda Pimpo Confecciones, ubicada en Calle Traslavi\u00f1a de San Felipe.<\/figcaption><\/figure>\n<figure id=\"attachment_95390\" aria-describedby=\"caption-attachment-95390\" style=\"width: 579px\" class=\"wp-caption alignnone\"><img data-recalc-dims=\"1\" loading=\"lazy\" decoding=\"async\" class=\"size-full wp-image-95390\" src=\"https:\/\/i0.wp.com\/www.eltrabajo.cl\/portal\/wp-content\/uploads\/2019\/11\/martes3.jpg?resize=579%2C773\" alt=\"En este estado qued\u00f3 el supermercado Unimarc de Avenida Enc\u00f3n tras ser nuevamente saqueado por sujetos.\" width=\"579\" height=\"773\" srcset=\"https:\/\/i0.wp.com\/eltrabajo.cl\/portal\/wp-content\/uploads\/2019\/11\/martes3.jpg?w=579&amp;ssl=1 579w, https:\/\/i0.wp.com\/eltrabajo.cl\/portal\/wp-content\/uploads\/2019\/11\/martes3.jpg?resize=112%2C150&amp;ssl=1 112w, https:\/\/i0.wp.com\/eltrabajo.cl\/portal\/wp-content\/uploads\/2019\/11\/martes3.jpg?resize=225%2C300&amp;ssl=1 225w, https:\/\/i0.wp.com\/eltrabajo.cl\/portal\/wp-content\/uploads\/2019\/11\/martes3.jpg?resize=400%2C534&amp;ssl=1 400w\" sizes=\"auto, (max-width: 579px) 100vw, 579px\" \/><figcaption id=\"caption-attachment-95390\" class=\"wp-caption-text\">En este estado qued\u00f3 el supermercado Unimarc de Avenida Enc\u00f3n tras ser nuevamente saqueado por sujetos.<\/figcaption><\/figure>\n","protected":false},"excerpt":{"rendered":"<p>Incidentes afectaron a tienda en calle Traslavi\u00f1a: Manifestantes atacaron AFP Capital y apedrearon ventanales de sucursal de Servi Estado de calle Santo Domingo en San Felipe, durante los disturbios ocurridos este martes&#8230;.<\/p>\n","protected":false},"author":482,"featured_media":95389,"comment_status":"open","ping_status":"open","sticky":false,"template":"","format":"standard","meta":{"advanced_seo_description":"","jetpack_seo_html_title":"","jetpack_seo_noindex":false,"_jetpack_memberships_contains_paid_content":false,"footnotes":""},"categories":[21],"tags":[],"class_list":["post-95387","post","type-post","status-publish","format-standard","has-post-thumbnail","hentry","category-policial"],"jetpack_featured_media_url":"https:\/\/i0.wp.com\/eltrabajo.cl\/portal\/wp-content\/uploads\/2019\/11\/martes2.jpg?fit=580%2C359&ssl=1","jetpack_sharing_enabled":true,"jetpack_likes_enabled":true,"jetpack-related-posts":[],"_links":{"self":[{"href":"https:\/\/eltrabajo.cl\/portal\/wp-json\/wp\/v2\/posts\/95387","targetHints":{"allow":["GET"]}}],"collection":[{"href":"https:\/\/eltrabajo.cl\/portal\/wp-json\/wp\/v2\/posts"}],"about":[{"href":"https:\/\/eltrabajo.cl\/portal\/wp-json\/wp\/v2\/types\/post"}],"author":[{"embeddable":true,"href":"https:\/\/eltrabajo.cl\/portal\/wp-json\/wp\/v2\/users\/482"}],"replies":[{"embeddable":true,"href":"https:\/\/eltrabajo.cl\/portal\/wp-json\/wp\/v2\/comments?post=95387"}],"version-history":[{"count":0,"href":"https:\/\/eltrabajo.cl\/portal\/wp-json\/wp\/v2\/posts\/95387\/revisions"}],"wp:featuredmedia":[{"embeddable":true,"href":"https:\/\/eltrabajo.cl\/portal\/wp-json\/wp\/v2\/media\/95389"}],"wp:attachment":[{"href":"https:\/\/eltrabajo.cl\/portal\/wp-json\/wp\/v2\/media?parent=95387"}],"wp:term":[{"taxonomy":"category","embeddable":true,"href":"https:\/\/eltrabajo.cl\/portal\/wp-json\/wp\/v2\/categories?post=95387"},{"taxonomy":"post_tag","embeddable":true,"href":"https:\/\/eltrabajo.cl\/portal\/wp-json\/wp\/v2\/tags?post=95387"}],"curies":[{"name":"wp","href":"https:\/\/api.w.org\/{rel}","templated":true}]}}