{"id":95393,"date":"2019-11-14T05:08:02","date_gmt":"2019-11-14T08:08:02","guid":{"rendered":"http:\/\/www.eltrabajo.cl\/portal\/?p=95393"},"modified":"2019-11-13T21:14:22","modified_gmt":"2019-11-14T00:14:22","slug":"detienen-a-un-sujeto-acusado-como-presunto-autor-de-incendio-al-peaje-las-vegas","status":"publish","type":"post","link":"https:\/\/eltrabajo.cl\/portal\/detienen-a-un-sujeto-acusado-como-presunto-autor-de-incendio-al-peaje-las-vegas\/","title":{"rendered":"Detienen a un sujeto acusado como presunto autor de incendio al Peaje Las Vegas"},"content":{"rendered":"<p><span style=\"color: #ff0000;\"><strong>Rastreado por fotos y videos inform\u00f3 Carabineros:<\/strong><\/span><\/p>\n<ul>\n<li><strong>El imputado fue detenido junto a otro sujeto acusados de apedrear el cuartel policial de Llay Llay y provocar da\u00f1os a una patrulla de la instituci\u00f3n uniformada.\u00a0 Ambos fueron derivados hasta tribunales para ser formalizados por la fiscal\u00eda.<\/strong><\/li>\n<\/ul>\n<p>Por los delitos de da\u00f1os fiscales, des\u00f3rdenes p\u00fablicos e incendio al Peaje Las Vegas de Llay Llay, fue detenido por Carabineros un sujeto de 32 a\u00f1os de edad, en medio de los violentos disturbios ocurridos este martes en la ruta 5 Norte.<\/p>\n<p>As\u00ed lo inform\u00f3 a <strong>Diario El Trabajo<\/strong>, el subcomisario de Carabineros de Llay Llay, <strong>Rafael Ram\u00edrez<\/strong>, sosteniendo que a eso de las 15:00 horas de este martes, el imputado junto a otro sujeto fueron detenidos como presuntos autores de atacar con piedras el cuartel policial de esa comuna.<\/p>\n<p>Asimismo uno de los detenidos identificado con las iniciales <strong>M.H.Y.C.<\/strong>, tendr\u00eda participaci\u00f3n directa en el incendio que destruy\u00f3 totalmente las casetas y oficinas administrativas del Peaje Las Vegas ubicado en la ruta 5 Norte de la comuna de Llay Llay, tras an\u00e1lisis de videos y fotograf\u00edas registradas en el sitio del suceso.<\/p>\n<p>\u00ab<em>Luego de su detenci\u00f3n pudimos establecer mediante fotos y videos que tuvo una participaci\u00f3n directa en el Peaje, adem\u00e1s de ocasionar da\u00f1os al veh\u00edculo fiscal nuestro\u00bb.<\/em><\/p>\n<p>El acusado, con amplio prontuario delictual y domiciliado en la comuna de Llay Llay, fue derivado ayer mi\u00e9rcoles hasta el Juzgado de Garant\u00eda de San Felipe para ser formalizado por la Fiscal\u00eda, quien inici\u00f3 la investigaci\u00f3n del caso.<\/p>\n<p><strong>Pablo Salinas Sald\u00edas<\/strong><\/p>\n<figure id=\"attachment_95395\" aria-describedby=\"caption-attachment-95395\" style=\"width: 580px\" class=\"wp-caption alignnone\"><img data-recalc-dims=\"1\" loading=\"lazy\" decoding=\"async\" class=\"size-full wp-image-95395\" src=\"https:\/\/i0.wp.com\/www.eltrabajo.cl\/portal\/wp-content\/uploads\/2019\/11\/queman-peaje-las-vegas-2.jpg?resize=580%2C580\" alt=\"El incendio destruy\u00f3 las casetas del Peaje Las Vegas de Llay Llay.\" width=\"580\" height=\"580\" srcset=\"https:\/\/i0.wp.com\/eltrabajo.cl\/portal\/wp-content\/uploads\/2019\/11\/queman-peaje-las-vegas-2.jpg?w=580&amp;ssl=1 580w, https:\/\/i0.wp.com\/eltrabajo.cl\/portal\/wp-content\/uploads\/2019\/11\/queman-peaje-las-vegas-2.jpg?resize=150%2C150&amp;ssl=1 150w, https:\/\/i0.wp.com\/eltrabajo.cl\/portal\/wp-content\/uploads\/2019\/11\/queman-peaje-las-vegas-2.jpg?resize=300%2C300&amp;ssl=1 300w, https:\/\/i0.wp.com\/eltrabajo.cl\/portal\/wp-content\/uploads\/2019\/11\/queman-peaje-las-vegas-2.jpg?resize=400%2C400&amp;ssl=1 400w, https:\/\/i0.wp.com\/eltrabajo.cl\/portal\/wp-content\/uploads\/2019\/11\/queman-peaje-las-vegas-2.jpg?resize=144%2C144&amp;ssl=1 144w\" sizes=\"auto, (max-width: 580px) 100vw, 580px\" \/><figcaption id=\"caption-attachment-95395\" class=\"wp-caption-text\">El incendio destruy\u00f3 las casetas del Peaje Las Vegas de Llay Llay.<\/figcaption><\/figure>\n<figure id=\"attachment_95396\" aria-describedby=\"caption-attachment-95396\" style=\"width: 579px\" class=\"wp-caption alignnone\"><img data-recalc-dims=\"1\" loading=\"lazy\" decoding=\"async\" class=\"size-full wp-image-95396\" src=\"https:\/\/i0.wp.com\/www.eltrabajo.cl\/portal\/wp-content\/uploads\/2019\/11\/queman-peaje-las-vegas-3.jpg?resize=579%2C444\" alt=\"Las oficinas administrativas resultaron completamente da\u00f1adas.\" width=\"579\" height=\"444\" srcset=\"https:\/\/i0.wp.com\/eltrabajo.cl\/portal\/wp-content\/uploads\/2019\/11\/queman-peaje-las-vegas-3.jpg?w=579&amp;ssl=1 579w, https:\/\/i0.wp.com\/eltrabajo.cl\/portal\/wp-content\/uploads\/2019\/11\/queman-peaje-las-vegas-3.jpg?resize=196%2C150&amp;ssl=1 196w, https:\/\/i0.wp.com\/eltrabajo.cl\/portal\/wp-content\/uploads\/2019\/11\/queman-peaje-las-vegas-3.jpg?resize=300%2C230&amp;ssl=1 300w, https:\/\/i0.wp.com\/eltrabajo.cl\/portal\/wp-content\/uploads\/2019\/11\/queman-peaje-las-vegas-3.jpg?resize=400%2C307&amp;ssl=1 400w\" sizes=\"auto, (max-width: 579px) 100vw, 579px\" \/><figcaption id=\"caption-attachment-95396\" class=\"wp-caption-text\">Las oficinas administrativas resultaron completamente da\u00f1adas.<\/figcaption><\/figure>\n<figure id=\"attachment_95397\" aria-describedby=\"caption-attachment-95397\" style=\"width: 579px\" class=\"wp-caption alignnone\"><img data-recalc-dims=\"1\" loading=\"lazy\" decoding=\"async\" class=\"size-full wp-image-95397\" src=\"https:\/\/i0.wp.com\/www.eltrabajo.cl\/portal\/wp-content\/uploads\/2019\/11\/queman-peaje-las-vegas-4.jpg?resize=579%2C420\" alt=\"El incendio intencional ocurri\u00f3 durante las manifestaciones de este martes en la ruta 5 Norte de Llay Llay.\" width=\"579\" height=\"420\" srcset=\"https:\/\/i0.wp.com\/eltrabajo.cl\/portal\/wp-content\/uploads\/2019\/11\/queman-peaje-las-vegas-4.jpg?w=579&amp;ssl=1 579w, https:\/\/i0.wp.com\/eltrabajo.cl\/portal\/wp-content\/uploads\/2019\/11\/queman-peaje-las-vegas-4.jpg?resize=200%2C145&amp;ssl=1 200w, https:\/\/i0.wp.com\/eltrabajo.cl\/portal\/wp-content\/uploads\/2019\/11\/queman-peaje-las-vegas-4.jpg?resize=300%2C218&amp;ssl=1 300w, https:\/\/i0.wp.com\/eltrabajo.cl\/portal\/wp-content\/uploads\/2019\/11\/queman-peaje-las-vegas-4.jpg?resize=207%2C150&amp;ssl=1 207w, https:\/\/i0.wp.com\/eltrabajo.cl\/portal\/wp-content\/uploads\/2019\/11\/queman-peaje-las-vegas-4.jpg?resize=400%2C290&amp;ssl=1 400w\" sizes=\"auto, (max-width: 579px) 100vw, 579px\" \/><figcaption id=\"caption-attachment-95397\" class=\"wp-caption-text\">El incendio intencional ocurri\u00f3 durante las manifestaciones de este martes en la ruta 5 Norte de Llay Llay.<\/figcaption><\/figure>\n<figure id=\"attachment_95322\" aria-describedby=\"caption-attachment-95322\" style=\"width: 580px\" class=\"wp-caption alignnone\"><img data-recalc-dims=\"1\" loading=\"lazy\" decoding=\"async\" class=\"size-full wp-image-95322\" src=\"https:\/\/i0.wp.com\/www.eltrabajo.cl\/portal\/wp-content\/uploads\/2019\/11\/peaje-2.jpg?resize=580%2C360\" alt=\"Las casetas de cobro del peaje fueron destruidas e incendiadas.\" width=\"580\" height=\"360\" srcset=\"https:\/\/i0.wp.com\/eltrabajo.cl\/portal\/wp-content\/uploads\/2019\/11\/peaje-2.jpg?w=580&amp;ssl=1 580w, https:\/\/i0.wp.com\/eltrabajo.cl\/portal\/wp-content\/uploads\/2019\/11\/peaje-2.jpg?resize=200%2C124&amp;ssl=1 200w, https:\/\/i0.wp.com\/eltrabajo.cl\/portal\/wp-content\/uploads\/2019\/11\/peaje-2.jpg?resize=300%2C186&amp;ssl=1 300w, https:\/\/i0.wp.com\/eltrabajo.cl\/portal\/wp-content\/uploads\/2019\/11\/peaje-2.jpg?resize=242%2C150&amp;ssl=1 242w, https:\/\/i0.wp.com\/eltrabajo.cl\/portal\/wp-content\/uploads\/2019\/11\/peaje-2.jpg?resize=400%2C248&amp;ssl=1 400w\" sizes=\"auto, (max-width: 580px) 100vw, 580px\" \/><figcaption id=\"caption-attachment-95322\" class=\"wp-caption-text\">Las casetas de cobro del peaje fueron destruidas e incendiadas.<\/figcaption><\/figure>\n<p>&nbsp;<\/p>\n","protected":false},"excerpt":{"rendered":"<p>Rastreado por fotos y videos inform\u00f3 Carabineros: El imputado fue detenido junto a otro sujeto acusados de apedrear el cuartel policial de Llay Llay y provocar da\u00f1os a una patrulla de la&#8230;<\/p>\n","protected":false},"author":482,"featured_media":95322,"comment_status":"open","ping_status":"open","sticky":false,"template":"","format":"standard","meta":{"advanced_seo_description":"","jetpack_seo_html_title":"","jetpack_seo_noindex":false,"_jetpack_memberships_contains_paid_content":false,"footnotes":""},"categories":[21],"tags":[],"class_list":["post-95393","post","type-post","status-publish","format-standard","has-post-thumbnail","hentry","category-policial"],"jetpack_featured_media_url":"https:\/\/i0.wp.com\/eltrabajo.cl\/portal\/wp-content\/uploads\/2019\/11\/peaje-2.jpg?fit=580%2C360&ssl=1","jetpack_sharing_enabled":true,"jetpack_likes_enabled":true,"jetpack-related-posts":[],"_links":{"self":[{"href":"https:\/\/eltrabajo.cl\/portal\/wp-json\/wp\/v2\/posts\/95393","targetHints":{"allow":["GET"]}}],"collection":[{"href":"https:\/\/eltrabajo.cl\/portal\/wp-json\/wp\/v2\/posts"}],"about":[{"href":"https:\/\/eltrabajo.cl\/portal\/wp-json\/wp\/v2\/types\/post"}],"author":[{"embeddable":true,"href":"https:\/\/eltrabajo.cl\/portal\/wp-json\/wp\/v2\/users\/482"}],"replies":[{"embeddable":true,"href":"https:\/\/eltrabajo.cl\/portal\/wp-json\/wp\/v2\/comments?post=95393"}],"version-history":[{"count":0,"href":"https:\/\/eltrabajo.cl\/portal\/wp-json\/wp\/v2\/posts\/95393\/revisions"}],"wp:featuredmedia":[{"embeddable":true,"href":"https:\/\/eltrabajo.cl\/portal\/wp-json\/wp\/v2\/media\/95322"}],"wp:attachment":[{"href":"https:\/\/eltrabajo.cl\/portal\/wp-json\/wp\/v2\/media?parent=95393"}],"wp:term":[{"taxonomy":"category","embeddable":true,"href":"https:\/\/eltrabajo.cl\/portal\/wp-json\/wp\/v2\/categories?post=95393"},{"taxonomy":"post_tag","embeddable":true,"href":"https:\/\/eltrabajo.cl\/portal\/wp-json\/wp\/v2\/tags?post=95393"}],"curies":[{"name":"wp","href":"https:\/\/api.w.org\/{rel}","templated":true}]}}