{"id":95399,"date":"2019-11-15T05:01:42","date_gmt":"2019-11-15T08:01:42","guid":{"rendered":"http:\/\/www.eltrabajo.cl\/portal\/?p=95399"},"modified":"2019-11-14T21:04:47","modified_gmt":"2019-11-15T00:04:47","slug":"antisociales-roban-alimentacion-de-los-alumnos-de-la-escuela-john-kennedy","status":"publish","type":"post","link":"https:\/\/eltrabajo.cl\/portal\/antisociales-roban-alimentacion-de-los-alumnos-de-la-escuela-john-kennedy\/","title":{"rendered":"Antisociales roban alimentaci\u00f3n de los alumnos de la Escuela John Kennedy"},"content":{"rendered":"<p>Diversas especies, que estaban destinadas para el desayuno y almuerzo de los ni\u00f1os de la Escuela John Kennedy, fueron robadas en horas de la madrugada de este jueves por antisociales. El hecho qued\u00f3 al descubierto en horas de la ma\u00f1ana, cuando el equipo directivo revis\u00f3 el establecimiento y encontr\u00f3 una ventana rota y los refrigeradores, que est\u00e1n ubicados en el casino de la escuela, donde se manten\u00edan los productos, con sus seguros rotos.<\/p>\n<p>Al lugar se traslad\u00f3 el director de la DAEM, <strong>Iv\u00e1n Silva<\/strong>, para entrevistarse con la directora del establecimiento, Marianela Parada, quien le dio a conocer la situaci\u00f3n, se\u00f1alando que el aval\u00fao del robo es de alrededor de 500.000 pesos, entre las especies sustra\u00eddas y los da\u00f1os a la escuela.<\/p>\n<p>\u00ab<em>Alrededor de las tres de la ma\u00f1ana hicieron ingreso algunos personajes a la escuela, los cuales invadieron el sector de alimentaci\u00f3n de los ni\u00f1os, se llevaron bastantes productos, rompieron las chapas de los congeladores, donde ellos sacaron productos l\u00e1cteos que estaban protegidos para nuestros menores y algunas bodegas, pero ah\u00ed no hubo p\u00e9rdida. Esta sensaci\u00f3n de angustia que tenemos es bastante importante como comunidad educativa<\/em>\u00bb, dijo <strong>Marianela Parada<\/strong>, directora de la Escuela John Kennedy.<\/p>\n<p>Seg\u00fan explic\u00f3 la directora, los antisociales sustrajeron 50 kilos de papas, 30 kilos de arroz, aceite, leche, queso, entre otras especies, lo que durante la semana ser\u00e1 repuesto para no afectar la alimentaci\u00f3n de los ni\u00f1os de la escuela.<\/p>\n<p>\u00ab<em>Se va a reponer todo lo perdido para que los ni\u00f1os no se vean da\u00f1ados en su aimentaci\u00f3n diaria, porque en este momento la asistencia que tenemos es sobre el 90%, estamos con muy buena asistencia, entonces tenemos que responderle a nuestro ni\u00f1os<\/em>\u00bb, dijo la profesional.<\/p>\n<p>Y agreg\u00f3 que en estos d\u00edas, la escuela ha modificado los horarios, con el objetivo de pasar las materias a los alumnos y enviarlos m\u00e1s temprano a sus casas.<\/p>\n<p>\u00ab<em>Ellos vienen de distintos sectores, donde se han visto enfrentados a la violencia que est\u00e1 pasando el pa\u00eds en este momento y ellos ac\u00e1 se sienten bien, c\u00f3modos, acogidos y vamos a seguir trabajando, porque la idea es que los ni\u00f1os est\u00e9n bien atendidos y protegidos. Tenemos que dar las gracias a nuestro Alcalde y al jefe de Daem, porque de inmediato se pusieron en contacto con la escuela<\/em>\u00bb, sostuvo Parada.<\/p>\n<p>En ese sentido, entre las medidas adoptadas por la autoridad, se cuenta la contrataci\u00f3n de un guardia para evitar la ocurrencia de este tipo de hechos que afectan a los ni\u00f1os que asisten a la Escuela John Kennedy.<\/p>\n<figure id=\"attachment_95400\" aria-describedby=\"caption-attachment-95400\" style=\"width: 580px\" class=\"wp-caption alignnone\"><img data-recalc-dims=\"1\" loading=\"lazy\" decoding=\"async\" class=\"size-full wp-image-95400\" src=\"https:\/\/i0.wp.com\/www.eltrabajo.cl\/portal\/wp-content\/uploads\/2019\/11\/Escuela1.jpg?resize=580%2C359\" alt=\"El Jefe DAEM visit\u00f3 personalmente la escuela afectada, le atendi\u00f3 su directora Marianela Parada.\" width=\"580\" height=\"359\" srcset=\"https:\/\/i0.wp.com\/eltrabajo.cl\/portal\/wp-content\/uploads\/2019\/11\/Escuela1.jpg?w=580&amp;ssl=1 580w, https:\/\/i0.wp.com\/eltrabajo.cl\/portal\/wp-content\/uploads\/2019\/11\/Escuela1.jpg?resize=200%2C124&amp;ssl=1 200w, https:\/\/i0.wp.com\/eltrabajo.cl\/portal\/wp-content\/uploads\/2019\/11\/Escuela1.jpg?resize=300%2C186&amp;ssl=1 300w, https:\/\/i0.wp.com\/eltrabajo.cl\/portal\/wp-content\/uploads\/2019\/11\/Escuela1.jpg?resize=242%2C150&amp;ssl=1 242w, https:\/\/i0.wp.com\/eltrabajo.cl\/portal\/wp-content\/uploads\/2019\/11\/Escuela1.jpg?resize=400%2C248&amp;ssl=1 400w\" sizes=\"auto, (max-width: 580px) 100vw, 580px\" \/><figcaption id=\"caption-attachment-95400\" class=\"wp-caption-text\">El Jefe DAEM visit\u00f3 personalmente la escuela afectada, le atendi\u00f3 su directora Marianela Parada.<\/figcaption><\/figure>\n<figure id=\"attachment_95401\" aria-describedby=\"caption-attachment-95401\" style=\"width: 579px\" class=\"wp-caption alignnone\"><img data-recalc-dims=\"1\" loading=\"lazy\" decoding=\"async\" class=\"size-full wp-image-95401\" src=\"https:\/\/i0.wp.com\/www.eltrabajo.cl\/portal\/wp-content\/uploads\/2019\/11\/Escuela2.jpg?resize=579%2C435\" alt=\"Los pillos invadieron el sector de alimentaci\u00f3n de los ni\u00f1os, se llevaron bastantes productos, rompieron las chapas de los congeladores, donde ellos sacaron productos l\u00e1cteos.\" width=\"579\" height=\"435\" srcset=\"https:\/\/i0.wp.com\/eltrabajo.cl\/portal\/wp-content\/uploads\/2019\/11\/Escuela2.jpg?w=579&amp;ssl=1 579w, https:\/\/i0.wp.com\/eltrabajo.cl\/portal\/wp-content\/uploads\/2019\/11\/Escuela2.jpg?resize=200%2C150&amp;ssl=1 200w, https:\/\/i0.wp.com\/eltrabajo.cl\/portal\/wp-content\/uploads\/2019\/11\/Escuela2.jpg?resize=300%2C225&amp;ssl=1 300w, https:\/\/i0.wp.com\/eltrabajo.cl\/portal\/wp-content\/uploads\/2019\/11\/Escuela2.jpg?resize=400%2C301&amp;ssl=1 400w\" sizes=\"auto, (max-width: 579px) 100vw, 579px\" \/><figcaption id=\"caption-attachment-95401\" class=\"wp-caption-text\">Los pillos invadieron el sector de alimentaci\u00f3n de los ni\u00f1os, se llevaron bastantes productos, rompieron las chapas de los congeladores, donde ellos sacaron productos l\u00e1cteos.<\/figcaption><\/figure>\n<p>&nbsp;<\/p>\n","protected":false},"excerpt":{"rendered":"<p>Diversas especies, que estaban destinadas para el desayuno y almuerzo de los ni\u00f1os de la Escuela John Kennedy, fueron robadas en horas de la madrugada de este jueves por antisociales. El hecho&#8230;<\/p>\n","protected":false},"author":482,"featured_media":95400,"comment_status":"open","ping_status":"open","sticky":false,"template":"","format":"standard","meta":{"advanced_seo_description":"","jetpack_seo_html_title":"","jetpack_seo_noindex":false,"_jetpack_memberships_contains_paid_content":false,"footnotes":""},"categories":[21],"tags":[],"class_list":["post-95399","post","type-post","status-publish","format-standard","has-post-thumbnail","hentry","category-policial"],"jetpack_featured_media_url":"https:\/\/i0.wp.com\/eltrabajo.cl\/portal\/wp-content\/uploads\/2019\/11\/Escuela1.jpg?fit=580%2C359&ssl=1","jetpack_sharing_enabled":true,"jetpack_likes_enabled":true,"jetpack-related-posts":[],"_links":{"self":[{"href":"https:\/\/eltrabajo.cl\/portal\/wp-json\/wp\/v2\/posts\/95399","targetHints":{"allow":["GET"]}}],"collection":[{"href":"https:\/\/eltrabajo.cl\/portal\/wp-json\/wp\/v2\/posts"}],"about":[{"href":"https:\/\/eltrabajo.cl\/portal\/wp-json\/wp\/v2\/types\/post"}],"author":[{"embeddable":true,"href":"https:\/\/eltrabajo.cl\/portal\/wp-json\/wp\/v2\/users\/482"}],"replies":[{"embeddable":true,"href":"https:\/\/eltrabajo.cl\/portal\/wp-json\/wp\/v2\/comments?post=95399"}],"version-history":[{"count":0,"href":"https:\/\/eltrabajo.cl\/portal\/wp-json\/wp\/v2\/posts\/95399\/revisions"}],"wp:featuredmedia":[{"embeddable":true,"href":"https:\/\/eltrabajo.cl\/portal\/wp-json\/wp\/v2\/media\/95400"}],"wp:attachment":[{"href":"https:\/\/eltrabajo.cl\/portal\/wp-json\/wp\/v2\/media?parent=95399"}],"wp:term":[{"taxonomy":"category","embeddable":true,"href":"https:\/\/eltrabajo.cl\/portal\/wp-json\/wp\/v2\/categories?post=95399"},{"taxonomy":"post_tag","embeddable":true,"href":"https:\/\/eltrabajo.cl\/portal\/wp-json\/wp\/v2\/tags?post=95399"}],"curies":[{"name":"wp","href":"https:\/\/api.w.org\/{rel}","templated":true}]}}