{"id":95403,"date":"2019-11-15T05:02:56","date_gmt":"2019-11-15T08:02:56","guid":{"rendered":"http:\/\/www.eltrabajo.cl\/portal\/?p=95403"},"modified":"2019-11-14T21:06:29","modified_gmt":"2019-11-15T00:06:29","slug":"mujer-de-40-anos-de-edad-fue-hallada-muerta-flotando-en-laguna-tricahue","status":"publish","type":"post","link":"https:\/\/eltrabajo.cl\/portal\/mujer-de-40-anos-de-edad-fue-hallada-muerta-flotando-en-laguna-tricahue\/","title":{"rendered":"Mujer de 40 a\u00f1os de edad fue hallada muerta flotando en Laguna Tricahue"},"content":{"rendered":"<p><span style=\"color: #ff0000;\"><strong>Hip\u00f3tesis policial ser\u00eda a causa de un infarto:<\/strong><\/span><\/p>\n<ul>\n<li><strong>Hasta el momento la polic\u00eda civil desconoce la identidad de la occisa y se encuentra reuniendo antecedentes para contactar a sus familiares.\u00a0 <\/strong><\/li>\n<\/ul>\n<p>La Brigada de Homicidios de Polic\u00eda de Investigaciones confirm\u00f3 el hallazgo de un cuerpo de sexo femenino, de entre 35 a 40 a\u00f1os de edad, flotando sobre la laguna Tricahue en la ciudad de San Felipe, a eso de las 17:00 horas de este mi\u00e9rcoles.<\/p>\n<p>Hasta el momento la polic\u00eda civil se encuentra efectuando diligencias para establecer la identidad de la occisa y lograr contactar a sus familiares, tras recoger alguna denuncia por presunta desgracia que se haya efectuado en los \u00faltimos d\u00edas.<\/p>\n<p>La primera hip\u00f3tesis de la PDI es que la mujer habr\u00eda sufrido un infarto mientras se encontraba en la laguna, cayendo sobre las aguas hasta ser hallada aproximadamente 12 horas de sucedido este hecho, descart\u00e1ndose la intervenci\u00f3n de terceras personas.<\/p>\n<p>As\u00ed lo inform\u00f3 a <strong>Diario El Trabajo,<\/strong> el comisario <strong>Marcelo Lazen Moya<\/strong>: <em>\u00abPor cuanto los residentes del sector hab\u00edan encontrado en el agua flotando un cuerpo sin vida de una persona NN, corroboramos la informaci\u00f3n, coordinamos con Bomberos para extraer el cuerpo del agua.\u00a0 Tras un examen externo del cuerpo no encontramos ninguna lesi\u00f3n atribuible a la acci\u00f3n de terceros, la causa probable de muerte ser\u00eda un infarto al miocardio, situaci\u00f3n que le habr\u00eda provocado que ella cayera al agua y posteriormente ser encontrada por este residente\u00bb.<\/em><\/p>\n<p>El jefe de la Brigada de Homicidios de la PDI agreg\u00f3 que <em>\u00aben este momento estamos haciendo las indagatorias para identificar a la fallecida y corroborando si es que existe una denuncia por presunta desgracia. El cuerpo tiene entre 10 a 12 horas de data de muerte y ella no manten\u00eda ning\u00fan documento para establecer su identidad.\u00a0 Ella tendr\u00eda una edad entre los 35 a 40 a\u00f1os\u00bb.<\/em><\/p>\n<p>El cuerpo de la occisa fue derivado hasta el Servicio M\u00e9dico Legal de San Felipe para la pr\u00e1ctica de la autopsia de rigor e identificaci\u00f3n a trav\u00e9s de sus huellas dactilares.<\/p>\n<p><strong>Pablo Salinas Sald\u00edas<\/strong><\/p>\n<figure id=\"attachment_95404\" aria-describedby=\"caption-attachment-95404\" style=\"width: 580px\" class=\"wp-caption alignnone\"><img data-recalc-dims=\"1\" loading=\"lazy\" decoding=\"async\" class=\"size-full wp-image-95404\" src=\"https:\/\/i0.wp.com\/www.eltrabajo.cl\/portal\/wp-content\/uploads\/2019\/11\/FOTO-LAGUNA-TRICAHUE.jpg?resize=580%2C359\" alt=\"El cuerpo de la occisa fue hallado la tarde de este mi\u00e9rcoles en la Laguna Tricahue de San Felipe. (Fotograf\u00eda referencial).\" width=\"580\" height=\"359\" srcset=\"https:\/\/i0.wp.com\/eltrabajo.cl\/portal\/wp-content\/uploads\/2019\/11\/FOTO-LAGUNA-TRICAHUE.jpg?w=580&amp;ssl=1 580w, https:\/\/i0.wp.com\/eltrabajo.cl\/portal\/wp-content\/uploads\/2019\/11\/FOTO-LAGUNA-TRICAHUE.jpg?resize=200%2C124&amp;ssl=1 200w, https:\/\/i0.wp.com\/eltrabajo.cl\/portal\/wp-content\/uploads\/2019\/11\/FOTO-LAGUNA-TRICAHUE.jpg?resize=300%2C186&amp;ssl=1 300w, https:\/\/i0.wp.com\/eltrabajo.cl\/portal\/wp-content\/uploads\/2019\/11\/FOTO-LAGUNA-TRICAHUE.jpg?resize=242%2C150&amp;ssl=1 242w, https:\/\/i0.wp.com\/eltrabajo.cl\/portal\/wp-content\/uploads\/2019\/11\/FOTO-LAGUNA-TRICAHUE.jpg?resize=400%2C248&amp;ssl=1 400w\" sizes=\"auto, (max-width: 580px) 100vw, 580px\" \/><figcaption id=\"caption-attachment-95404\" class=\"wp-caption-text\">El cuerpo de la occisa fue hallado la tarde de este mi\u00e9rcoles en la Laguna Tricahue de San Felipe. (Fotograf\u00eda referencial).<\/figcaption><\/figure>\n<p>&nbsp;<\/p>\n","protected":false},"excerpt":{"rendered":"<p>Hip\u00f3tesis policial ser\u00eda a causa de un infarto: Hasta el momento la polic\u00eda civil desconoce la identidad de la occisa y se encuentra reuniendo antecedentes para contactar a sus familiares.\u00a0 La Brigada&#8230;<\/p>\n","protected":false},"author":482,"featured_media":95404,"comment_status":"open","ping_status":"open","sticky":false,"template":"","format":"standard","meta":{"advanced_seo_description":"","jetpack_seo_html_title":"","jetpack_seo_noindex":false,"_jetpack_memberships_contains_paid_content":false,"footnotes":""},"categories":[21],"tags":[],"class_list":["post-95403","post","type-post","status-publish","format-standard","has-post-thumbnail","hentry","category-policial"],"jetpack_featured_media_url":"https:\/\/i0.wp.com\/eltrabajo.cl\/portal\/wp-content\/uploads\/2019\/11\/FOTO-LAGUNA-TRICAHUE.jpg?fit=580%2C359&ssl=1","jetpack_sharing_enabled":true,"jetpack_likes_enabled":true,"jetpack-related-posts":[],"_links":{"self":[{"href":"https:\/\/eltrabajo.cl\/portal\/wp-json\/wp\/v2\/posts\/95403","targetHints":{"allow":["GET"]}}],"collection":[{"href":"https:\/\/eltrabajo.cl\/portal\/wp-json\/wp\/v2\/posts"}],"about":[{"href":"https:\/\/eltrabajo.cl\/portal\/wp-json\/wp\/v2\/types\/post"}],"author":[{"embeddable":true,"href":"https:\/\/eltrabajo.cl\/portal\/wp-json\/wp\/v2\/users\/482"}],"replies":[{"embeddable":true,"href":"https:\/\/eltrabajo.cl\/portal\/wp-json\/wp\/v2\/comments?post=95403"}],"version-history":[{"count":0,"href":"https:\/\/eltrabajo.cl\/portal\/wp-json\/wp\/v2\/posts\/95403\/revisions"}],"wp:featuredmedia":[{"embeddable":true,"href":"https:\/\/eltrabajo.cl\/portal\/wp-json\/wp\/v2\/media\/95404"}],"wp:attachment":[{"href":"https:\/\/eltrabajo.cl\/portal\/wp-json\/wp\/v2\/media?parent=95403"}],"wp:term":[{"taxonomy":"category","embeddable":true,"href":"https:\/\/eltrabajo.cl\/portal\/wp-json\/wp\/v2\/categories?post=95403"},{"taxonomy":"post_tag","embeddable":true,"href":"https:\/\/eltrabajo.cl\/portal\/wp-json\/wp\/v2\/tags?post=95403"}],"curies":[{"name":"wp","href":"https:\/\/api.w.org\/{rel}","templated":true}]}}