{"id":95414,"date":"2019-11-15T05:05:57","date_gmt":"2019-11-15T08:05:57","guid":{"rendered":"http:\/\/www.eltrabajo.cl\/portal\/?p=95414"},"modified":"2019-11-14T21:13:11","modified_gmt":"2019-11-15T00:13:11","slug":"apoderados-protestan-por-preocupante-ola-de-robos-en-escuela-almendral","status":"publish","type":"post","link":"https:\/\/eltrabajo.cl\/portal\/apoderados-protestan-por-preocupante-ola-de-robos-en-escuela-almendral\/","title":{"rendered":"Apoderados protestan por preocupante ola de robos en Escuela Almendral"},"content":{"rendered":"<p><span style=\"color: #ff0000;\"><strong>Jefe DAEM anuncia asignaci\u00f3n de guardias 24\/7:<\/strong><\/span><\/p>\n<p>Hartos de los robos en su escuela y exigiendo una respuesta definitiva a las autoridades de la DAEM San Felipe, se pronunciaron ayer por medio de un cacerolazo en las cercan\u00edas de la Escuela Almendral, un grupo de apoderados de dicho centro educativo. Estos vecinos de El Almendral tomaron sus sartenes, ollas y cucharas para protestar por estos robos, lo que implic\u00f3 tambi\u00e9n la participaci\u00f3n de los conductores, a quienes interpelaron con el pol\u00e9mico \u2018el que no baila no pasa\u2019.<\/p>\n<p><strong>Diario El Trabajo<\/strong> habl\u00f3 con <strong>Viviana Ibacache<\/strong>, apoderada de la Escuela Almendral y representante del Centro de Padres: <em>\u00abEstamos manifest\u00e1ndonos por la seguidilla de robos que se viene viendo hace diez d\u00edas ya y las autoridades a\u00fan no se hacen presente como corresponde; s\u00f3lo promesas y puros parches. Hablamos con autoridades de la DAEM, quienes se hicieron presentes en una reuni\u00f3n en la que les pedimos junto a profesores, asistentes de la educaci\u00f3n, apoderados y alumnos, con don Iv\u00e1n Silva que se hizo presente, \u00e9l nos explic\u00f3 algunas cosas como temas de dineros SEP y \u2018parches\u2019, m\u00e1s que nada para la urgencia que nosotros necesitamos que se hagan cierres perimetrales, levantar las rejas y m\u00e1s seguridad en las puertas de los ni\u00f1os tambi\u00e9n. Solicitamos alarmas, c\u00e1maras de vigilancia y guardias, ya que no contamos con guardias toda la semana en la escuela<\/em>\u00bb, dijo Ibacache.<\/p>\n<p>&nbsp;<\/p>\n<p><span style=\"color: #ff0000;\"><strong>DAEM RESPONDE<\/strong><\/span><\/p>\n<p>Nuestro medio consult\u00f3 a <strong>Iv\u00e1n Silva Padilla<\/strong>, jefe DAEM de San Felipe, quien a su vez nos indic\u00f3 que ya el problema de seguridad en ese centro educativo est\u00e1 resuelto: <em>\u00abEsta es la segunda vez en esta semana que fui a la escuela, me acompa\u00f1\u00f3 en esta ocasi\u00f3n el gobernador Claudio Rodr\u00edguez, esta visita fue para ver los arreglos que se est\u00e1n haciendo respecto a los materiales que se perdieron y las ventanas con los barrotes. Parece que no se inform\u00f3 que eso se estaba arreglando ya, y se va a seguir con las panderetas, tambi\u00e9n le informamos al gobernador que la persona que rob\u00f3 ya est\u00e1 identificada y esperamos que \u00e9l nos d\u00e9 una mano y que se lo lleven preso de una vez por todas<\/em> (\u2026) <em>La verdad que nos ha costado mucho conseguir guardias porque nadie quiere ser guardia hoy d\u00eda en la situaci\u00f3n que est\u00e1 el pa\u00eds, nadie quiere arriesgarse a nada, pero estamos en eso y vamos a tener guardia las 24 horas de lunes a domingo<\/em>\u00bb, indic\u00f3 Silva.<\/p>\n<p><strong>Roberto Gonz\u00e1lez Short<\/strong><\/p>\n<figure id=\"attachment_95415\" aria-describedby=\"caption-attachment-95415\" style=\"width: 580px\" class=\"wp-caption alignnone\"><img data-recalc-dims=\"1\" loading=\"lazy\" decoding=\"async\" class=\"size-full wp-image-95415\" src=\"https:\/\/i0.wp.com\/www.eltrabajo.cl\/portal\/wp-content\/uploads\/2019\/11\/Robos1.jpg?resize=580%2C359\" alt=\"NO M\u00c1S ROBOS.- En el frontis de la Iglesia San Antonio de Padua, en El Almendral, estos vecinos protestaron con sus cacerolas por tantos robos en su escuela.\" width=\"580\" height=\"359\" srcset=\"https:\/\/i0.wp.com\/eltrabajo.cl\/portal\/wp-content\/uploads\/2019\/11\/Robos1.jpg?w=580&amp;ssl=1 580w, https:\/\/i0.wp.com\/eltrabajo.cl\/portal\/wp-content\/uploads\/2019\/11\/Robos1.jpg?resize=200%2C124&amp;ssl=1 200w, https:\/\/i0.wp.com\/eltrabajo.cl\/portal\/wp-content\/uploads\/2019\/11\/Robos1.jpg?resize=300%2C186&amp;ssl=1 300w, https:\/\/i0.wp.com\/eltrabajo.cl\/portal\/wp-content\/uploads\/2019\/11\/Robos1.jpg?resize=242%2C150&amp;ssl=1 242w, https:\/\/i0.wp.com\/eltrabajo.cl\/portal\/wp-content\/uploads\/2019\/11\/Robos1.jpg?resize=400%2C248&amp;ssl=1 400w\" sizes=\"auto, (max-width: 580px) 100vw, 580px\" \/><figcaption id=\"caption-attachment-95415\" class=\"wp-caption-text\">NO M\u00c1S ROBOS.- En el frontis de la Iglesia San Antonio de Padua, en El Almendral, estos vecinos protestaron con sus cacerolas por tantos robos en su escuela.<\/figcaption><\/figure>\n<figure id=\"attachment_95416\" aria-describedby=\"caption-attachment-95416\" style=\"width: 580px\" class=\"wp-caption alignnone\"><img data-recalc-dims=\"1\" loading=\"lazy\" decoding=\"async\" class=\"size-full wp-image-95416\" src=\"https:\/\/i0.wp.com\/www.eltrabajo.cl\/portal\/wp-content\/uploads\/2019\/11\/Robos2.jpg?resize=580%2C359\" alt=\"NUEVA TENDENCIA.- Los conductores fueron interceptados para invitarlos a protestar con un simple baile en la calle.\" width=\"580\" height=\"359\" srcset=\"https:\/\/i0.wp.com\/eltrabajo.cl\/portal\/wp-content\/uploads\/2019\/11\/Robos2.jpg?w=580&amp;ssl=1 580w, https:\/\/i0.wp.com\/eltrabajo.cl\/portal\/wp-content\/uploads\/2019\/11\/Robos2.jpg?resize=200%2C124&amp;ssl=1 200w, https:\/\/i0.wp.com\/eltrabajo.cl\/portal\/wp-content\/uploads\/2019\/11\/Robos2.jpg?resize=300%2C186&amp;ssl=1 300w, https:\/\/i0.wp.com\/eltrabajo.cl\/portal\/wp-content\/uploads\/2019\/11\/Robos2.jpg?resize=242%2C150&amp;ssl=1 242w, https:\/\/i0.wp.com\/eltrabajo.cl\/portal\/wp-content\/uploads\/2019\/11\/Robos2.jpg?resize=400%2C248&amp;ssl=1 400w\" sizes=\"auto, (max-width: 580px) 100vw, 580px\" \/><figcaption id=\"caption-attachment-95416\" class=\"wp-caption-text\">NUEVA TENDENCIA.- Los conductores fueron interceptados para invitarlos a protestar con un simple baile en la calle.<\/figcaption><\/figure>\n<figure id=\"attachment_95417\" aria-describedby=\"caption-attachment-95417\" style=\"width: 579px\" class=\"wp-caption alignnone\"><img data-recalc-dims=\"1\" loading=\"lazy\" decoding=\"async\" class=\"size-full wp-image-95417\" src=\"https:\/\/i0.wp.com\/www.eltrabajo.cl\/portal\/wp-content\/uploads\/2019\/11\/Robos_Ivan-Silva.jpg?resize=579%2C566\" alt=\"Iv\u00e1n Silva Padilla, jefe DAEM San Felipe.\" width=\"579\" height=\"566\" srcset=\"https:\/\/i0.wp.com\/eltrabajo.cl\/portal\/wp-content\/uploads\/2019\/11\/Robos_Ivan-Silva.jpg?w=579&amp;ssl=1 579w, https:\/\/i0.wp.com\/eltrabajo.cl\/portal\/wp-content\/uploads\/2019\/11\/Robos_Ivan-Silva.jpg?resize=153%2C150&amp;ssl=1 153w, https:\/\/i0.wp.com\/eltrabajo.cl\/portal\/wp-content\/uploads\/2019\/11\/Robos_Ivan-Silva.jpg?resize=300%2C293&amp;ssl=1 300w, https:\/\/i0.wp.com\/eltrabajo.cl\/portal\/wp-content\/uploads\/2019\/11\/Robos_Ivan-Silva.jpg?resize=400%2C391&amp;ssl=1 400w\" sizes=\"auto, (max-width: 579px) 100vw, 579px\" \/><figcaption id=\"caption-attachment-95417\" class=\"wp-caption-text\">Iv\u00e1n Silva Padilla, jefe DAEM San Felipe.<\/figcaption><\/figure>\n<figure id=\"attachment_95418\" aria-describedby=\"caption-attachment-95418\" style=\"width: 579px\" class=\"wp-caption alignnone\"><img data-recalc-dims=\"1\" loading=\"lazy\" decoding=\"async\" class=\"size-full wp-image-95418\" src=\"https:\/\/i0.wp.com\/www.eltrabajo.cl\/portal\/wp-content\/uploads\/2019\/11\/Robos_Viviana-Ibacache.jpg?resize=579%2C637\" alt=\"Viviana Ibacache, apoderada de la Escuela Almendral.\" width=\"579\" height=\"637\" srcset=\"https:\/\/i0.wp.com\/eltrabajo.cl\/portal\/wp-content\/uploads\/2019\/11\/Robos_Viviana-Ibacache.jpg?w=579&amp;ssl=1 579w, https:\/\/i0.wp.com\/eltrabajo.cl\/portal\/wp-content\/uploads\/2019\/11\/Robos_Viviana-Ibacache.jpg?resize=136%2C150&amp;ssl=1 136w, https:\/\/i0.wp.com\/eltrabajo.cl\/portal\/wp-content\/uploads\/2019\/11\/Robos_Viviana-Ibacache.jpg?resize=273%2C300&amp;ssl=1 273w, https:\/\/i0.wp.com\/eltrabajo.cl\/portal\/wp-content\/uploads\/2019\/11\/Robos_Viviana-Ibacache.jpg?resize=400%2C440&amp;ssl=1 400w\" sizes=\"auto, (max-width: 579px) 100vw, 579px\" \/><figcaption id=\"caption-attachment-95418\" class=\"wp-caption-text\">Viviana Ibacache, apoderada de la Escuela Almendral.<\/figcaption><\/figure>\n","protected":false},"excerpt":{"rendered":"<p>Jefe DAEM anuncia asignaci\u00f3n de guardias 24\/7: Hartos de los robos en su escuela y exigiendo una respuesta definitiva a las autoridades de la DAEM San Felipe, se pronunciaron ayer por medio&#8230;<\/p>\n","protected":false},"author":482,"featured_media":95415,"comment_status":"open","ping_status":"open","sticky":false,"template":"","format":"standard","meta":{"advanced_seo_description":"","jetpack_seo_html_title":"","jetpack_seo_noindex":false,"_jetpack_memberships_contains_paid_content":false,"footnotes":""},"categories":[15],"tags":[],"class_list":["post-95414","post","type-post","status-publish","format-standard","has-post-thumbnail","hentry","category-comunidad"],"jetpack_featured_media_url":"https:\/\/i0.wp.com\/eltrabajo.cl\/portal\/wp-content\/uploads\/2019\/11\/Robos1.jpg?fit=580%2C359&ssl=1","jetpack_sharing_enabled":true,"jetpack_likes_enabled":true,"jetpack-related-posts":[],"_links":{"self":[{"href":"https:\/\/eltrabajo.cl\/portal\/wp-json\/wp\/v2\/posts\/95414","targetHints":{"allow":["GET"]}}],"collection":[{"href":"https:\/\/eltrabajo.cl\/portal\/wp-json\/wp\/v2\/posts"}],"about":[{"href":"https:\/\/eltrabajo.cl\/portal\/wp-json\/wp\/v2\/types\/post"}],"author":[{"embeddable":true,"href":"https:\/\/eltrabajo.cl\/portal\/wp-json\/wp\/v2\/users\/482"}],"replies":[{"embeddable":true,"href":"https:\/\/eltrabajo.cl\/portal\/wp-json\/wp\/v2\/comments?post=95414"}],"version-history":[{"count":0,"href":"https:\/\/eltrabajo.cl\/portal\/wp-json\/wp\/v2\/posts\/95414\/revisions"}],"wp:featuredmedia":[{"embeddable":true,"href":"https:\/\/eltrabajo.cl\/portal\/wp-json\/wp\/v2\/media\/95415"}],"wp:attachment":[{"href":"https:\/\/eltrabajo.cl\/portal\/wp-json\/wp\/v2\/media?parent=95414"}],"wp:term":[{"taxonomy":"category","embeddable":true,"href":"https:\/\/eltrabajo.cl\/portal\/wp-json\/wp\/v2\/categories?post=95414"},{"taxonomy":"post_tag","embeddable":true,"href":"https:\/\/eltrabajo.cl\/portal\/wp-json\/wp\/v2\/tags?post=95414"}],"curies":[{"name":"wp","href":"https:\/\/api.w.org\/{rel}","templated":true}]}}