{"id":95423,"date":"2019-11-15T05:07:34","date_gmt":"2019-11-15T08:07:34","guid":{"rendered":"http:\/\/www.eltrabajo.cl\/portal\/?p=95423"},"modified":"2019-11-14T21:17:01","modified_gmt":"2019-11-15T00:17:01","slug":"insolito-juez-deja-en-libertad-a-21-saqueadores-detenidos-flagrantes-por-carabineros","status":"publish","type":"post","link":"https:\/\/eltrabajo.cl\/portal\/insolito-juez-deja-en-libertad-a-21-saqueadores-detenidos-flagrantes-por-carabineros\/","title":{"rendered":"Ins\u00f3lito: Juez deja en libertad a 21 saqueadores detenidos flagrantes por Carabineros"},"content":{"rendered":"<p><span style=\"color: #ff0000;\"><strong>Tribunal de Garant\u00eda declara ilegal las detenciones:<\/strong><\/span><\/p>\n<ul>\n<li><strong>Los imputados, en su mayor\u00eda con antecedentes policiales, fueron dejados en libertad con la cautelar de prohibici\u00f3n de acercarse al supermercado.<\/strong><\/li>\n<\/ul>\n<p>Durante la noche de este mi\u00e9rcoles, pasadas las 22:00 horas,\u00a0 un total de 21 sujetos fueron detenidos por Carabineros tras concretarse nuevamente un saqueo a la Bodega A Cuenta de avenida Maip\u00fa\u00a0 en San Felipe, cuyas detenciones fueron todas declaradas ilegales por parte del Juez de Garant\u00eda en audiencia de control de detenci\u00f3n, realizada ayer jueves.<br \/>\nConforme a los antecedentes que Carabineros puso en conocimiento al Ministerio P\u00fablico, se recibi\u00f3 un comunicado dando cuenta que a esa hora una multitud de personas se encontraba sustrayendo especies desde el local se\u00f1alado, por lo que concurri\u00f3 personal de la Segunda Comisar\u00eda a verificar lo ocurrido y desplegar su labor.<br \/>\nUna vez all\u00ed se verific\u00f3 la efectividad de lo informado, huyendo varias personas del lugar al percatarse de la presencia policial, procediendo personal de Carabineros a ingresar al Supermercado, en cuyo interior se encontraban 21 personas en distintas situaciones, algunas ocultas, otras con especies, otras desprendi\u00e9ndose de ellas, deteni\u00e9ndolas a todas por el delito flagrante de hurto.<br \/>\nAnte el incremento del vandalismo en la ciudad, Diario El Trabajo consult\u00f3 al Fiscal Jefe de San Felipe, Eduardo Fajardo De La Cuba, su apreciaci\u00f3n respecto de estas resoluciones judiciales, quien hizo presente su preocupaci\u00f3n por la lectura que se pueda hacer del criterio que est\u00e1 aplicando el Tribunal y las repercusiones que pueda traer en el comportamiento de los individuos.<br \/>\nEl persecutor se\u00f1al\u00f3 que en este caso se declar\u00f3 ilegal la detenci\u00f3n por no acreditarse fehacientemente la conducta precisa desplegada por cada uno de los detenidos y el detalle de cada uno de los productos que \u00e9stos pretend\u00edan sustraer.<br \/>\nFajardo hizo hincapi\u00e9 en que la exigencia del Tribunal para pasar el filtro de legalidad excede lo que en la realidad puede lograrse. En este caso, las personas que est\u00e1n dentro del supermercado se encuentran en constante movimiento, huyendo, recogiendo y botando especies, siendo imposible poder apreciar cada detalle; lo que era claro, se\u00f1ala \u00e9l, es que no estaban dentro para realizar algo distinto que sustraer especies, por cuanto era de noche y hab\u00edan ingresado por un acceso previamente forzado, y frente a ello Carabineros no pod\u00eda sino proceder a detenerlas.<br \/>\n\u00abConsideramos que estos antecedentes, tal como se expusieron en audiencia, son suficientes para satisfacer las exigencias legales, pues, adem\u00e1s, no nos encontramos en etapa de juicio oral, donde se presentan las pruebas y el juez debe fallar ponderando todos los antecedentes allegados, sino, simplemente, en una etapa inicial, donde basta presentar antecedentes que permitan sindicar a estas 21 personas como autoras de un delito flagrante\u00bb, afirm\u00f3 el representante de Ministerio P\u00fablico de San Felipe.<br \/>\nLos imputados al t\u00e9rmino de la audiencia fueron dejados en libertad con la cautelar de prohibici\u00f3n de acercarse al Supermercado saqueado, mientras de igual forma la Fiscal\u00eda inici\u00f3 la investigaci\u00f3n del delito para cada uno de los detenidos.<br \/>\n<strong>Pablo Salinas Sald\u00edas<\/strong><\/p>\n<figure id=\"attachment_95424\" aria-describedby=\"caption-attachment-95424\" style=\"width: 580px\" class=\"wp-caption alignnone\"><img data-recalc-dims=\"1\" loading=\"lazy\" decoding=\"async\" class=\"size-full wp-image-95424\" src=\"https:\/\/i0.wp.com\/www.eltrabajo.cl\/portal\/wp-content\/uploads\/2019\/11\/ACUENTA1.jpg?resize=580%2C359\" alt=\"La Bodega A Cuenta fue nuevamente saqueada por una turba de sujetos que fueron detenidos por Carabineros la noche de este mi\u00e9rcoles.\" width=\"580\" height=\"359\" srcset=\"https:\/\/i0.wp.com\/eltrabajo.cl\/portal\/wp-content\/uploads\/2019\/11\/ACUENTA1.jpg?w=580&amp;ssl=1 580w, https:\/\/i0.wp.com\/eltrabajo.cl\/portal\/wp-content\/uploads\/2019\/11\/ACUENTA1.jpg?resize=200%2C124&amp;ssl=1 200w, https:\/\/i0.wp.com\/eltrabajo.cl\/portal\/wp-content\/uploads\/2019\/11\/ACUENTA1.jpg?resize=300%2C186&amp;ssl=1 300w, https:\/\/i0.wp.com\/eltrabajo.cl\/portal\/wp-content\/uploads\/2019\/11\/ACUENTA1.jpg?resize=242%2C150&amp;ssl=1 242w, https:\/\/i0.wp.com\/eltrabajo.cl\/portal\/wp-content\/uploads\/2019\/11\/ACUENTA1.jpg?resize=400%2C248&amp;ssl=1 400w\" sizes=\"auto, (max-width: 580px) 100vw, 580px\" \/><figcaption id=\"caption-attachment-95424\" class=\"wp-caption-text\">La Bodega A Cuenta fue nuevamente saqueada por una turba de sujetos que fueron detenidos por Carabineros la noche de este mi\u00e9rcoles.<\/figcaption><\/figure>\n<figure id=\"attachment_95425\" aria-describedby=\"caption-attachment-95425\" style=\"width: 580px\" class=\"wp-caption alignnone\"><img data-recalc-dims=\"1\" loading=\"lazy\" decoding=\"async\" class=\"size-full wp-image-95425\" src=\"https:\/\/i0.wp.com\/www.eltrabajo.cl\/portal\/wp-content\/uploads\/2019\/11\/ACUENTA2.jpg?resize=580%2C360\" alt=\"Los imputados fueron derivados hasta el Juzgado de Garant\u00eda de San Felipe declar\u00e1ndose ilegal sus detenciones.\" width=\"580\" height=\"360\" srcset=\"https:\/\/i0.wp.com\/eltrabajo.cl\/portal\/wp-content\/uploads\/2019\/11\/ACUENTA2.jpg?w=580&amp;ssl=1 580w, https:\/\/i0.wp.com\/eltrabajo.cl\/portal\/wp-content\/uploads\/2019\/11\/ACUENTA2.jpg?resize=200%2C124&amp;ssl=1 200w, https:\/\/i0.wp.com\/eltrabajo.cl\/portal\/wp-content\/uploads\/2019\/11\/ACUENTA2.jpg?resize=300%2C186&amp;ssl=1 300w, https:\/\/i0.wp.com\/eltrabajo.cl\/portal\/wp-content\/uploads\/2019\/11\/ACUENTA2.jpg?resize=242%2C150&amp;ssl=1 242w, https:\/\/i0.wp.com\/eltrabajo.cl\/portal\/wp-content\/uploads\/2019\/11\/ACUENTA2.jpg?resize=400%2C248&amp;ssl=1 400w\" sizes=\"auto, (max-width: 580px) 100vw, 580px\" \/><figcaption id=\"caption-attachment-95425\" class=\"wp-caption-text\">Los imputados fueron derivados hasta el Juzgado de Garant\u00eda de San Felipe declar\u00e1ndose ilegal sus detenciones.<\/figcaption><\/figure>\n","protected":false},"excerpt":{"rendered":"<p>Tribunal de Garant\u00eda declara ilegal las detenciones: Los imputados, en su mayor\u00eda con antecedentes policiales, fueron dejados en libertad con la cautelar de prohibici\u00f3n de acercarse al supermercado. Durante la noche de&#8230;<\/p>\n","protected":false},"author":482,"featured_media":95424,"comment_status":"open","ping_status":"open","sticky":false,"template":"","format":"standard","meta":{"advanced_seo_description":"","jetpack_seo_html_title":"","jetpack_seo_noindex":false,"_jetpack_memberships_contains_paid_content":false,"footnotes":""},"categories":[21],"tags":[],"class_list":["post-95423","post","type-post","status-publish","format-standard","has-post-thumbnail","hentry","category-policial"],"jetpack_featured_media_url":"https:\/\/i0.wp.com\/eltrabajo.cl\/portal\/wp-content\/uploads\/2019\/11\/ACUENTA1.jpg?fit=580%2C359&ssl=1","jetpack_sharing_enabled":true,"jetpack_likes_enabled":true,"jetpack-related-posts":[],"_links":{"self":[{"href":"https:\/\/eltrabajo.cl\/portal\/wp-json\/wp\/v2\/posts\/95423","targetHints":{"allow":["GET"]}}],"collection":[{"href":"https:\/\/eltrabajo.cl\/portal\/wp-json\/wp\/v2\/posts"}],"about":[{"href":"https:\/\/eltrabajo.cl\/portal\/wp-json\/wp\/v2\/types\/post"}],"author":[{"embeddable":true,"href":"https:\/\/eltrabajo.cl\/portal\/wp-json\/wp\/v2\/users\/482"}],"replies":[{"embeddable":true,"href":"https:\/\/eltrabajo.cl\/portal\/wp-json\/wp\/v2\/comments?post=95423"}],"version-history":[{"count":0,"href":"https:\/\/eltrabajo.cl\/portal\/wp-json\/wp\/v2\/posts\/95423\/revisions"}],"wp:featuredmedia":[{"embeddable":true,"href":"https:\/\/eltrabajo.cl\/portal\/wp-json\/wp\/v2\/media\/95424"}],"wp:attachment":[{"href":"https:\/\/eltrabajo.cl\/portal\/wp-json\/wp\/v2\/media?parent=95423"}],"wp:term":[{"taxonomy":"category","embeddable":true,"href":"https:\/\/eltrabajo.cl\/portal\/wp-json\/wp\/v2\/categories?post=95423"},{"taxonomy":"post_tag","embeddable":true,"href":"https:\/\/eltrabajo.cl\/portal\/wp-json\/wp\/v2\/tags?post=95423"}],"curies":[{"name":"wp","href":"https:\/\/api.w.org\/{rel}","templated":true}]}}