{"id":95433,"date":"2019-11-18T05:07:57","date_gmt":"2019-11-18T08:07:57","guid":{"rendered":"http:\/\/www.eltrabajo.cl\/portal\/?p=95433"},"modified":"2019-11-17T23:23:28","modified_gmt":"2019-11-18T02:23:28","slug":"soldado-conscripto-fallece-tras-recibir-impacto-de-escopeta-antimotines-en-su-rostro","status":"publish","type":"post","link":"https:\/\/eltrabajo.cl\/portal\/soldado-conscripto-fallece-tras-recibir-impacto-de-escopeta-antimotines-en-su-rostro\/","title":{"rendered":"Soldado conscripto fallece tras recibir impacto de escopeta antimotines en su rostro"},"content":{"rendered":"<p><span style=\"color: #ff0000;\"><strong>Escuela de Monta\u00f1a:<\/strong><\/span><\/p>\n<p><strong>LOS ANDES<\/strong>.- Un conscripto de dotaci\u00f3n de la Escuela de Monta\u00f1a del Ej\u00e9rcito, muri\u00f3 la noche del s\u00e1bado tras recibir un impacto bal\u00edstico en pleno rostro, disparado por otro soldado con quien se encontraba haciendo guardia en esa unidad militar. El hecho se produjo a eso de las 23:00 horas, cuando la v\u00edctima D. I. C. H., recibi\u00f3 en pleno rostro un disparo de una escopeta antimotines que portaba otro uniformado, en momentos en que \u00e9ste \u00faltimo la manipulaba.<br \/>\nEl soldado falleci\u00f3 de manera instant\u00e1nea tras recibir el impacto, mientras que el causante del disparo fue detenido en primera instancia por personal militar. Informado el fiscal militar, dispuso que las diligencias investigativas quedaran a cargo de la Brigada de Homicidios de la PDI de Los Andes.<br \/>\nEn un comunicado, el Ej\u00e9rcito precis\u00f3: \u00abCuando uno de ellos manipul\u00f3 su armamento de cargo, el que fue disparado en circunstancias que se investigan, impactando a otro soldado conscripto, quien result\u00f3 fallecido (\u2026) La Escuela de Monta\u00f1a lamenta profundamente la p\u00e9rdida de uno de sus camaradas de armas, hecho que enluta a la instituci\u00f3n, la cual ha dispuesto los apoyos correspondientes a la familia afectada\u00bb, expres\u00f3 el comunicado.<br \/>\nEn tanto, el fiscal de turno del Ministerio P\u00fablico de Los Andes, Alberto Gertosio, puntualiz\u00f3 que el hecho, por haber ocurrido al interior de un recinto militar y en ejercicio de funciones, corresponde ser investigado por la Fiscal\u00eda Militar de Aconcagua.<\/p>\n<figure id=\"attachment_95434\" aria-describedby=\"caption-attachment-95434\" style=\"width: 580px\" class=\"wp-caption alignnone\"><img data-recalc-dims=\"1\" loading=\"lazy\" decoding=\"async\" class=\"size-full wp-image-95434\" src=\"https:\/\/i0.wp.com\/www.eltrabajo.cl\/portal\/wp-content\/uploads\/2019\/11\/escuela-de-monta%C3%B1a-Tragedia1.jpg?resize=580%2C360\" alt=\"Arma fue dispara por otro soldado con quien estaba de guardia en el recinto militar. (Archivo)\" width=\"580\" height=\"360\" srcset=\"https:\/\/i0.wp.com\/eltrabajo.cl\/portal\/wp-content\/uploads\/2019\/11\/escuela-de-monta%C3%B1a-Tragedia1.jpg?w=580&amp;ssl=1 580w, https:\/\/i0.wp.com\/eltrabajo.cl\/portal\/wp-content\/uploads\/2019\/11\/escuela-de-monta%C3%B1a-Tragedia1.jpg?resize=300%2C186&amp;ssl=1 300w, https:\/\/i0.wp.com\/eltrabajo.cl\/portal\/wp-content\/uploads\/2019\/11\/escuela-de-monta%C3%B1a-Tragedia1.jpg?resize=200%2C124&amp;ssl=1 200w, https:\/\/i0.wp.com\/eltrabajo.cl\/portal\/wp-content\/uploads\/2019\/11\/escuela-de-monta%C3%B1a-Tragedia1.jpg?resize=242%2C150&amp;ssl=1 242w, https:\/\/i0.wp.com\/eltrabajo.cl\/portal\/wp-content\/uploads\/2019\/11\/escuela-de-monta%C3%B1a-Tragedia1.jpg?resize=400%2C248&amp;ssl=1 400w\" sizes=\"auto, (max-width: 580px) 100vw, 580px\" \/><figcaption id=\"caption-attachment-95434\" class=\"wp-caption-text\">Arma fue dispara por otro soldado con quien estaba de guardia en el recinto militar. (Archivo)<\/figcaption><\/figure>\n","protected":false},"excerpt":{"rendered":"<p>Escuela de Monta\u00f1a: LOS ANDES.- Un conscripto de dotaci\u00f3n de la Escuela de Monta\u00f1a del Ej\u00e9rcito, muri\u00f3 la noche del s\u00e1bado tras recibir un impacto bal\u00edstico en pleno rostro, disparado por otro&#8230;<\/p>\n","protected":false},"author":482,"featured_media":95434,"comment_status":"open","ping_status":"open","sticky":false,"template":"","format":"standard","meta":{"advanced_seo_description":"","jetpack_seo_html_title":"","jetpack_seo_noindex":false,"_jetpack_memberships_contains_paid_content":false,"footnotes":""},"categories":[21],"tags":[],"class_list":["post-95433","post","type-post","status-publish","format-standard","has-post-thumbnail","hentry","category-policial"],"jetpack_featured_media_url":"https:\/\/i0.wp.com\/eltrabajo.cl\/portal\/wp-content\/uploads\/2019\/11\/escuela-de-monta%C3%B1a-Tragedia1.jpg?fit=580%2C360&ssl=1","jetpack_sharing_enabled":true,"jetpack_likes_enabled":true,"jetpack-related-posts":[],"_links":{"self":[{"href":"https:\/\/eltrabajo.cl\/portal\/wp-json\/wp\/v2\/posts\/95433","targetHints":{"allow":["GET"]}}],"collection":[{"href":"https:\/\/eltrabajo.cl\/portal\/wp-json\/wp\/v2\/posts"}],"about":[{"href":"https:\/\/eltrabajo.cl\/portal\/wp-json\/wp\/v2\/types\/post"}],"author":[{"embeddable":true,"href":"https:\/\/eltrabajo.cl\/portal\/wp-json\/wp\/v2\/users\/482"}],"replies":[{"embeddable":true,"href":"https:\/\/eltrabajo.cl\/portal\/wp-json\/wp\/v2\/comments?post=95433"}],"version-history":[{"count":0,"href":"https:\/\/eltrabajo.cl\/portal\/wp-json\/wp\/v2\/posts\/95433\/revisions"}],"wp:featuredmedia":[{"embeddable":true,"href":"https:\/\/eltrabajo.cl\/portal\/wp-json\/wp\/v2\/media\/95434"}],"wp:attachment":[{"href":"https:\/\/eltrabajo.cl\/portal\/wp-json\/wp\/v2\/media?parent=95433"}],"wp:term":[{"taxonomy":"category","embeddable":true,"href":"https:\/\/eltrabajo.cl\/portal\/wp-json\/wp\/v2\/categories?post=95433"},{"taxonomy":"post_tag","embeddable":true,"href":"https:\/\/eltrabajo.cl\/portal\/wp-json\/wp\/v2\/tags?post=95433"}],"curies":[{"name":"wp","href":"https:\/\/api.w.org\/{rel}","templated":true}]}}