{"id":95436,"date":"2019-11-18T05:03:35","date_gmt":"2019-11-18T08:03:35","guid":{"rendered":"http:\/\/www.eltrabajo.cl\/portal\/?p=95436"},"modified":"2019-11-17T23:26:51","modified_gmt":"2019-11-18T02:26:51","slug":"mujer-perdio-la-vida-en-volcamiento-vehicular-en-sector-las-chilcas-de-llay-llay","status":"publish","type":"post","link":"https:\/\/eltrabajo.cl\/portal\/mujer-perdio-la-vida-en-volcamiento-vehicular-en-sector-las-chilcas-de-llay-llay\/","title":{"rendered":"Mujer perdi\u00f3 la vida en volcamiento vehicular en sector Las Chilcas de Llay Llay"},"content":{"rendered":"<p><span style=\"color: #ff0000;\"><strong>Tres ni\u00f1os en riesgo vital trasladados en helic\u00f3pteros:<\/strong><\/span><\/p>\n<ul>\n<li><strong>La madre de dos de los menores sufri\u00f3 lesiones graves, debiendo ser derivada hasta el Hospital de Los Andes. El conductor del m\u00f3vil result\u00f3 con lesiones leves y Carabineros descart\u00f3 la presencia de alcohol tras el fatal accidente ocurrido la ma\u00f1ana de este s\u00e1bado.<\/strong><\/li>\n<\/ul>\n<p>Como <strong>Emperatriz Andrea Paredes Delgado<\/strong>, de 45 a\u00f1os de edad, fue identificada la v\u00edctima que falleci\u00f3 este s\u00e1bado, luego que el veh\u00edculo que abordaba volc\u00f3 en la Ruta 5 Norte sector Las Chilcas de Llay Llay, dejando adem\u00e1s a una madre grave y tres peque\u00f1os ni\u00f1os que viajaban en el m\u00f3vil, en riesgo vital debiendo ser trasladados en tres helic\u00f3pteros hacia distintos centros hospitalarios de la capital.<br \/>\nEl fatal accidente ocurri\u00f3 a eso de las 09:0 horas en el kil\u00f3metro 70 de dicha ruta, en circunstancias que inform\u00f3 Carabineros, el conductor identificado como Hugo Isa\u00edas Lorca L\u00f3pez, de 30 a\u00f1os de edad, manejaba el veh\u00edculo marca Lifan placa patente FC CB-55 por dicha ruta en direcci\u00f3n al norte por la primera pista de circulaci\u00f3n, acompa\u00f1ado de las dos mujeres y los tres ni\u00f1os.<br \/>\nPor causas que se investigan, el conductor habr\u00eda perdido el control del autom\u00f3vil, volcando al costado derecho para caer al interior de un predio particular.<br \/>\nA ra\u00edz del accidente, Emperatriz Paredes Delgado, t\u00eda de los menores, lamentablemente falleci\u00f3 en el lugar, mientras los tres peque\u00f1os de 3, 4 y 10 a\u00f1os de edad, quienes viajaban en el veh\u00edculo, resultaron con lesiones de car\u00e1cter grave, debi\u00e9ndose requerir la presencia del Samu y Bomberos al sitio del suceso.<br \/>\nAnte la graves lesiones sufridas por los ni\u00f1os, se inici\u00f3 un amplio operativo para gestionar la concurrencia en minutos de dos helic\u00f3pteros particulares y un tercero perteneciente a Carabineros, para trasladar con suma urgencia al menor de tres a\u00f1os de edad hasta el Hospital San Jos\u00e9 en Santiago, el ni\u00f1o de cuatro a\u00f1os de edad hasta la Cl\u00ednica Alemana, mientras que el paciente de 10 a\u00f1os de edad fue derivado hasta la Cl\u00ednica Las Condes, todos en riesgo vital.<br \/>\nEn tanto, la madre de dos de los menores lesionados fue derivada hasta el Hospital San Juan de Dios de Los Andes en estado grave. Por su parte el conductor del autom\u00f3vil result\u00f3 con lesiones de car\u00e1cter leve. Carabineros afirm\u00f3 que el automovilista circulaba en normal estado de temperancia alcoh\u00f3lica, quedando a la espera de ser citado hasta la Fiscal\u00eda.<br \/>\nTodos los protagonistas de estos hechos registran domicilio en la comuna de Lo Espejo en la Regi\u00f3n Metropolitana.<br \/>\n<strong>Pablo Salinas Sald\u00edas<\/strong><\/p>\n<figure id=\"attachment_95441\" aria-describedby=\"caption-attachment-95441\" style=\"width: 580px\" class=\"wp-caption alignnone\"><img data-recalc-dims=\"1\" loading=\"lazy\" decoding=\"async\" class=\"size-full wp-image-95441\" src=\"https:\/\/i0.wp.com\/www.eltrabajo.cl\/portal\/wp-content\/uploads\/2019\/11\/HELI5-ACCIDENTE-LAS-CHILCAS.jpg?resize=580%2C359\" alt=\"Al lugar del accidente concurri\u00f3 personal de Bomberos, ambulancias del Samu y Carabineros la ma\u00f1ana de este s\u00e1bado.\" width=\"580\" height=\"359\" srcset=\"https:\/\/i0.wp.com\/eltrabajo.cl\/portal\/wp-content\/uploads\/2019\/11\/HELI5-ACCIDENTE-LAS-CHILCAS.jpg?w=580&amp;ssl=1 580w, https:\/\/i0.wp.com\/eltrabajo.cl\/portal\/wp-content\/uploads\/2019\/11\/HELI5-ACCIDENTE-LAS-CHILCAS.jpg?resize=300%2C186&amp;ssl=1 300w, https:\/\/i0.wp.com\/eltrabajo.cl\/portal\/wp-content\/uploads\/2019\/11\/HELI5-ACCIDENTE-LAS-CHILCAS.jpg?resize=200%2C124&amp;ssl=1 200w, https:\/\/i0.wp.com\/eltrabajo.cl\/portal\/wp-content\/uploads\/2019\/11\/HELI5-ACCIDENTE-LAS-CHILCAS.jpg?resize=242%2C150&amp;ssl=1 242w, https:\/\/i0.wp.com\/eltrabajo.cl\/portal\/wp-content\/uploads\/2019\/11\/HELI5-ACCIDENTE-LAS-CHILCAS.jpg?resize=400%2C248&amp;ssl=1 400w\" sizes=\"auto, (max-width: 580px) 100vw, 580px\" \/><figcaption id=\"caption-attachment-95441\" class=\"wp-caption-text\">Al lugar del accidente concurri\u00f3 personal de Bomberos, ambulancias del Samu y Carabineros la ma\u00f1ana de este s\u00e1bado.<\/figcaption><\/figure>\n<figure id=\"attachment_95439\" aria-describedby=\"caption-attachment-95439\" style=\"width: 579px\" class=\"wp-caption alignnone\"><img data-recalc-dims=\"1\" loading=\"lazy\" decoding=\"async\" class=\"size-full wp-image-95439\" src=\"https:\/\/i0.wp.com\/www.eltrabajo.cl\/portal\/wp-content\/uploads\/2019\/11\/HELI3.jpg?resize=579%2C477\" alt=\"Otro de los helic\u00f3pteros que vino al rescate de los ni\u00f1os.\" width=\"579\" height=\"477\" srcset=\"https:\/\/i0.wp.com\/eltrabajo.cl\/portal\/wp-content\/uploads\/2019\/11\/HELI3.jpg?w=579&amp;ssl=1 579w, https:\/\/i0.wp.com\/eltrabajo.cl\/portal\/wp-content\/uploads\/2019\/11\/HELI3.jpg?resize=300%2C247&amp;ssl=1 300w, https:\/\/i0.wp.com\/eltrabajo.cl\/portal\/wp-content\/uploads\/2019\/11\/HELI3.jpg?resize=182%2C150&amp;ssl=1 182w, https:\/\/i0.wp.com\/eltrabajo.cl\/portal\/wp-content\/uploads\/2019\/11\/HELI3.jpg?resize=400%2C330&amp;ssl=1 400w\" sizes=\"auto, (max-width: 579px) 100vw, 579px\" \/><figcaption id=\"caption-attachment-95439\" class=\"wp-caption-text\">Otro de los helic\u00f3pteros que vino al rescate de los ni\u00f1os.<\/figcaption><\/figure>\n<figure id=\"attachment_95437\" aria-describedby=\"caption-attachment-95437\" style=\"width: 579px\" class=\"wp-caption alignnone\"><img data-recalc-dims=\"1\" loading=\"lazy\" decoding=\"async\" class=\"size-full wp-image-95437\" src=\"https:\/\/i0.wp.com\/www.eltrabajo.cl\/portal\/wp-content\/uploads\/2019\/11\/HELI1.jpg?resize=579%2C279\" alt=\"Uno de los helic\u00f3pteros que traslad\u00f3 a uno de los menores en riesgo vital.\" width=\"579\" height=\"279\" srcset=\"https:\/\/i0.wp.com\/eltrabajo.cl\/portal\/wp-content\/uploads\/2019\/11\/HELI1.jpg?w=579&amp;ssl=1 579w, https:\/\/i0.wp.com\/eltrabajo.cl\/portal\/wp-content\/uploads\/2019\/11\/HELI1.jpg?resize=300%2C145&amp;ssl=1 300w, https:\/\/i0.wp.com\/eltrabajo.cl\/portal\/wp-content\/uploads\/2019\/11\/HELI1.jpg?resize=200%2C96&amp;ssl=1 200w, https:\/\/i0.wp.com\/eltrabajo.cl\/portal\/wp-content\/uploads\/2019\/11\/HELI1.jpg?resize=400%2C193&amp;ssl=1 400w\" sizes=\"auto, (max-width: 579px) 100vw, 579px\" \/><figcaption id=\"caption-attachment-95437\" class=\"wp-caption-text\">Uno de los helic\u00f3pteros que traslad\u00f3 a uno de los menores en riesgo vital.<\/figcaption><\/figure>\n<figure id=\"attachment_95440\" aria-describedby=\"caption-attachment-95440\" style=\"width: 578px\" class=\"wp-caption alignnone\"><img data-recalc-dims=\"1\" loading=\"lazy\" decoding=\"async\" class=\"size-full wp-image-95440\" src=\"https:\/\/i0.wp.com\/www.eltrabajo.cl\/portal\/wp-content\/uploads\/2019\/11\/HELI4.jpg?resize=578%2C278\" alt=\"El momento cuando uno de los ni\u00f1os fue ingresado hasta el helic\u00f3ptero de Carabineros para ser trasladado de urgencias.\" width=\"578\" height=\"278\" srcset=\"https:\/\/i0.wp.com\/eltrabajo.cl\/portal\/wp-content\/uploads\/2019\/11\/HELI4.jpg?w=578&amp;ssl=1 578w, https:\/\/i0.wp.com\/eltrabajo.cl\/portal\/wp-content\/uploads\/2019\/11\/HELI4.jpg?resize=300%2C144&amp;ssl=1 300w, https:\/\/i0.wp.com\/eltrabajo.cl\/portal\/wp-content\/uploads\/2019\/11\/HELI4.jpg?resize=200%2C96&amp;ssl=1 200w, https:\/\/i0.wp.com\/eltrabajo.cl\/portal\/wp-content\/uploads\/2019\/11\/HELI4.jpg?resize=400%2C192&amp;ssl=1 400w\" sizes=\"auto, (max-width: 578px) 100vw, 578px\" \/><figcaption id=\"caption-attachment-95440\" class=\"wp-caption-text\">El momento cuando uno de los ni\u00f1os fue ingresado hasta el helic\u00f3ptero de Carabineros para ser trasladado de urgencias.<\/figcaption><\/figure>\n<figure id=\"attachment_95438\" aria-describedby=\"caption-attachment-95438\" style=\"width: 579px\" class=\"wp-caption alignnone\"><img data-recalc-dims=\"1\" loading=\"lazy\" decoding=\"async\" class=\"size-full wp-image-95438\" src=\"https:\/\/i0.wp.com\/www.eltrabajo.cl\/portal\/wp-content\/uploads\/2019\/11\/HELI2.jpg?resize=579%2C253\" alt=\"Carabineros dispuso del helic\u00f3ptero institucional para apresurar la atenci\u00f3n m\u00e9dica de uno de los menores hasta Santiago.\" width=\"579\" height=\"253\" srcset=\"https:\/\/i0.wp.com\/eltrabajo.cl\/portal\/wp-content\/uploads\/2019\/11\/HELI2.jpg?w=579&amp;ssl=1 579w, https:\/\/i0.wp.com\/eltrabajo.cl\/portal\/wp-content\/uploads\/2019\/11\/HELI2.jpg?resize=300%2C131&amp;ssl=1 300w, https:\/\/i0.wp.com\/eltrabajo.cl\/portal\/wp-content\/uploads\/2019\/11\/HELI2.jpg?resize=200%2C87&amp;ssl=1 200w, https:\/\/i0.wp.com\/eltrabajo.cl\/portal\/wp-content\/uploads\/2019\/11\/HELI2.jpg?resize=400%2C175&amp;ssl=1 400w\" sizes=\"auto, (max-width: 579px) 100vw, 579px\" \/><figcaption id=\"caption-attachment-95438\" class=\"wp-caption-text\">Carabineros dispuso del helic\u00f3ptero institucional para apresurar la atenci\u00f3n m\u00e9dica de uno de los menores hasta Santiago.<\/figcaption><\/figure>\n","protected":false},"excerpt":{"rendered":"<p>Tres ni\u00f1os en riesgo vital trasladados en helic\u00f3pteros: La madre de dos de los menores sufri\u00f3 lesiones graves, debiendo ser derivada hasta el Hospital de Los Andes. El conductor del m\u00f3vil result\u00f3&#8230;<\/p>\n","protected":false},"author":482,"featured_media":95441,"comment_status":"open","ping_status":"open","sticky":false,"template":"","format":"standard","meta":{"advanced_seo_description":"","jetpack_seo_html_title":"","jetpack_seo_noindex":false,"_jetpack_memberships_contains_paid_content":false,"footnotes":""},"categories":[21],"tags":[],"class_list":["post-95436","post","type-post","status-publish","format-standard","has-post-thumbnail","hentry","category-policial"],"jetpack_featured_media_url":"https:\/\/i0.wp.com\/eltrabajo.cl\/portal\/wp-content\/uploads\/2019\/11\/HELI5-ACCIDENTE-LAS-CHILCAS.jpg?fit=580%2C359&ssl=1","jetpack_sharing_enabled":true,"jetpack_likes_enabled":true,"jetpack-related-posts":[],"_links":{"self":[{"href":"https:\/\/eltrabajo.cl\/portal\/wp-json\/wp\/v2\/posts\/95436","targetHints":{"allow":["GET"]}}],"collection":[{"href":"https:\/\/eltrabajo.cl\/portal\/wp-json\/wp\/v2\/posts"}],"about":[{"href":"https:\/\/eltrabajo.cl\/portal\/wp-json\/wp\/v2\/types\/post"}],"author":[{"embeddable":true,"href":"https:\/\/eltrabajo.cl\/portal\/wp-json\/wp\/v2\/users\/482"}],"replies":[{"embeddable":true,"href":"https:\/\/eltrabajo.cl\/portal\/wp-json\/wp\/v2\/comments?post=95436"}],"version-history":[{"count":0,"href":"https:\/\/eltrabajo.cl\/portal\/wp-json\/wp\/v2\/posts\/95436\/revisions"}],"wp:featuredmedia":[{"embeddable":true,"href":"https:\/\/eltrabajo.cl\/portal\/wp-json\/wp\/v2\/media\/95441"}],"wp:attachment":[{"href":"https:\/\/eltrabajo.cl\/portal\/wp-json\/wp\/v2\/media?parent=95436"}],"wp:term":[{"taxonomy":"category","embeddable":true,"href":"https:\/\/eltrabajo.cl\/portal\/wp-json\/wp\/v2\/categories?post=95436"},{"taxonomy":"post_tag","embeddable":true,"href":"https:\/\/eltrabajo.cl\/portal\/wp-json\/wp\/v2\/tags?post=95436"}],"curies":[{"name":"wp","href":"https:\/\/api.w.org\/{rel}","templated":true}]}}