{"id":95443,"date":"2019-11-18T05:04:14","date_gmt":"2019-11-18T08:04:14","guid":{"rendered":"http:\/\/www.eltrabajo.cl\/portal\/?p=95443"},"modified":"2019-11-17T23:30:22","modified_gmt":"2019-11-18T02:30:22","slug":"aconcaguinos-sufriremos-hoy-con-los-38-que-golpearan-el-valle-de-aconcagua","status":"publish","type":"post","link":"https:\/\/eltrabajo.cl\/portal\/aconcaguinos-sufriremos-hoy-con-los-38-que-golpearan-el-valle-de-aconcagua\/","title":{"rendered":"Aconcag\u00fcinos sufriremos hoy con los 38\u00b0 que golpear\u00e1n el valle de Aconcagua"},"content":{"rendered":"<p><span style=\"color: #ff0000;\"><strong>Ola de calor instalada en la zona central:<\/strong><\/span><\/p>\n<p>Las altas temperaturas que durante el fin de semana se sintieron en todo el Valle de Aconcagua obligaron a familias enteras buscar el alivio del calor en algunos balnearios o a la sombra, pues estar en las casas se volvi\u00f3 bastante inc\u00f3modo para muchos.<br \/>\nSeg\u00fan nos coment\u00f3 Manuel Vicencio, aficionado a investigar y observar el clima en el Valle de Aconcagua, el hemisferio norte registr\u00f3 en su reci\u00e9n pasada primavera y verano, temperaturas que superaron los 50\u00b0 Celsius mientras que en nuestro hemisferio sur inici\u00e1ndose la Primavera esta situaci\u00f3n se repiti\u00f3, aunque no tendr\u00e1 tan altos registros por lo que seguir\u00e1 siendo ben\u00e9fica para Chile la corriente fr\u00eda de Humboldt.<br \/>\nEl calor sin embargo del pasado s\u00e1bado tuvo su m\u00e1xima temperatura de 34\u00b0, sacando de las casas a miles de personas, ayer domingo las m\u00e1ximas en San Felipe fueron de 35\u00b0, un grado m\u00e1s alto que el d\u00eda anterior, mientras que para hoy lunes el panorama es m\u00e1s caluroso, ser\u00e1n 38\u00b0 los que nos har\u00e1 sentir el golpe de esta tremenda ola de calor.<br \/>\n\u00abPara este lunes esperamos 38\u00b0 Celsius en alguna de estas tres comunas: Santa Mar\u00eda, San Felipe y Llay Llay, las que han acaparado alternadamente desde hace unos cinco a\u00f1os los m\u00e1s altos registros. Estas olas de calor se repetir\u00e1n en las pr\u00f3ximas semanas y los medios tendemos la ocasi\u00f3n de anunciarlas con anticipaci\u00f3n. La tecnolog\u00eda actual en pron\u00f3sticos meteorol\u00f3gicos as\u00ed lo permite. Pero no s\u00f3lo el calor afectar\u00e1, tambi\u00e9n la radiaci\u00f3n solar extrema estar\u00e1 presente, poniendo en grave riesgo nuestra piel y nuestros ojos. Sigamos las recomendaciones que profusamente nos entrega el Servicio de Salud. Todas las personas que trabajan expuestas al sol deben extremar sus cuidados. El c\u00e1ncer a la piel est\u00e1 al acecho\u00bb, coment\u00f3 Vicencio a Diario El Trabajo.<br \/>\nSeg\u00fan p\u00e1ginas especialidades en el tema clim\u00e1tico, la temperatura ir\u00e1 subiendo conforme lleguemos a diciembre y durante ese mes navide\u00f1o.<br \/>\n<strong>Roberto Gonz\u00e1lez Short<\/strong><\/p>\n<figure id=\"attachment_95444\" aria-describedby=\"caption-attachment-95444\" style=\"width: 580px\" class=\"wp-caption alignnone\"><img data-recalc-dims=\"1\" loading=\"lazy\" decoding=\"async\" class=\"size-full wp-image-95444\" src=\"https:\/\/i0.wp.com\/www.eltrabajo.cl\/portal\/wp-content\/uploads\/2019\/11\/Calor1.jpg?resize=580%2C360\" alt=\"AL AGUA PATOS.- Estos vecinos decidieron refrescarse en Balneario Andacollo durante el fin de semana.\" width=\"580\" height=\"360\" srcset=\"https:\/\/i0.wp.com\/eltrabajo.cl\/portal\/wp-content\/uploads\/2019\/11\/Calor1.jpg?w=580&amp;ssl=1 580w, https:\/\/i0.wp.com\/eltrabajo.cl\/portal\/wp-content\/uploads\/2019\/11\/Calor1.jpg?resize=300%2C186&amp;ssl=1 300w, https:\/\/i0.wp.com\/eltrabajo.cl\/portal\/wp-content\/uploads\/2019\/11\/Calor1.jpg?resize=200%2C124&amp;ssl=1 200w, https:\/\/i0.wp.com\/eltrabajo.cl\/portal\/wp-content\/uploads\/2019\/11\/Calor1.jpg?resize=242%2C150&amp;ssl=1 242w, https:\/\/i0.wp.com\/eltrabajo.cl\/portal\/wp-content\/uploads\/2019\/11\/Calor1.jpg?resize=400%2C248&amp;ssl=1 400w\" sizes=\"auto, (max-width: 580px) 100vw, 580px\" \/><figcaption id=\"caption-attachment-95444\" class=\"wp-caption-text\">AL AGUA PATOS.- Estos vecinos decidieron refrescarse en Balneario Andacollo durante el fin de semana.<\/figcaption><\/figure>\n<figure id=\"attachment_95445\" aria-describedby=\"caption-attachment-95445\" style=\"width: 580px\" class=\"wp-caption alignnone\"><img data-recalc-dims=\"1\" loading=\"lazy\" decoding=\"async\" class=\"size-full wp-image-95445\" src=\"https:\/\/i0.wp.com\/www.eltrabajo.cl\/portal\/wp-content\/uploads\/2019\/11\/Calor2.jpg?resize=580%2C360\" alt=\"BUSCANDO REFUGIO.- Familias enteras llegaron con sus hijos a disfrutar de las ricas aguas, buscando escapar del tremendo calor que nos abrasa en estos d\u00edas.\" width=\"580\" height=\"360\" srcset=\"https:\/\/i0.wp.com\/eltrabajo.cl\/portal\/wp-content\/uploads\/2019\/11\/Calor2.jpg?w=580&amp;ssl=1 580w, https:\/\/i0.wp.com\/eltrabajo.cl\/portal\/wp-content\/uploads\/2019\/11\/Calor2.jpg?resize=300%2C186&amp;ssl=1 300w, https:\/\/i0.wp.com\/eltrabajo.cl\/portal\/wp-content\/uploads\/2019\/11\/Calor2.jpg?resize=200%2C124&amp;ssl=1 200w, https:\/\/i0.wp.com\/eltrabajo.cl\/portal\/wp-content\/uploads\/2019\/11\/Calor2.jpg?resize=242%2C150&amp;ssl=1 242w, https:\/\/i0.wp.com\/eltrabajo.cl\/portal\/wp-content\/uploads\/2019\/11\/Calor2.jpg?resize=400%2C248&amp;ssl=1 400w\" sizes=\"auto, (max-width: 580px) 100vw, 580px\" \/><figcaption id=\"caption-attachment-95445\" class=\"wp-caption-text\">BUSCANDO REFUGIO.- Familias enteras llegaron con sus hijos a disfrutar de las ricas aguas, buscando escapar del tremendo calor que nos abrasa en estos d\u00edas.<\/figcaption><\/figure>\n<figure id=\"attachment_95446\" aria-describedby=\"caption-attachment-95446\" style=\"width: 580px\" class=\"wp-caption alignnone\"><img data-recalc-dims=\"1\" loading=\"lazy\" decoding=\"async\" class=\"size-full wp-image-95446\" src=\"https:\/\/i0.wp.com\/www.eltrabajo.cl\/portal\/wp-content\/uploads\/2019\/11\/Calor3.jpg?resize=580%2C359\" alt=\"RAYOS UV.- Peques y grandes disfrutaron de esta visita a las aguas de Andacollo, mientras que los expertos recomiendan usar bloqueador solar.\" width=\"580\" height=\"359\" srcset=\"https:\/\/i0.wp.com\/eltrabajo.cl\/portal\/wp-content\/uploads\/2019\/11\/Calor3.jpg?w=580&amp;ssl=1 580w, https:\/\/i0.wp.com\/eltrabajo.cl\/portal\/wp-content\/uploads\/2019\/11\/Calor3.jpg?resize=300%2C186&amp;ssl=1 300w, https:\/\/i0.wp.com\/eltrabajo.cl\/portal\/wp-content\/uploads\/2019\/11\/Calor3.jpg?resize=200%2C124&amp;ssl=1 200w, https:\/\/i0.wp.com\/eltrabajo.cl\/portal\/wp-content\/uploads\/2019\/11\/Calor3.jpg?resize=242%2C150&amp;ssl=1 242w, https:\/\/i0.wp.com\/eltrabajo.cl\/portal\/wp-content\/uploads\/2019\/11\/Calor3.jpg?resize=400%2C248&amp;ssl=1 400w\" sizes=\"auto, (max-width: 580px) 100vw, 580px\" \/><figcaption id=\"caption-attachment-95446\" class=\"wp-caption-text\">RAYOS UV.- Peques y grandes disfrutaron de esta visita a las aguas de Andacollo, mientras que los expertos recomiendan usar bloqueador solar.<\/figcaption><\/figure>\n","protected":false},"excerpt":{"rendered":"<p>Ola de calor instalada en la zona central: Las altas temperaturas que durante el fin de semana se sintieron en todo el Valle de Aconcagua obligaron a familias enteras buscar el alivio&#8230;<\/p>\n","protected":false},"author":482,"featured_media":95446,"comment_status":"open","ping_status":"open","sticky":false,"template":"","format":"standard","meta":{"advanced_seo_description":"","jetpack_seo_html_title":"","jetpack_seo_noindex":false,"_jetpack_memberships_contains_paid_content":false,"footnotes":""},"categories":[15],"tags":[],"class_list":["post-95443","post","type-post","status-publish","format-standard","has-post-thumbnail","hentry","category-comunidad"],"jetpack_featured_media_url":"https:\/\/i0.wp.com\/eltrabajo.cl\/portal\/wp-content\/uploads\/2019\/11\/Calor3.jpg?fit=580%2C359&ssl=1","jetpack_sharing_enabled":true,"jetpack_likes_enabled":true,"jetpack-related-posts":[],"_links":{"self":[{"href":"https:\/\/eltrabajo.cl\/portal\/wp-json\/wp\/v2\/posts\/95443","targetHints":{"allow":["GET"]}}],"collection":[{"href":"https:\/\/eltrabajo.cl\/portal\/wp-json\/wp\/v2\/posts"}],"about":[{"href":"https:\/\/eltrabajo.cl\/portal\/wp-json\/wp\/v2\/types\/post"}],"author":[{"embeddable":true,"href":"https:\/\/eltrabajo.cl\/portal\/wp-json\/wp\/v2\/users\/482"}],"replies":[{"embeddable":true,"href":"https:\/\/eltrabajo.cl\/portal\/wp-json\/wp\/v2\/comments?post=95443"}],"version-history":[{"count":0,"href":"https:\/\/eltrabajo.cl\/portal\/wp-json\/wp\/v2\/posts\/95443\/revisions"}],"wp:featuredmedia":[{"embeddable":true,"href":"https:\/\/eltrabajo.cl\/portal\/wp-json\/wp\/v2\/media\/95446"}],"wp:attachment":[{"href":"https:\/\/eltrabajo.cl\/portal\/wp-json\/wp\/v2\/media?parent=95443"}],"wp:term":[{"taxonomy":"category","embeddable":true,"href":"https:\/\/eltrabajo.cl\/portal\/wp-json\/wp\/v2\/categories?post=95443"},{"taxonomy":"post_tag","embeddable":true,"href":"https:\/\/eltrabajo.cl\/portal\/wp-json\/wp\/v2\/tags?post=95443"}],"curies":[{"name":"wp","href":"https:\/\/api.w.org\/{rel}","templated":true}]}}