{"id":95448,"date":"2019-11-18T05:05:57","date_gmt":"2019-11-18T08:05:57","guid":{"rendered":"http:\/\/www.eltrabajo.cl\/portal\/?p=95448"},"modified":"2019-11-17T23:32:31","modified_gmt":"2019-11-18T02:32:31","slug":"dos-detenidos-por-receptacion-de-productos-tras-saqueos-al-supermercado-unimarc","status":"publish","type":"post","link":"https:\/\/eltrabajo.cl\/portal\/dos-detenidos-por-receptacion-de-productos-tras-saqueos-al-supermercado-unimarc\/","title":{"rendered":"Dos detenidos por receptaci\u00f3n de productos tras saqueos al supermercado Unimarc"},"content":{"rendered":"<p><span style=\"color: #ff0000;\"><strong>Diligencias efectuadas por la PDI de San Felipe:<\/strong><\/span><\/p>\n<ul>\n<li><strong>La Polic\u00eda civil identific\u00f3 a un hombre y una mujer, quienes manten\u00edan en sus respectivos domicilios, diversos productos sustra\u00eddos desde dicho supermercado ubicado en Calle Enc\u00f3n de San Felipe.<\/strong><\/li>\n<\/ul>\n<p>La Brigada contra el Crimen de la PDI de San Felipe procedi\u00f3 a la detenci\u00f3n de dos sujetos por el delito de Receptaci\u00f3n, tras los saqueos ocurridos en Supermercado Unimarc de Avenida Enc\u00f3n de esta comuna, recuperando una variada cantidad de productos alimenticios.<br \/>\nLa primera diligencia arroj\u00f3 como resultado la detenci\u00f3n de una mujer de 28 a\u00f1os de edad, de iniciales A.B.B.D. sin antecedentes policiales, quien manten\u00eda en su domicilio ubicado en Villa El Totoral de San Felipe, 375 productos de diferentes categor\u00edas y subproductos de la marca Unimarc y otras avaluadas en la suma de $700.000.<br \/>\nLa Polic\u00eda civil inform\u00f3 que de acuerdo a las investigaciones del caso, los productos fueron sustra\u00eddos en horas de la noche del pasado 12 de noviembre de este a\u00f1o.<br \/>\nLa segunda diligencia policial se concret\u00f3 en un domicilio de la comuna de Santa Mar\u00eda, donde fue detenido un sujeto de 27 a\u00f1os de edad de iniciales H.A.H.M, sin antecedentes policiales, quien manten\u00eda un total de 27 productos y subproductos de marca del supermercado y otros avaluados en $50.000.<br \/>\nLa PDI inform\u00f3 que en este caso, los productos fueron sustra\u00eddos tras el saqueo ocurrido el pasado 19 de octubre de este a\u00f1o. Ambos detenidos posteriormente fueron dejados en libertad, quedando a la espera de ser citados ante la Fiscal\u00eda de San Felipe por el delito de Receptaci\u00f3n.<br \/>\n<strong>Pablo Salinas Sald\u00edas<\/strong><\/p>\n<figure id=\"attachment_95449\" aria-describedby=\"caption-attachment-95449\" style=\"width: 580px\" class=\"wp-caption alignnone\"><img data-recalc-dims=\"1\" loading=\"lazy\" decoding=\"async\" class=\"size-full wp-image-95449\" src=\"https:\/\/i0.wp.com\/www.eltrabajo.cl\/portal\/wp-content\/uploads\/2019\/11\/PRODUCTOS1.jpg?resize=580%2C359\" alt=\"La PDI de San Felipe incaut\u00f3 estos productos desde el domicilio de la imputada ubicado en illa El Totoral de esta comuna, avaluado en $700.000.\" width=\"580\" height=\"359\" srcset=\"https:\/\/i0.wp.com\/eltrabajo.cl\/portal\/wp-content\/uploads\/2019\/11\/PRODUCTOS1.jpg?w=580&amp;ssl=1 580w, https:\/\/i0.wp.com\/eltrabajo.cl\/portal\/wp-content\/uploads\/2019\/11\/PRODUCTOS1.jpg?resize=300%2C186&amp;ssl=1 300w, https:\/\/i0.wp.com\/eltrabajo.cl\/portal\/wp-content\/uploads\/2019\/11\/PRODUCTOS1.jpg?resize=200%2C124&amp;ssl=1 200w, https:\/\/i0.wp.com\/eltrabajo.cl\/portal\/wp-content\/uploads\/2019\/11\/PRODUCTOS1.jpg?resize=242%2C150&amp;ssl=1 242w, https:\/\/i0.wp.com\/eltrabajo.cl\/portal\/wp-content\/uploads\/2019\/11\/PRODUCTOS1.jpg?resize=400%2C248&amp;ssl=1 400w\" sizes=\"auto, (max-width: 580px) 100vw, 580px\" \/><figcaption id=\"caption-attachment-95449\" class=\"wp-caption-text\">La PDI de San Felipe incaut\u00f3 estos productos desde el domicilio de la imputada ubicado en illa El Totoral de esta comuna, avaluado en $700.000.<\/figcaption><\/figure>\n<figure id=\"attachment_95450\" aria-describedby=\"caption-attachment-95450\" style=\"width: 580px\" class=\"wp-caption alignnone\"><img data-recalc-dims=\"1\" loading=\"lazy\" decoding=\"async\" class=\"size-full wp-image-95450\" src=\"https:\/\/i0.wp.com\/www.eltrabajo.cl\/portal\/wp-content\/uploads\/2019\/11\/PRODUCTOS2.jpg?resize=580%2C360\" alt=\"Las diligencias de la Polic\u00eda civil arrojaron como resultado la incautaci\u00f3n de estos productos alimenticios desde el inmueble de acusado en la comuna de Santa Mar\u00eda.\" width=\"580\" height=\"360\" srcset=\"https:\/\/i0.wp.com\/eltrabajo.cl\/portal\/wp-content\/uploads\/2019\/11\/PRODUCTOS2.jpg?w=580&amp;ssl=1 580w, https:\/\/i0.wp.com\/eltrabajo.cl\/portal\/wp-content\/uploads\/2019\/11\/PRODUCTOS2.jpg?resize=300%2C186&amp;ssl=1 300w, https:\/\/i0.wp.com\/eltrabajo.cl\/portal\/wp-content\/uploads\/2019\/11\/PRODUCTOS2.jpg?resize=200%2C124&amp;ssl=1 200w, https:\/\/i0.wp.com\/eltrabajo.cl\/portal\/wp-content\/uploads\/2019\/11\/PRODUCTOS2.jpg?resize=242%2C150&amp;ssl=1 242w, https:\/\/i0.wp.com\/eltrabajo.cl\/portal\/wp-content\/uploads\/2019\/11\/PRODUCTOS2.jpg?resize=400%2C248&amp;ssl=1 400w\" sizes=\"auto, (max-width: 580px) 100vw, 580px\" \/><figcaption id=\"caption-attachment-95450\" class=\"wp-caption-text\">Las diligencias de la Polic\u00eda civil arrojaron como resultado la incautaci\u00f3n de estos productos alimenticios desde el inmueble de acusado en la comuna de Santa Mar\u00eda.<\/figcaption><\/figure>\n","protected":false},"excerpt":{"rendered":"<p>Diligencias efectuadas por la PDI de San Felipe: La Polic\u00eda civil identific\u00f3 a un hombre y una mujer, quienes manten\u00edan en sus respectivos domicilios, diversos productos sustra\u00eddos desde dicho supermercado ubicado en&#8230;<\/p>\n","protected":false},"author":482,"featured_media":95449,"comment_status":"open","ping_status":"open","sticky":false,"template":"","format":"standard","meta":{"advanced_seo_description":"","jetpack_seo_html_title":"","jetpack_seo_noindex":false,"_jetpack_memberships_contains_paid_content":false,"footnotes":""},"categories":[21],"tags":[],"class_list":["post-95448","post","type-post","status-publish","format-standard","has-post-thumbnail","hentry","category-policial"],"jetpack_featured_media_url":"https:\/\/i0.wp.com\/eltrabajo.cl\/portal\/wp-content\/uploads\/2019\/11\/PRODUCTOS1.jpg?fit=580%2C359&ssl=1","jetpack_sharing_enabled":true,"jetpack_likes_enabled":true,"jetpack-related-posts":[],"_links":{"self":[{"href":"https:\/\/eltrabajo.cl\/portal\/wp-json\/wp\/v2\/posts\/95448","targetHints":{"allow":["GET"]}}],"collection":[{"href":"https:\/\/eltrabajo.cl\/portal\/wp-json\/wp\/v2\/posts"}],"about":[{"href":"https:\/\/eltrabajo.cl\/portal\/wp-json\/wp\/v2\/types\/post"}],"author":[{"embeddable":true,"href":"https:\/\/eltrabajo.cl\/portal\/wp-json\/wp\/v2\/users\/482"}],"replies":[{"embeddable":true,"href":"https:\/\/eltrabajo.cl\/portal\/wp-json\/wp\/v2\/comments?post=95448"}],"version-history":[{"count":0,"href":"https:\/\/eltrabajo.cl\/portal\/wp-json\/wp\/v2\/posts\/95448\/revisions"}],"wp:featuredmedia":[{"embeddable":true,"href":"https:\/\/eltrabajo.cl\/portal\/wp-json\/wp\/v2\/media\/95449"}],"wp:attachment":[{"href":"https:\/\/eltrabajo.cl\/portal\/wp-json\/wp\/v2\/media?parent=95448"}],"wp:term":[{"taxonomy":"category","embeddable":true,"href":"https:\/\/eltrabajo.cl\/portal\/wp-json\/wp\/v2\/categories?post=95448"},{"taxonomy":"post_tag","embeddable":true,"href":"https:\/\/eltrabajo.cl\/portal\/wp-json\/wp\/v2\/tags?post=95448"}],"curies":[{"name":"wp","href":"https:\/\/api.w.org\/{rel}","templated":true}]}}