{"id":95452,"date":"2019-11-19T05:01:26","date_gmt":"2019-11-19T08:01:26","guid":{"rendered":"http:\/\/www.eltrabajo.cl\/portal\/?p=95452"},"modified":"2019-11-18T21:32:32","modified_gmt":"2019-11-19T00:32:32","slug":"charla-sobre-educacion-emocional-presenta-destacado-profesional-en-liceo-corina-urbina","status":"publish","type":"post","link":"https:\/\/eltrabajo.cl\/portal\/charla-sobre-educacion-emocional-presenta-destacado-profesional-en-liceo-corina-urbina\/","title":{"rendered":"Charla sobre Educaci\u00f3n Emocional presenta destacado profesional  en Liceo Corina Urbina"},"content":{"rendered":"<p>Un profesional impulsor de la Educaci\u00f3n Emocional en Chile es <strong>Arnaldo Canales<\/strong>, presidente de Fundaci\u00f3n Liderazgo Chile, quien promueve el proyecto de Ley Emocional, un especialista en este tema que busca que se incorpore a los art\u00edculos 28, 29 y 30 de la ley 20.370 (Ley General de Educaci\u00f3n) la Ley de Educaci\u00f3n Emocional.<\/p>\n<p>Recientemente Canales fue recibido por la ministra de Educaci\u00f3n <strong>Marcela Cubillos<\/strong> para tomarle la palabra en este importante proyecto para el futuro educativo del pa\u00eds.<\/p>\n<p>La propuesta de la \u2018Ley de Educaci\u00f3n Emocional\u2019 que promueve este chileno a cargo de la ONG, dice relaci\u00f3n con un proceso educativo, continuo y permanente, que pretende potenciar el desarrollo de las competencias emocionales como elemento esencial del desarrollo humano, con objeto de capacitarle para la vida y con la finalidad de aumentar el bienestar personal, social y laboral.<\/p>\n<p>&nbsp;<\/p>\n<p><span style=\"color: #ff0000;\"><strong>CHARLA EN SAN FELIPE<\/strong><\/span><\/p>\n<p>\u2018<strong><em>No es Magia, es Educaci\u00f3n Emocional<\/em><\/strong>\u2019, as\u00ed se llama la charla que este profesional desarroll\u00f3 la tarde de ayer lunes en el auditorio del Liceo Corina Urbina, lo que gener\u00f3 gran inter\u00e9s en la comunidad educativa y docentes de la comuna, <strong>Diario El Trabajo<\/strong> pudo hablar con el presidente de Fundaci\u00f3n Liderazgo Chile.<\/p>\n<p>\u00ab<em>Esta charla tuvo como prop\u00f3sito sensibilizar a educadores tanto como a padres y apoderados y tambi\u00e9n a los estudiantes, as\u00ed como a la comunidad en general respecto a la importancia de la educaci\u00f3n emocional, sobretodo en la nueva sociedad en la que estamos viviendo, todos sabemos que tenemos hoy d\u00eda una educaci\u00f3n que es del siglo XIX, con profesores del siglo XX y alumnos del siglo XXI, quienes est\u00e1n demandando con urgencia otro tipo de educaci\u00f3n. Hoy d\u00eda lo que pasa es que tenemos la educaci\u00f3n jerarquizada donde las matem\u00e1ticas, el lenguaje y las ciencias son las prioridades y se han preocupado mucho m\u00e1s en este modelo y el sistema de construir trabajadores, por otra parte lo que hace la educaci\u00f3n emocional es preocuparse del ser humano, es desarrollar la competencia emocional, esto implica el desarrollo de consciencia, regular nuestras propias emociones, desarrollar la autoestima, la autoconfianza, y una serie de herramientas propias del ser humano de las que hoy d\u00eda adolecemos, por eso muchos dicen que somos analfabetas emocionalmente porque no somos capaces de regularlo, adem\u00e1s la educaci\u00f3n emocional lo que hace es desarrollar habilidades socioemocionales que son err\u00f3neamente llamadas Habilidades Blandas, son las que nos vinculan en comunidad el trabajo en equipo la afectividad el manejo de conflictos, la escucha activa y particularmente el desarrollo de la empat\u00eda especialmente la empat\u00eda, porque cuando yo soy una persona que desarrollo estas competencias desde peque\u00f1o, logro gradualmente llegar a ser una persona de bien a la sociedad, entonces lo que implica la educaci\u00f3n emocional y lo que buscamos nosotros como proyecto de ley es incorporar la educaci\u00f3n emocional desde el jard\u00edn infantil en b\u00e1sica y en media y ojala esto se ense\u00f1ara en las universidades<\/em> (\u2026) <em>De hecho lo que hoy d\u00eda demanda la sociedad chilena tiene que ver con lo mismo, los conflictos son inherentes a cualquier vida en comunidad, todos tenemos conflictos el tema es c\u00f3mo yo canalizo ese conflicto en violencia, hoy d\u00eda los ni\u00f1os los j\u00f3venes no han tenido esta formaci\u00f3n porque sus padres tambi\u00e9n son carentes de esto y el Estado tampoco se hizo cargo, la \u00fanica forma de verbalizar una emoci\u00f3n contenida como es la rabia es a trav\u00e9s de la violencia, por lo tanto para ellos no existe otra forma <\/em>(\u2026) <em>finalmente decir que la Educaci\u00f3n Emocional lo que busca es poner al ser humano en el centro para que los ni\u00f1os reconozcan sus emociones, hoy d\u00eda nos gana la impulsividad el menosprecio la ira, el individualismo la competencia, los chilenos somos desconfiados porque hemos crecido en un modelo donde todos somos competencia el uno del otro, se nos dice que tenemos que trabajar en equipo pero no lo hacemos, lo verbalizamos pero no nos comprometemos de coraz\u00f3n<\/em>\u00bb, dijo Canales a nuestro medio.<\/p>\n<p>El sal\u00f3n estuvo repleto de personas, quienes ven quiz\u00e1s c\u00f3mo nuestra sociedad y especialmente los j\u00f3venes no logran manejar de otra forma que no sea con la violencia, la frustraci\u00f3n personal y colectiva.<\/p>\n<p>&nbsp;<\/p>\n<p><span style=\"color: #ff0000;\"><strong>PROPUESTA ACERTADA<\/strong><\/span><\/p>\n<p><strong>Wilta Berr\u00edos<\/strong>, directora del Liceo Corina Urbina, tambi\u00e9n nos habl\u00f3 sobre la importancia de esta charla y este proyecto para la comunidad que ella dirige, \u00ab<em>la visita de este profesional a nuestro liceo la planteamos a principios de a\u00f1o dentro del Plan de Mejoramiento Educativo (PME) que todos los establecimientos educativos tienen, pues nos hemos puesto como meta trabajar todo el a\u00f1o lo que es la pedagog\u00eda emocional y dentro de eso conocimos a Arnaldo Canales en Santiago en el Instituto Nacional en una charla como esta, y vimos lo que \u00e9l entrega que es importante para todos, de ah\u00ed surgi\u00f3 la idea de invitamos a que visitara nuestro liceo para aprender de \u00e9l los apoderados y todos los funcionarios<\/em>\u00bb, indic\u00f3 Berr\u00edos.<\/p>\n<p><strong>Roberto Gonz\u00e1lez Short<\/strong><\/p>\n<figure id=\"attachment_95453\" aria-describedby=\"caption-attachment-95453\" style=\"width: 580px\" class=\"wp-caption alignnone\"><img data-recalc-dims=\"1\" loading=\"lazy\" decoding=\"async\" class=\"size-full wp-image-95453\" src=\"https:\/\/i0.wp.com\/www.eltrabajo.cl\/portal\/wp-content\/uploads\/2019\/11\/Emocional1.jpg?resize=580%2C359\" alt=\"Auditorio lleno.- El auditorio del Liceo Corina Urbina estuvo totalmente lleno, esta charla fue bien aprovechada por docentes e invitados especiales.\" width=\"580\" height=\"359\" srcset=\"https:\/\/i0.wp.com\/eltrabajo.cl\/portal\/wp-content\/uploads\/2019\/11\/Emocional1.jpg?w=580&amp;ssl=1 580w, https:\/\/i0.wp.com\/eltrabajo.cl\/portal\/wp-content\/uploads\/2019\/11\/Emocional1.jpg?resize=300%2C186&amp;ssl=1 300w, https:\/\/i0.wp.com\/eltrabajo.cl\/portal\/wp-content\/uploads\/2019\/11\/Emocional1.jpg?resize=200%2C124&amp;ssl=1 200w, https:\/\/i0.wp.com\/eltrabajo.cl\/portal\/wp-content\/uploads\/2019\/11\/Emocional1.jpg?resize=242%2C150&amp;ssl=1 242w, https:\/\/i0.wp.com\/eltrabajo.cl\/portal\/wp-content\/uploads\/2019\/11\/Emocional1.jpg?resize=400%2C248&amp;ssl=1 400w\" sizes=\"auto, (max-width: 580px) 100vw, 580px\" \/><figcaption id=\"caption-attachment-95453\" class=\"wp-caption-text\">Auditorio lleno.- El auditorio del Liceo Corina Urbina estuvo totalmente lleno, esta charla fue bien aprovechada por docentes e invitados especiales.<\/figcaption><\/figure>\n<figure id=\"attachment_95454\" aria-describedby=\"caption-attachment-95454\" style=\"width: 580px\" class=\"wp-caption alignnone\"><img data-recalc-dims=\"1\" loading=\"lazy\" decoding=\"async\" class=\"size-full wp-image-95454\" src=\"https:\/\/i0.wp.com\/www.eltrabajo.cl\/portal\/wp-content\/uploads\/2019\/11\/Emocional2.jpg?resize=580%2C360\" alt=\"Seg\u00fan Canales, para los j\u00f3venes \u00abla \u00fanica forma de verbalizar una emoci\u00f3n contenida como es la rabia es a trav\u00e9s de la violencia, por lo tanto para ellos no existe otra forma\u00bb. (Referencial)\" width=\"580\" height=\"360\" srcset=\"https:\/\/i0.wp.com\/eltrabajo.cl\/portal\/wp-content\/uploads\/2019\/11\/Emocional2.jpg?w=580&amp;ssl=1 580w, https:\/\/i0.wp.com\/eltrabajo.cl\/portal\/wp-content\/uploads\/2019\/11\/Emocional2.jpg?resize=300%2C186&amp;ssl=1 300w, https:\/\/i0.wp.com\/eltrabajo.cl\/portal\/wp-content\/uploads\/2019\/11\/Emocional2.jpg?resize=200%2C124&amp;ssl=1 200w, https:\/\/i0.wp.com\/eltrabajo.cl\/portal\/wp-content\/uploads\/2019\/11\/Emocional2.jpg?resize=242%2C150&amp;ssl=1 242w, https:\/\/i0.wp.com\/eltrabajo.cl\/portal\/wp-content\/uploads\/2019\/11\/Emocional2.jpg?resize=400%2C248&amp;ssl=1 400w\" sizes=\"auto, (max-width: 580px) 100vw, 580px\" \/><figcaption id=\"caption-attachment-95454\" class=\"wp-caption-text\">Seg\u00fan Canales, para los j\u00f3venes \u00abla \u00fanica forma de verbalizar una emoci\u00f3n contenida como es la rabia es a trav\u00e9s de la violencia, por lo tanto para ellos no existe otra forma\u00bb. (Referencial)<\/figcaption><\/figure>\n<figure id=\"attachment_95456\" aria-describedby=\"caption-attachment-95456\" style=\"width: 579px\" class=\"wp-caption alignnone\"><img data-recalc-dims=\"1\" loading=\"lazy\" decoding=\"async\" class=\"size-full wp-image-95456\" src=\"https:\/\/i0.wp.com\/www.eltrabajo.cl\/portal\/wp-content\/uploads\/2019\/11\/Emocional_Wilta-Berrios.jpg?resize=579%2C703\" alt=\"Wilta Berr\u00edos, directora del Liceo Corina Urbina.\" width=\"579\" height=\"703\" srcset=\"https:\/\/i0.wp.com\/eltrabajo.cl\/portal\/wp-content\/uploads\/2019\/11\/Emocional_Wilta-Berrios.jpg?w=579&amp;ssl=1 579w, https:\/\/i0.wp.com\/eltrabajo.cl\/portal\/wp-content\/uploads\/2019\/11\/Emocional_Wilta-Berrios.jpg?resize=247%2C300&amp;ssl=1 247w, https:\/\/i0.wp.com\/eltrabajo.cl\/portal\/wp-content\/uploads\/2019\/11\/Emocional_Wilta-Berrios.jpg?resize=124%2C150&amp;ssl=1 124w, https:\/\/i0.wp.com\/eltrabajo.cl\/portal\/wp-content\/uploads\/2019\/11\/Emocional_Wilta-Berrios.jpg?resize=400%2C486&amp;ssl=1 400w\" sizes=\"auto, (max-width: 579px) 100vw, 579px\" \/><figcaption id=\"caption-attachment-95456\" class=\"wp-caption-text\">Wilta Berr\u00edos, directora del Liceo Corina Urbina.<\/figcaption><\/figure>\n<figure id=\"attachment_95455\" aria-describedby=\"caption-attachment-95455\" style=\"width: 579px\" class=\"wp-caption alignnone\"><img data-recalc-dims=\"1\" loading=\"lazy\" decoding=\"async\" class=\"size-full wp-image-95455\" src=\"https:\/\/i0.wp.com\/www.eltrabajo.cl\/portal\/wp-content\/uploads\/2019\/11\/Emocional_Arnaldo-Canales.jpg?resize=579%2C584\" alt=\"Arnaldo Ca nales, presidente de Fundaci\u00f3n Liderazgo Chile.\" width=\"579\" height=\"584\" srcset=\"https:\/\/i0.wp.com\/eltrabajo.cl\/portal\/wp-content\/uploads\/2019\/11\/Emocional_Arnaldo-Canales.jpg?w=579&amp;ssl=1 579w, https:\/\/i0.wp.com\/eltrabajo.cl\/portal\/wp-content\/uploads\/2019\/11\/Emocional_Arnaldo-Canales.jpg?resize=297%2C300&amp;ssl=1 297w, https:\/\/i0.wp.com\/eltrabajo.cl\/portal\/wp-content\/uploads\/2019\/11\/Emocional_Arnaldo-Canales.jpg?resize=149%2C150&amp;ssl=1 149w, https:\/\/i0.wp.com\/eltrabajo.cl\/portal\/wp-content\/uploads\/2019\/11\/Emocional_Arnaldo-Canales.jpg?resize=400%2C403&amp;ssl=1 400w, https:\/\/i0.wp.com\/eltrabajo.cl\/portal\/wp-content\/uploads\/2019\/11\/Emocional_Arnaldo-Canales.jpg?resize=144%2C144&amp;ssl=1 144w\" sizes=\"auto, (max-width: 579px) 100vw, 579px\" \/><figcaption id=\"caption-attachment-95455\" class=\"wp-caption-text\">Arnaldo Ca nales, presidente de Fundaci\u00f3n Liderazgo Chile.<\/figcaption><\/figure>\n","protected":false},"excerpt":{"rendered":"<p>Un profesional impulsor de la Educaci\u00f3n Emocional en Chile es Arnaldo Canales, presidente de Fundaci\u00f3n Liderazgo Chile, quien promueve el proyecto de Ley Emocional, un especialista en este tema que busca que&#8230;<\/p>\n","protected":false},"author":482,"featured_media":95453,"comment_status":"open","ping_status":"open","sticky":false,"template":"","format":"standard","meta":{"advanced_seo_description":"","jetpack_seo_html_title":"","jetpack_seo_noindex":false,"_jetpack_memberships_contains_paid_content":false,"footnotes":""},"categories":[15],"tags":[],"class_list":["post-95452","post","type-post","status-publish","format-standard","has-post-thumbnail","hentry","category-comunidad"],"jetpack_featured_media_url":"https:\/\/i0.wp.com\/eltrabajo.cl\/portal\/wp-content\/uploads\/2019\/11\/Emocional1.jpg?fit=580%2C359&ssl=1","jetpack_sharing_enabled":true,"jetpack_likes_enabled":true,"jetpack-related-posts":[],"_links":{"self":[{"href":"https:\/\/eltrabajo.cl\/portal\/wp-json\/wp\/v2\/posts\/95452","targetHints":{"allow":["GET"]}}],"collection":[{"href":"https:\/\/eltrabajo.cl\/portal\/wp-json\/wp\/v2\/posts"}],"about":[{"href":"https:\/\/eltrabajo.cl\/portal\/wp-json\/wp\/v2\/types\/post"}],"author":[{"embeddable":true,"href":"https:\/\/eltrabajo.cl\/portal\/wp-json\/wp\/v2\/users\/482"}],"replies":[{"embeddable":true,"href":"https:\/\/eltrabajo.cl\/portal\/wp-json\/wp\/v2\/comments?post=95452"}],"version-history":[{"count":0,"href":"https:\/\/eltrabajo.cl\/portal\/wp-json\/wp\/v2\/posts\/95452\/revisions"}],"wp:featuredmedia":[{"embeddable":true,"href":"https:\/\/eltrabajo.cl\/portal\/wp-json\/wp\/v2\/media\/95453"}],"wp:attachment":[{"href":"https:\/\/eltrabajo.cl\/portal\/wp-json\/wp\/v2\/media?parent=95452"}],"wp:term":[{"taxonomy":"category","embeddable":true,"href":"https:\/\/eltrabajo.cl\/portal\/wp-json\/wp\/v2\/categories?post=95452"},{"taxonomy":"post_tag","embeddable":true,"href":"https:\/\/eltrabajo.cl\/portal\/wp-json\/wp\/v2\/tags?post=95452"}],"curies":[{"name":"wp","href":"https:\/\/api.w.org\/{rel}","templated":true}]}}