{"id":95458,"date":"2019-11-19T05:02:39","date_gmt":"2019-11-19T08:02:39","guid":{"rendered":"http:\/\/www.eltrabajo.cl\/portal\/?p=95458"},"modified":"2019-11-18T21:35:00","modified_gmt":"2019-11-19T00:35:00","slug":"este-jueves-regresan-del-sur-los-73-alumnos-del-liceo-cordillera","status":"publish","type":"post","link":"https:\/\/eltrabajo.cl\/portal\/este-jueves-regresan-del-sur-los-73-alumnos-del-liceo-cordillera\/","title":{"rendered":"Este jueves regresan del sur los 73 alumnos del Liceo Cordillera"},"content":{"rendered":"<p>Muy contentos est\u00e1n 73 estudiantes de 4\u00ba medio del Liceo Bicentenario Cordillera de San Felipe, ya que desde el viernes 15 de noviembre salieron rumbo al sur de nuestro pa\u00eds, junto a diez funcionarios del mismo establecimiento. El viaje se desarrolla en el marco de una gira de estudios del Proyecto de Mejoramiento Educativo, que cuando fue presentada por primera vez en 2018, recibi\u00f3 el entero respaldo del alcalde de San Felipe y la jefatura de la Daem, as\u00ed como del Concejo Municipal.<\/p>\n<p>Lo que se busca a trav\u00e9s de dicha actividad es que estos j\u00f3venes, al egresar, puedan resumir todo el aprendizaje recibido respecto a lugares, cultura de nuestro pa\u00eds, manifestaciones culturales y religiosas en otras casas de estudio, vividos durante esta gira, misma que concluir\u00e1 este jueves cuando regresen a San Felipe en horas de la madrugada. Estos j\u00f3venes hoy se encuentran recorriendo Puerto Montt, Chilo\u00e9, Ancud, Castro, Quemchi, Puerto Varas, Huilo Huilo y Caburga, entre muchos otros lugares.<\/p>\n<figure id=\"attachment_95459\" aria-describedby=\"caption-attachment-95459\" style=\"width: 580px\" class=\"wp-caption alignnone\"><img data-recalc-dims=\"1\" loading=\"lazy\" decoding=\"async\" class=\"size-full wp-image-95459\" src=\"https:\/\/i0.wp.com\/www.eltrabajo.cl\/portal\/wp-content\/uploads\/2019\/11\/Gira1.jpg?resize=580%2C360\" alt=\"GIRA DE ESTUDIOS.- Aqu\u00ed vemos esta Postal de los chicos en Castro, disfrutando de esta gira estudiantil que termina este jueves, cuando regresen del sur a nuestra comuna.\" width=\"580\" height=\"360\" srcset=\"https:\/\/i0.wp.com\/eltrabajo.cl\/portal\/wp-content\/uploads\/2019\/11\/Gira1.jpg?w=580&amp;ssl=1 580w, https:\/\/i0.wp.com\/eltrabajo.cl\/portal\/wp-content\/uploads\/2019\/11\/Gira1.jpg?resize=300%2C186&amp;ssl=1 300w, https:\/\/i0.wp.com\/eltrabajo.cl\/portal\/wp-content\/uploads\/2019\/11\/Gira1.jpg?resize=200%2C124&amp;ssl=1 200w, https:\/\/i0.wp.com\/eltrabajo.cl\/portal\/wp-content\/uploads\/2019\/11\/Gira1.jpg?resize=242%2C150&amp;ssl=1 242w, https:\/\/i0.wp.com\/eltrabajo.cl\/portal\/wp-content\/uploads\/2019\/11\/Gira1.jpg?resize=400%2C248&amp;ssl=1 400w\" sizes=\"auto, (max-width: 580px) 100vw, 580px\" \/><figcaption id=\"caption-attachment-95459\" class=\"wp-caption-text\">GIRA DE ESTUDIOS.- Aqu\u00ed vemos esta Postal de los chicos en Castro, disfrutando de esta gira estudiantil que termina este jueves, cuando regresen del sur a nuestra comuna.<\/figcaption><\/figure>\n<figure id=\"attachment_95460\" aria-describedby=\"caption-attachment-95460\" style=\"width: 580px\" class=\"wp-caption alignnone\"><img data-recalc-dims=\"1\" loading=\"lazy\" decoding=\"async\" class=\"size-full wp-image-95460\" src=\"https:\/\/i0.wp.com\/www.eltrabajo.cl\/portal\/wp-content\/uploads\/2019\/11\/Gira2.jpg?resize=580%2C360\" alt=\"TODO NUEVO PARA ELLOS.- Las comidas, folklore, cultura e historia en museos que estos chicos est\u00e1n conociendo, deber\u00e1n reflejarse en res\u00famenes orales y escritos en clases.\" width=\"580\" height=\"360\" srcset=\"https:\/\/i0.wp.com\/eltrabajo.cl\/portal\/wp-content\/uploads\/2019\/11\/Gira2.jpg?w=580&amp;ssl=1 580w, https:\/\/i0.wp.com\/eltrabajo.cl\/portal\/wp-content\/uploads\/2019\/11\/Gira2.jpg?resize=300%2C186&amp;ssl=1 300w, https:\/\/i0.wp.com\/eltrabajo.cl\/portal\/wp-content\/uploads\/2019\/11\/Gira2.jpg?resize=200%2C124&amp;ssl=1 200w, https:\/\/i0.wp.com\/eltrabajo.cl\/portal\/wp-content\/uploads\/2019\/11\/Gira2.jpg?resize=242%2C150&amp;ssl=1 242w, https:\/\/i0.wp.com\/eltrabajo.cl\/portal\/wp-content\/uploads\/2019\/11\/Gira2.jpg?resize=400%2C248&amp;ssl=1 400w\" sizes=\"auto, (max-width: 580px) 100vw, 580px\" \/><figcaption id=\"caption-attachment-95460\" class=\"wp-caption-text\">TODO NUEVO PARA ELLOS.- Las comidas, folklore, cultura e historia en museos que estos chicos est\u00e1n conociendo, deber\u00e1n reflejarse en res\u00famenes orales y escritos en clases.<\/figcaption><\/figure>\n<figure id=\"attachment_95461\" aria-describedby=\"caption-attachment-95461\" style=\"width: 580px\" class=\"wp-caption alignnone\"><img data-recalc-dims=\"1\" loading=\"lazy\" decoding=\"async\" class=\"size-full wp-image-95461\" src=\"https:\/\/i0.wp.com\/www.eltrabajo.cl\/portal\/wp-content\/uploads\/2019\/11\/Gira3.jpg?resize=580%2C359\" alt=\"SIN CURANTO NO HAY PARA\u00cdSO.- El rico Curanto al hoyo es uno de los m\u00edticos manjares que hay que probar cuando viajemos al sur de Chile.\" width=\"580\" height=\"359\" srcset=\"https:\/\/i0.wp.com\/eltrabajo.cl\/portal\/wp-content\/uploads\/2019\/11\/Gira3.jpg?w=580&amp;ssl=1 580w, https:\/\/i0.wp.com\/eltrabajo.cl\/portal\/wp-content\/uploads\/2019\/11\/Gira3.jpg?resize=300%2C186&amp;ssl=1 300w, https:\/\/i0.wp.com\/eltrabajo.cl\/portal\/wp-content\/uploads\/2019\/11\/Gira3.jpg?resize=200%2C124&amp;ssl=1 200w, https:\/\/i0.wp.com\/eltrabajo.cl\/portal\/wp-content\/uploads\/2019\/11\/Gira3.jpg?resize=242%2C150&amp;ssl=1 242w, https:\/\/i0.wp.com\/eltrabajo.cl\/portal\/wp-content\/uploads\/2019\/11\/Gira3.jpg?resize=400%2C248&amp;ssl=1 400w\" sizes=\"auto, (max-width: 580px) 100vw, 580px\" \/><figcaption id=\"caption-attachment-95461\" class=\"wp-caption-text\">SIN CURANTO NO HAY PARA\u00cdSO.- El rico Curanto al hoyo es uno de los m\u00edticos manjares que hay que probar cuando viajemos al sur de Chile.<\/figcaption><\/figure>\n","protected":false},"excerpt":{"rendered":"<p>Muy contentos est\u00e1n 73 estudiantes de 4\u00ba medio del Liceo Bicentenario Cordillera de San Felipe, ya que desde el viernes 15 de noviembre salieron rumbo al sur de nuestro pa\u00eds, junto a&#8230;<\/p>\n","protected":false},"author":482,"featured_media":95459,"comment_status":"open","ping_status":"open","sticky":false,"template":"","format":"standard","meta":{"advanced_seo_description":"","jetpack_seo_html_title":"","jetpack_seo_noindex":false,"_jetpack_memberships_contains_paid_content":false,"footnotes":""},"categories":[15],"tags":[],"class_list":["post-95458","post","type-post","status-publish","format-standard","has-post-thumbnail","hentry","category-comunidad"],"jetpack_featured_media_url":"https:\/\/i0.wp.com\/eltrabajo.cl\/portal\/wp-content\/uploads\/2019\/11\/Gira1.jpg?fit=580%2C360&ssl=1","jetpack_sharing_enabled":true,"jetpack_likes_enabled":true,"jetpack-related-posts":[],"_links":{"self":[{"href":"https:\/\/eltrabajo.cl\/portal\/wp-json\/wp\/v2\/posts\/95458","targetHints":{"allow":["GET"]}}],"collection":[{"href":"https:\/\/eltrabajo.cl\/portal\/wp-json\/wp\/v2\/posts"}],"about":[{"href":"https:\/\/eltrabajo.cl\/portal\/wp-json\/wp\/v2\/types\/post"}],"author":[{"embeddable":true,"href":"https:\/\/eltrabajo.cl\/portal\/wp-json\/wp\/v2\/users\/482"}],"replies":[{"embeddable":true,"href":"https:\/\/eltrabajo.cl\/portal\/wp-json\/wp\/v2\/comments?post=95458"}],"version-history":[{"count":0,"href":"https:\/\/eltrabajo.cl\/portal\/wp-json\/wp\/v2\/posts\/95458\/revisions"}],"wp:featuredmedia":[{"embeddable":true,"href":"https:\/\/eltrabajo.cl\/portal\/wp-json\/wp\/v2\/media\/95459"}],"wp:attachment":[{"href":"https:\/\/eltrabajo.cl\/portal\/wp-json\/wp\/v2\/media?parent=95458"}],"wp:term":[{"taxonomy":"category","embeddable":true,"href":"https:\/\/eltrabajo.cl\/portal\/wp-json\/wp\/v2\/categories?post=95458"},{"taxonomy":"post_tag","embeddable":true,"href":"https:\/\/eltrabajo.cl\/portal\/wp-json\/wp\/v2\/tags?post=95458"}],"curies":[{"name":"wp","href":"https:\/\/api.w.org\/{rel}","templated":true}]}}